{"id":341457,"date":"2026-09-04T16:18:09","date_gmt":"2026-09-04T16:18:09","guid":{"rendered":"https:\/\/www.europesays.com\/fi\/341457\/"},"modified":"2026-09-04T16:18:09","modified_gmt":"2026-09-04T16:18:09","slug":"korjaamot-huolissaan-sahkoautojen-akkujen-korjaamisesta-meppi-pyytaa-euta-puuttumaan-suomen-tulkintaan-kotimaa","status":"publish","type":"post","link":"https:\/\/www.europesays.com\/fi\/341457\/","title":{"rendered":"Korjaamot huolissaan s\u00e4hk\u00f6autojen akkujen korjaamisesta \u2013 meppi pyyt\u00e4\u00e4 EU:ta puuttumaan Suomen tulkintaan | Kotimaa"},"content":{"rendered":"<p class=\"aw__sc-1qwuw0s-0 aw__sc-1vg2sqm-0 epAWpq ecELkD yle__article__paragraph\">Tuoreen viran\u00adomais\u00adohjeen pel\u00e4t\u00e4\u00e4n tekev\u00e4n s\u00e4hk\u00f6\u00adautojen korjaa\u00admisesta l\u00e4hes mahdotonta riippu\u00admatto\u00admille korjaamoille. My\u00f6s Auto\u00adliitto ottaa kantaa s\u00e4\u00e4ntelyyn.<\/p>\n<p><img decoding=\"async\" alt=\"Kuvassa on RKP:t\u00e4 edustava Anna-Maja Henriksson.\" src=\"https:\/\/www.europesays.com\/fi\/wp-content\/uploads\/2026\/09\/1768299498.jpeg\" class=\"aw__sc-dklauk-0 LPzKX\"\/><\/p>\n<p>Avaa kuvien katselu<\/p>\n<p>Anna-Maija Henrikssonin mukaan korjaamoyritt\u00e4jien esitt\u00e4m\u00e4 kritiikki on otettava vakavasti. Kuva: Ilkka Loikkanen \/ Yle<\/p>\n<ul class=\"aw__sc-1yb43iq-0 gFXHv yle__article__list yle__article__list--ul\">\n<li class=\"aw__sc-1yb43iq-1 gVAzbt\">Europarlamentaarikko Anna-Maja Henriksson pyyt\u00e4\u00e4 EU-komissiota arvioimaan Suomen viranomaisohjetta s\u00e4hk\u00f6autojen akkujen korjaamisesta.<\/li>\n<li class=\"aw__sc-1yb43iq-1 gVAzbt\">Autoliiton mukaan ohje vaikeuttaa akkujen korjaamista ja heikent\u00e4\u00e4 k\u00e4ytettyjen s\u00e4hk\u00f6autojen kysynt\u00e4\u00e4 ja arvoa.<\/li>\n<li class=\"aw__sc-1yb43iq-1 gVAzbt\">Suomen tulkinta vaikuttaa kansainv\u00e4lisess\u00e4 vertaillussa tiukalta.<\/li>\n<\/ul>\n<p class=\"aw__sc-1qwuw0s-0 aw__sc-ngllmo-0 epAWpq fzYpjk yle__article__paragraph\">Euroopan parlamentin j\u00e4sen <strong class=\"aw__sc-ngllmo-2 gdRrun yle__article__strong\">Anna-Maja Henriksson<\/strong> (r.) on pyyt\u00e4nyt EU-komissiota arvioimaan Suomen viranomaisohjetta s\u00e4hk\u00f6autojen korjaamisesta.<\/p>\n<p class=\"aw__sc-1qwuw0s-0 aw__sc-ngllmo-0 epAWpq fzYpjk yle__article__paragraph\">Yle kertoi keskiviikkona kokkolalaisen autokorjaajan <strong class=\"aw__sc-ngllmo-2 gdRrun yle__article__strong\">Jesse Haapalan<\/strong> yli 60\u00a0000 nime\u00e4 ker\u00e4nneest\u00e4 kansalaisaloitteesta. Aloite vastustaa Suomen viranomaisten tulkintaa EU:n akkuasetuksesta.<\/p>\n<p class=\"aw__sc-1qwuw0s-0 aw__sc-ngllmo-0 epAWpq fzYpjk yle__article__paragraph\">Haapalan pelko on, ett\u00e4 vioittuneen akun luokitteleminen j\u00e4tteeksi tekee s\u00e4hk\u00f6autojen korjaamisesta l\u00e4hes mahdotonta riippumattomille korjaamoille.<\/p>\n<p><img decoding=\"async\" alt=\"Jesse Haapala katselee s\u00e4hk\u00f6auton akkua.\" src=\"https:\/\/www.europesays.com\/fi\/wp-content\/uploads\/2026\/09\/1788352434.jpeg\" class=\"aw__sc-dklauk-0 LPzKX\"\/><\/p>\n<p class=\"aw__sc-1qwuw0s-0 aw__sc-ngllmo-0 epAWpq fzYpjk yle__article__paragraph\">Henriksson pyyt\u00e4\u00e4 komissiota lis\u00e4ksi selvent\u00e4m\u00e4\u00e4n, miten korjaamoiden mahdollisuudet korjata akkuja ja k\u00e4ytt\u00e4\u00e4 toimivia akkujen osia uudelleen voidaan turvata.<\/p>\n<p class=\"aw__sc-1qwuw0s-0 aw__sc-ngllmo-0 epAWpq fzYpjk yle__article__paragraph\">Henriksson sanoo tiedotteessa, ett\u00e4 toimivia akkuja ja akkujen osia ei pid\u00e4 heitt\u00e4\u00e4 tarpeettomasti pois. P\u00e4invastoin akkujen uudelleenk\u00e4ytt\u00f6\u00e4 olisi edistett\u00e4v\u00e4 ja teht\u00e4v\u00e4 s\u00e4hk\u00f6auton omistamisesta edullisempaa.<\/p>\n<p class=\"aw__sc-1qwuw0s-0 aw__sc-ngllmo-0 epAWpq fzYpjk yle__article__paragraph\">\u2013 Tarvitsemme selke\u00e4t s\u00e4\u00e4nn\u00f6t, jotka mahdollistavat s\u00e4hk\u00f6autojen korjaamisen kohtuulliseen hintaan sek\u00e4 akkujen uudelleenk\u00e4yt\u00f6n silloin, kun se voidaan tehd\u00e4 turvallisesti.<\/p>\n<p class=\"aw__sc-1qwuw0s-0 aw__sc-ngllmo-0 epAWpq fzYpjk yle__article__paragraph\">Komissiolla on kuusi viikkoa aikaa vastata kysymykseen siit\u00e4 l\u00e4htien, kun parlamentin hallinto on toimittanut sen komissiolle.<\/p>\n<p>Viranomaisohje sitoo korjaamisen valmistajan ohjeisiin<\/p>\n<p class=\"aw__sc-1qwuw0s-0 aw__sc-ngllmo-0 epAWpq fzYpjk yle__article__paragraph\">Lupa- ja valvontaviraston, Tukesin ja Traficomin yhteisen ohjeen mukaan ajoneuvon ajoakun kunnostaminen on korjaamista, jos ty\u00f6ss\u00e4 noudatetaan valmistajan ohjeita.<\/p>\n<p class=\"aw__sc-1qwuw0s-0 aw__sc-ngllmo-0 epAWpq fzYpjk yle__article__paragraph\">Ilman valmistajan ohjeita ty\u00f6 voidaan tulkita uudelleenk\u00e4yt\u00f6n valmisteluksi tai uudelleenvalmistukseksi, joihin liittyy selv\u00e4sti tavallista korjaamista enemm\u00e4n velvoitteita.<\/p>\n<p class=\"aw__sc-1qwuw0s-0 aw__sc-ngllmo-0 epAWpq fzYpjk yle__article__paragraph\">Viranomaisohjeessa vaurioituneen akun turvallisuus sidotaan vahvasti valmistajan ohjeisiin. Esimerkiksi vakuutusyhti\u00f6n lunastaman vaurioituneen ajoneuvon ajoakku voidaan ohjeen mukaan katsoa j\u00e4tteeksi, jos korjaamisessa ei noudateta valmistajan ohjeita.<\/p>\n<p class=\"aw__sc-1qwuw0s-0 aw__sc-ngllmo-0 epAWpq fzYpjk yle__article__paragraph\">Autoliiton mukaan viranomaisten tuore ohje uhkaa vaikeuttaa korjaamista ja heikent\u00e4\u00e4 erityisesti k\u00e4ytettyjen s\u00e4hk\u00f6autojen kysynt\u00e4\u00e4 ja arvoa.<\/p>\n<p class=\"aw__sc-1qwuw0s-0 aw__sc-ngllmo-0 epAWpq fzYpjk yle__article__paragraph\">J\u00e4rjest\u00f6 muistuttaa, ett\u00e4 jos korjaamisen rajat m\u00e4\u00e4r\u00e4ytyv\u00e4t valmistajan ohjeiden perusteella, autonvalmistajien on my\u00f6s tarjottava riippumattomille korjaamoille riitt\u00e4v\u00e4t tekniset tiedot ja diagnostiikkamahdollisuudet kohtuullisin ehdoin. Muuten k\u00e4yt\u00e4nn\u00f6ss\u00e4 vain valmistajan oma verkosto pystyy korjaamaan akkuja.<\/p>\n<p class=\"aw__sc-1qwuw0s-0 aw__sc-ngllmo-0 epAWpq fzYpjk yle__article__paragraph\">Turvallisuus ja kuluttajansuoja ovat v\u00e4ltt\u00e4m\u00e4tt\u00f6mi\u00e4, mutta niist\u00e4 ei saa muodostua perusteita kilpailun rajoittamiselle, sanoo Autoliiton toimitusjohtaja <strong class=\"aw__sc-ngllmo-2 gdRrun yle__article__strong\">Pasi Nieminen<\/strong> tiedotteessa.<\/p>\n<p class=\"aw__sc-1qwuw0s-0 aw__sc-ngllmo-0 epAWpq fzYpjk yle__article__paragraph\">\u2013 Kuluttajalla pit\u00e4\u00e4 olla mahdollisuus kilpailuttaa korjausty\u00f6- ja varaosat useamman toimijan v\u00e4lill\u00e4.<\/p>\n<p class=\"aw__sc-1qwuw0s-0 aw__sc-ngllmo-0 epAWpq fzYpjk yle__article__paragraph\">Autoliitto korostaa, ett\u00e4 s\u00e4hk\u00f6auton pit\u00e4\u00e4 olla normaali kestokulutushy\u00f6dyke, jota voidaan huoltaa ja korjata my\u00f6s sen ik\u00e4\u00e4ntyess\u00e4.<\/p>\n<p>Suomen tulkinta tiukka kansainv\u00e4lisess\u00e4 vertailussa<\/p>\n<p class=\"aw__sc-1qwuw0s-0 aw__sc-ngllmo-0 epAWpq fzYpjk yle__article__paragraph\">Suomen tulkinta vaikuttaa kansainv\u00e4lisess\u00e4 vertailussa tiukalta.<\/p>\n<p class=\"aw__sc-1qwuw0s-0 aw__sc-ngllmo-0 epAWpq fzYpjk yle__article__paragraph\">Autoliiton mukaan esimerkiksi Saksassa tai Ruotsissa ei ole vastaavaa julkista viranomaisohjetta, jossa valmistajan korjausohjeiden puuttuminen johtaisi n\u00e4in suoraan akun luokitteluun j\u00e4tteeksi.<\/p>\n<p class=\"aw__sc-1qwuw0s-0 aw__sc-ngllmo-0 epAWpq fzYpjk yle__article__paragraph\">\u2013 Suomen ei pid\u00e4 tehd\u00e4 s\u00e4hk\u00f6autojen korjaamisesta kansallisella tulkinnalla vaikeampaa kuin EU-lains\u00e4\u00e4d\u00e4nt\u00f6 edellytt\u00e4\u00e4. Viranomaisten on ratkaistava ep\u00e4selv\u00e4t rajanvedot eik\u00e4 siirrett\u00e4v\u00e4 tulkintariski\u00e4 yksitt\u00e4isille korjaamoille, Autoliiton Nieminen sanoo.<\/p>\n","protected":false},"excerpt":{"rendered":"Tuoreen viran\u00adomais\u00adohjeen pel\u00e4t\u00e4\u00e4n tekev\u00e4n s\u00e4hk\u00f6\u00adautojen korjaa\u00admisesta l\u00e4hes mahdotonta riippu\u00admatto\u00admille korjaamoille. My\u00f6s Auto\u00adliitto ottaa kantaa s\u00e4\u00e4ntelyyn. Avaa kuvien katselu&hellip;\n","protected":false},"author":2,"featured_media":341458,"comment_status":"","ping_status":"","sticky":false,"template":"","format":"standard","meta":{"footnotes":"","_share_on_mastodon":"0"},"categories":[5],"tags":[41865,42101,648,22,23,1377,26,27,33,31,30,17,451,71,24,25,1161,28,29,15,18,21,449,11646,10442,2037,32,19,20,16],"class_list":["post-341457","post","type-post","status-publish","format-standard","has-post-thumbnail","category-otsikot","tag-autojen-korjaus","tag-autoliitto","tag-autot","tag-breaking-news","tag-breakingnews","tag-etela-pohjanmaa","tag-featured-news","tag-featurednews","tag-fi","tag-finland","tag-finnish","tag-headlines","tag-keski-pohjanmaa","tag-kotimaa","tag-latest-news","tag-latestnews","tag-liikenne","tag-main-news","tag-mainnews","tag-news","tag-otsikot","tag-paauutiset","tag-pohjanmaa","tag-sahko-ja-hybridiajoneuvot","tag-sahkoauton-akku","tag-sahkoautot","tag-suomi","tag-top-stories","tag-topstories","tag-uutiset"],"share_on_mastodon":{"url":"https:\/\/pubeurope.com\/@fi\/117213679563013256","error":""},"_links":{"self":[{"href":"https:\/\/www.europesays.com\/fi\/wp-json\/wp\/v2\/posts\/341457","targetHints":{"allow":["GET"]}}],"collection":[{"href":"https:\/\/www.europesays.com\/fi\/wp-json\/wp\/v2\/posts"}],"about":[{"href":"https:\/\/www.europesays.com\/fi\/wp-json\/wp\/v2\/types\/post"}],"author":[{"embeddable":true,"href":"https:\/\/www.europesays.com\/fi\/wp-json\/wp\/v2\/users\/2"}],"replies":[{"embeddable":true,"href":"https:\/\/www.europesays.com\/fi\/wp-json\/wp\/v2\/comments?post=341457"}],"version-history":[{"count":0,"href":"https:\/\/www.europesays.com\/fi\/wp-json\/wp\/v2\/posts\/341457\/revisions"}],"wp:featuredmedia":[{"embeddable":true,"href":"https:\/\/www.europesays.com\/fi\/wp-json\/wp\/v2\/media\/341458"}],"wp:attachment":[{"href":"https:\/\/www.europesays.com\/fi\/wp-json\/wp\/v2\/media?parent=341457"}],"wp:term":[{"taxonomy":"category","embeddable":true,"href":"https:\/\/www.europesays.com\/fi\/wp-json\/wp\/v2\/categories?post=341457"},{"taxonomy":"post_tag","embeddable":true,"href":"https:\/\/www.europesays.com\/fi\/wp-json\/wp\/v2\/tags?post=341457"}],"curies":[{"name":"wp","href":"https:\/\/api.w.org\/{rel}","templated":true}]}}