{"id":341493,"date":"2026-09-04T17:30:15","date_gmt":"2026-09-04T17:30:15","guid":{"rendered":"https:\/\/www.europesays.com\/fi\/341493\/"},"modified":"2026-09-04T17:30:15","modified_gmt":"2026-09-04T17:30:15","slug":"lapualla-tehtiin-uusia-kylalauluja-miljoonasateen-heikki-salon-johdolla-etela-pohjanmaa","status":"publish","type":"post","link":"https:\/\/www.europesays.com\/fi\/341493\/","title":{"rendered":"Lapualla tehtiin uusia kyl\u00e4lauluja Miljoonasateen Heikki Salon johdolla | Etel\u00e4-Pohjanmaa"},"content":{"rendered":"<p class=\"aw__sc-1qwuw0s-0 aw__sc-1vg2sqm-0 epAWpq ecELkD yle__article__paragraph\">L\u00e4hes pystymets\u00e4st\u00e4 olevat tekij\u00e4t s\u00e4velsiv\u00e4t ja sanoittivat 14 uutta laulua Lapualta ja sen liepeilt\u00e4.<\/p>\n<p><img decoding=\"async\" alt=\"Viisi ihmist\u00e4 musisoi n\u00e4ytt\u00e4m\u00f6ll\u00e4 kosketinsoittajan ymp\u00e4rill\u00e4. Nainen soittaa haitaria ja lippalakkip\u00e4inen mies akustista kitaraa.\" src=\"https:\/\/www.europesays.com\/fi\/wp-content\/uploads\/2026\/09\/1788529151.jpeg\" class=\"aw__sc-dklauk-0 LPzKX\"\/><\/p>\n<p>Avaa kuvien katselu<\/p>\n<p>Kyl\u00e4lauluja hersyttiv\u00e4t s\u00e4velt\u00e4j\u00e4-lauluntekij\u00e4 Tuija Rantalainen (vas.) ja lauluntekij\u00e4 Heikki Salo. Opissa olivat Susanna M\u00e4kitalo, Arttu Nikkari ja Veli-Matti Uusipaikka (koskettimissa). Kuva: Birgitta Vuorela \/ Yle<\/p>\n<ul class=\"aw__sc-1yb43iq-0 gFXHv yle__article__list yle__article__list--ul\">\n<li class=\"aw__sc-1yb43iq-1 gVAzbt\">Lapuan Tiistenjoella on s\u00e4velletty 14 uutta kyl\u00e4laulua. Ne esitettiin perjantaina.<\/li>\n<li class=\"aw__sc-1yb43iq-1 gVAzbt\">Tekij\u00e4t olivat p\u00e4\u00e4osin kokemattomia eri puolilta Etel\u00e4-Pohjanmaata. Pajoihin haki toistasataa ihmist\u00e4.<\/li>\n<li class=\"aw__sc-1yb43iq-1 gVAzbt\">Tavoite on el\u00e4v\u00f6itt\u00e4\u00e4 kylien el\u00e4m\u00e4\u00e4 ja kertoa niiden tarinoita.<\/li>\n<li class=\"aw__sc-1yb43iq-1 gVAzbt\">Lauluntekij\u00e4t Heikki Salo ja Tuija Rantalainen vetiv\u00e4t pajoja. Konseptia halutaan laajentaa muihin Suomen kyliin.<\/li>\n<\/ul>\n<p class=\"aw__sc-1qwuw0s-0 aw__sc-ngllmo-0 epAWpq fzYpjk yle__article__paragraph\">Lapuan Tiistenjoella, keskell\u00e4 Etel\u00e4-Pohjanmaata, on s\u00e4velletty ja sanoitettu 14 uutta kyl\u00e4laulua.<\/p>\n<p class=\"aw__sc-1qwuw0s-0 aw__sc-ngllmo-0 epAWpq fzYpjk yle__article__paragraph\">Tarkoitus on ollut el\u00e4v\u00f6itt\u00e4\u00e4 kylien el\u00e4m\u00e4\u00e4 ja kertoa niiden tarinoita.<\/p>\n<p class=\"aw__sc-1qwuw0s-0 aw__sc-ngllmo-0 epAWpq fzYpjk yle__article__paragraph\">Suurelta osin asialla ovat olleet untuvikot musiikintekij\u00e4t, joilla ei ollut aiempaa kokemusta laulunteosta. Rima osallistumiseen oli osin korkealla, vaikka p\u00f6yt\u00e4laatikkorunoja olisi takataskussa ollutkin.<\/p>\n<p class=\"aw__sc-1qwuw0s-0 aw__sc-ngllmo-0 epAWpq fzYpjk yle__article__paragraph\">\u2013 Kynnyst\u00e4 oli jonkin verran ja meinasin l\u00e4hte\u00e4 pois, kun olin jo k\u00e4vellyt sis\u00e4lle, tunnusti Lapuan M\u00e4nnik\u00f6n kyl\u00e4lt\u00e4 oleva <strong class=\"aw__sc-ngllmo-2 gdRrun yle__article__strong\">Arttu Nikkari<\/strong>.<\/p>\n<p class=\"aw__sc-1qwuw0s-0 aw__sc-ngllmo-0 epAWpq fzYpjk yle__article__paragraph\">Laulujen aiheet ovat p\u00e4\u00e4osin nykyp\u00e4iv\u00e4st\u00e4 ja osin universaaleja. Kyl\u00e4laulut k\u00e4sittelev\u00e4t esimerkiksi rakkautta, yksin j\u00e4\u00e4misen tunnetta ja ulkopuolisuutta.<\/p>\n<p class=\"aw__sc-1qwuw0s-0 aw__sc-ngllmo-0 epAWpq fzYpjk yle__article__paragraph\">Musiikkilajeissakin riitt\u00e4\u00e4: on punkia, bluesia, rappia ja laulelmaa, muiden muassa.<\/p>\n<p><img decoding=\"async\" alt=\"Silm\u00e4lasip\u00e4inen mies punaisessa paidassa soittaa akustista kitaraa, taustallaan n\u00e4ytt\u00e4m\u00f6ll\u00e4 oleva mets\u00e4maisema.\" src=\"https:\/\/www.europesays.com\/fi\/wp-content\/uploads\/2026\/09\/1788536791.jpeg\" loading=\"lazy\" class=\"aw__sc-dklauk-0 LPzKX\"\/><\/p>\n<p>Avaa kuvien katselu<\/p>\n<p>Lapualaisella Asko Peltolalla oli jo laulun raakile olemassa. Laulupajassa rakas Tiistenjoki sai oman folkinsa. Kuva: Birgitta Vuorela \/ YleLauluntekij\u00f6it\u00e4 vaikka s\u00e4hk\u00f6tolpasta<\/p>\n<p class=\"aw__sc-1qwuw0s-0 aw__sc-ngllmo-0 epAWpq fzYpjk yle__article__paragraph\">Pajoja ovat vet\u00e4neet Lapuan Ruhasta kotoisin oleva lauluntekij\u00e4, Miljoonasateen <strong class=\"aw__sc-ngllmo-2 gdRrun yle__article__strong\">Heikki Salo<\/strong> sek\u00e4 ruokolahtelainen s\u00e4velt\u00e4j\u00e4-lauluntekij\u00e4 <strong class=\"aw__sc-ngllmo-2 gdRrun yle__article__strong\">Tuija Rantalainen.<\/strong> He ovat ohjanneet vastaavia laulupajoja jo noin kymmenen vuoden ajan.<\/p>\n<p class=\"aw__sc-1qwuw0s-0 aw__sc-ngllmo-0 epAWpq fzYpjk yle__article__paragraph\">Uutta heillekin oli se, ett\u00e4 laulujen piti t\u00e4ll\u00e4 kertaa liitty\u00e4 jollain tapaa kyliin. Sanoituksissa kipuiltiin esimerkiksi sit\u00e4, asuako kaupungissa vai maalla.<\/p>\n<p class=\"aw__sc-1qwuw0s-0 aw__sc-ngllmo-0 epAWpq fzYpjk yle__article__paragraph\">\u2013 Monissa lauluissa on p\u00e4\u00e4dytty siihen, ett\u00e4 on varteenotettava vaihtoehto, ett\u00e4 asuukin pienemm\u00e4ss\u00e4 kyl\u00e4ss\u00e4, Rantalainen sanoo.<\/p>\n<p class=\"aw__sc-1qwuw0s-0 aw__sc-ngllmo-0 epAWpq fzYpjk yle__article__paragraph\">Sit\u00e4, ett\u00e4 asialla ovat olleet aika kokemattomat lauluntekij\u00e4t, ei valmentajien mukaan huomaa \u2013 niin monenlaisia lauluja on saatu aikaan.<\/p>\n<p class=\"aw__sc-1qwuw0s-0 aw__sc-ngllmo-0 epAWpq fzYpjk yle__article__paragraph\">\u2013 Meid\u00e4n konsepti on sellainen, ett\u00e4 otamme tekij\u00e4t k\u00e4sikynkk\u00e4\u00e4n. Joitakin autetaan enemm\u00e4n, joitakin v\u00e4hemm\u00e4n. Joitain ei tarvitse kuin potkaista persuuksille, Salo myh\u00e4ilee.<\/p>\n<p class=\"aw__sc-1qwuw0s-0 aw__sc-ngllmo-0 epAWpq fzYpjk yle__article__paragraph\">\u2013 Joskus rehentelen, ett\u00e4 me saadaan vaikka s\u00e4hk\u00f6tolppa tekem\u00e4\u00e4n laulun, h\u00e4n velmuilee.<\/p>\n<p class=\"aw__sc-1qwuw0s-0 aw__sc-ngllmo-0 epAWpq fzYpjk yle__article__paragraph\"><strong class=\"aw__sc-ngllmo-2 gdRrun yle__article__strong\">Heikki Salo kertoo videolla etel\u00e4pohjalaisten p\u00e4\u00e4sseen laulupajoissa elementtiins\u00e4:<\/strong><\/p>\n<p>Video: Birgitta Vuorela \/ YleLapuan Honkim\u00e4elt\u00e4 Tiistenjoelle<\/p>\n<p class=\"aw__sc-1qwuw0s-0 aw__sc-ngllmo-0 epAWpq fzYpjk yle__article__paragraph\">Kyl\u00e4lauluja on tehnyt joukko etel\u00e4pohjalaisia, jotka ovat kotoisin Lapualta, Alaj\u00e4rvelt\u00e4, Kauhavalta ja Ilmajoelta. Palo lauluntekoon oli monella kova, sill\u00e4 laulupajoihin haki toistasataa suomalaista Inaria my\u00f6den.<\/p>\n<p class=\"aw__sc-1qwuw0s-0 aw__sc-ngllmo-0 epAWpq fzYpjk yle__article__paragraph\">Lopulta valituksi tuli 14 onnekasta. Heist\u00e4 jokainen on tehnyt oman laulunsa.<\/p>\n<p class=\"aw__sc-1qwuw0s-0 aw__sc-ngllmo-0 epAWpq fzYpjk yle__article__paragraph\"><strong class=\"aw__sc-ngllmo-2 gdRrun yle__article__strong\">Veli-Matti Uusipaikka ja Asko Peltola kertovat videolla laulujensa taustoista.<\/strong><\/p>\n<p>Video: Birgitta Vuorela<\/p>\n<p class=\"aw__sc-1qwuw0s-0 aw__sc-ngllmo-0 epAWpq fzYpjk yle__article__paragraph\">Alaj\u00e4rven Menkij\u00e4rven kyl\u00e4ll\u00e4 asuva <strong class=\"aw__sc-ngllmo-2 gdRrun yle__article__strong\">Susanna M\u00e4kitalo<\/strong> tunnustaa, ett\u00e4 punk-biisin aihe on omakohtainen.<\/p>\n<p class=\"aw__sc-1qwuw0s-0 aw__sc-ngllmo-0 epAWpq fzYpjk yle__article__paragraph\">\u2013 Olen muualta Menkij\u00e4rvelle muuttanut ja taistellut sit\u00e4 vastaan, haluanko sinne muuttaa. Aluksi se oli minulle kuollut kyl\u00e4, mutta nyt siit\u00e4 on tullut kotikyl\u00e4 ja t\u00e4rke\u00e4 paikka.<\/p>\n<p class=\"aw__sc-1qwuw0s-0 aw__sc-ngllmo-0 epAWpq fzYpjk yle__article__paragraph\">Laulut syntyiv\u00e4t Kyl\u00e4 kantaa -ty\u00f6pajoissa, joihin oli saatu 14\u00a0000 euron apuraha Etel\u00e4-Pohjanmaan kulttuurirahastosta.<\/p>\n<p class=\"aw__sc-1qwuw0s-0 aw__sc-ngllmo-0 epAWpq fzYpjk yle__article__paragraph\">Tavoitteena on, ett\u00e4 kyl\u00e4lauluja voitaisiin tehd\u00e4 tulevaisuudessa samaan tyyliin my\u00f6s muissa Suomen kyliss\u00e4.<\/p>\n<p class=\"aw__sc-1qwuw0s-0 aw__sc-ngllmo-0 epAWpq fzYpjk yle__article__paragraph\">Valmiit laulut esitettiin ensi kertaa perjantaina Syd\u00e4nkylien Elojuhlassa Lapuan Tiistenjoen nuorisoseuralla.<\/p>\n","protected":false},"excerpt":{"rendered":"L\u00e4hes pystymets\u00e4st\u00e4 olevat tekij\u00e4t s\u00e4velsiv\u00e4t ja sanoittivat 14 uutta laulua Lapualta ja sen liepeilt\u00e4. Avaa kuvien katselu Kyl\u00e4lauluja&hellip;\n","protected":false},"author":2,"featured_media":341494,"comment_status":"","ping_status":"","sticky":false,"template":"","format":"standard","meta":{"footnotes":"","_share_on_mastodon":"0"},"categories":[130],"tags":[11083,137,1377,33,31,30,28778,71,108,18246,6309,4577,47,32,109],"class_list":["post-341493","post","type-post","status-publish","format-standard","has-post-thumbnail","category-viihde","tag-alajarvi","tag-entertainment","tag-etela-pohjanmaa","tag-fi","tag-finland","tag-finnish","tag-heikki-salo","tag-kotimaa","tag-kulttuuri","tag-kylat","tag-kylatoiminta","tag-lapua","tag-musiikki","tag-suomi","tag-viihde"],"share_on_mastodon":{"url":"https:\/\/pubeurope.com\/@fi\/117213962710965370","error":""},"_links":{"self":[{"href":"https:\/\/www.europesays.com\/fi\/wp-json\/wp\/v2\/posts\/341493","targetHints":{"allow":["GET"]}}],"collection":[{"href":"https:\/\/www.europesays.com\/fi\/wp-json\/wp\/v2\/posts"}],"about":[{"href":"https:\/\/www.europesays.com\/fi\/wp-json\/wp\/v2\/types\/post"}],"author":[{"embeddable":true,"href":"https:\/\/www.europesays.com\/fi\/wp-json\/wp\/v2\/users\/2"}],"replies":[{"embeddable":true,"href":"https:\/\/www.europesays.com\/fi\/wp-json\/wp\/v2\/comments?post=341493"}],"version-history":[{"count":0,"href":"https:\/\/www.europesays.com\/fi\/wp-json\/wp\/v2\/posts\/341493\/revisions"}],"wp:featuredmedia":[{"embeddable":true,"href":"https:\/\/www.europesays.com\/fi\/wp-json\/wp\/v2\/media\/341494"}],"wp:attachment":[{"href":"https:\/\/www.europesays.com\/fi\/wp-json\/wp\/v2\/media?parent=341493"}],"wp:term":[{"taxonomy":"category","embeddable":true,"href":"https:\/\/www.europesays.com\/fi\/wp-json\/wp\/v2\/categories?post=341493"},{"taxonomy":"post_tag","embeddable":true,"href":"https:\/\/www.europesays.com\/fi\/wp-json\/wp\/v2\/tags?post=341493"}],"curies":[{"name":"wp","href":"https:\/\/api.w.org\/{rel}","templated":true}]}}