{"id":341497,"date":"2026-09-04T17:34:14","date_gmt":"2026-09-04T17:34:14","guid":{"rendered":"https:\/\/www.europesays.com\/fi\/341497\/"},"modified":"2026-09-04T17:34:14","modified_gmt":"2026-09-04T17:34:14","slug":"kadonnutta-lasta-etsinyt-poliisi-ampui-aasinvarsan-omistajat-shokissa-han-oli-vasta-vauva","status":"publish","type":"post","link":"https:\/\/www.europesays.com\/fi\/341497\/","title":{"rendered":"Kadonnutta lasta etsinyt poliisi ampui aasinvarsan \u2013 omistajat shokissa: &#8221;H\u00e4n oli vasta vauva&#8221;"},"content":{"rendered":"<p class=\"wp-block-paragraph\">Yhdysvaltain Georgiassa sattui elokuun lopussa j\u00e4rkytt\u00e4v\u00e4 tapahtumasarja, jonka p\u00e4\u00e4tteeksi <strong>Hannah Israelin<\/strong> perheen lemmikkiaasi HeeHaw kuoli.<\/p>\n<p class=\"wp-block-paragraph\"><a href=\"https:\/\/www.foxcarolina.com\/2026\/09\/01\/he-should-not-be-dead-family-demands-answers-after-beloved-baby-donkey-shot-killed-by-police\/\" target=\"_blank\" rel=\"noreferrer noopener nofollow\">Fox<\/a> kertoo kadonnutta lasta etsim\u00e4ss\u00e4 olleen poliisin saapuneen Israelin pihaan ja ampuneen HeeHaw\u2019n laitumelleen.<\/p>\n<p>Lue my\u00f6s: <a href=\"https:\/\/www.voice.fi\/ilmiot\/nainen-lahetteli-lapselle-sopimatonta-kuvamateriaalia-ja-ehdotteli-oikeus-ei-katsonut-hyvalla\" title=\"Nainen l\u00e4hetteli lapselle sopimatonta kuvamateriaalia ja ehdotteli \u2013 oikeus ei katsonut hyv\u00e4ll\u00e4\" class=\"underline-custom !font-heading !font-bold !underline-offset-4 !decoration-4 !decoration-accent !text-md\" rel=\"nofollow noopener\" target=\"_blank\">Nainen l\u00e4hetteli lapselle sopimatonta kuvamateriaalia ja ehdotteli \u2013 oikeus ei katsonut hyv\u00e4ll\u00e4<\/a><\/p>\n<p>Lue my\u00f6s: <a href=\"https:\/\/www.voice.fi\/ilmiot\/lapsen-kanssa-avioituneen-miehen-tuomio-koveni-turun-hovioikeudessa\" title=\"Lapsen kanssa avioituneen miehen tuomio koveni Turun hovioikeudessa\" class=\"underline-custom !font-heading !font-bold !underline-offset-4 !decoration-4 !decoration-accent !text-md\" rel=\"nofollow noopener\" target=\"_blank\">Lapsen kanssa avioituneen miehen tuomio koveni Turun hovioikeudessa<\/a><\/p>\n<p class=\"wp-block-paragraph\">Foxin mukaan poliisit olivat ensin yritt\u00e4neet osua aasiin et\u00e4lamauttimella, koska se juoksi heit\u00e4 kohti ja hirnui.<\/p>\n<p class=\"wp-block-paragraph\">Omistajan mukaan HeeHaw tervehti ihmisi\u00e4 kuvatulla tavalla.<\/p>\n<p class=\"wp-block-paragraph\">\u2013 Niin aasit tekev\u00e4t. Sellaisia ne ovat.<\/p>\n<p class=\"wp-block-paragraph\">HeeHaw oli vasta t\u00e4ytt\u00e4nyt vuoden. Israel kertoo kasvattaneensa sen pulloruokinnalla sis\u00e4ll\u00e4 kodissaan.<\/p>\n<p>Lue my\u00f6s: <a href=\"https:\/\/www.voice.fi\/ilmiot\/kanta-hameessa-kasvaa-huolestuttava-ilmio-voi-johtaa-akilliseen-kuolemaan\" title=\"Kanta-H\u00e4meess\u00e4 kasvaa huolestuttava ilmi\u00f6: \u201dVoi johtaa \u00e4killiseen kuolemaan\u201d\" class=\"underline-custom !font-heading !font-bold !underline-offset-4 !decoration-4 !decoration-accent !text-md\" rel=\"nofollow noopener\" target=\"_blank\">Kanta-H\u00e4meess\u00e4 kasvaa huolestuttava ilmi\u00f6: \u201dVoi johtaa \u00e4killiseen kuolemaan\u201d<\/a><\/p>\n<p>Lue my\u00f6s: <a href=\"https:\/\/www.voice.fi\/ilmiot\/uudessa-muumimukissa-kohtaavat-muumipeikko-ja-morko\" title=\"Uudessa muumimukissa kohtaavat Muumipeikko ja M\u00f6rk\u00f6\" class=\"underline-custom !font-heading !font-bold !underline-offset-4 !decoration-4 !decoration-accent !text-md\" rel=\"nofollow noopener\" target=\"_blank\">Uudessa muumimukissa kohtaavat Muumipeikko ja M\u00f6rk\u00f6<\/a><\/p>\n<p class=\"wp-block-paragraph\">\u2013 H\u00e4n oli vasta vauva. H\u00e4n oli pikkuiseni, kuin lapseni. H\u00e4n seurasi minua kaikkialle kuin koira.<\/p>\n<p class=\"wp-block-paragraph\">HeeHaw osallistui tapahtumiin, joissa ihmiset p\u00e4\u00e4siv\u00e4t silitt\u00e4m\u00e4\u00e4n el\u00e4imi\u00e4 ja omistajansa mukaan se rakasti kaikkia.<\/p>\n<p class=\"wp-block-paragraph\">Israel kertoo, ettei kuullut laukauksia vaan her\u00e4si poliisin soittoon varttia vaille yksi aamuy\u00f6ll\u00e4.<\/p>\n<p class=\"wp-block-paragraph\">Nyt Israel ja h\u00e4nen perheens\u00e4 haluavat vastauksia ja kyseenalaistavat sen, kuinka poliisi ylip\u00e4\u00e4t\u00e4\u00e4n p\u00e4\u00e4tyi heid\u00e4n mailleen. Perhe on palkannut lakimiehen ja aikoo edet\u00e4 oikeusteitse.<\/p>\n<p class=\"wp-block-paragraph\">\u2013 Olemme eritt\u00e4in traumatisoituneita ja shokissa.<\/p>\n","protected":false},"excerpt":{"rendered":"Yhdysvaltain Georgiassa sattui elokuun lopussa j\u00e4rkytt\u00e4v\u00e4 tapahtumasarja, jonka p\u00e4\u00e4tteeksi Hannah Israelin perheen lemmikkiaasi HeeHaw kuoli. Fox kertoo kadonnutta&hellip;\n","protected":false},"author":2,"featured_media":341498,"comment_status":"","ping_status":"","sticky":false,"template":"","format":"standard","meta":{"footnotes":"","_share_on_mastodon":"0"},"categories":[14],"tags":[35309,42108,22,23,26,27,33,31,30,17,24,25,28,29,15,18,21,52,32,19,20,56,16,59,60,61],"class_list":["post-341497","post","type-post","status-publish","format-standard","has-post-thumbnail","category-ulkomaat","tag-aasi","tag-aasinvarsa","tag-breaking-news","tag-breakingnews","tag-featured-news","tag-featurednews","tag-fi","tag-finland","tag-finnish","tag-headlines","tag-latest-news","tag-latestnews","tag-main-news","tag-mainnews","tag-news","tag-otsikot","tag-paauutiset","tag-poliisi","tag-suomi","tag-top-stories","tag-topstories","tag-ulkomaat","tag-uutiset","tag-world","tag-world-news","tag-worldnews"],"share_on_mastodon":{"url":"https:\/\/pubeurope.com\/@fi\/117213978216501322","error":""},"_links":{"self":[{"href":"https:\/\/www.europesays.com\/fi\/wp-json\/wp\/v2\/posts\/341497","targetHints":{"allow":["GET"]}}],"collection":[{"href":"https:\/\/www.europesays.com\/fi\/wp-json\/wp\/v2\/posts"}],"about":[{"href":"https:\/\/www.europesays.com\/fi\/wp-json\/wp\/v2\/types\/post"}],"author":[{"embeddable":true,"href":"https:\/\/www.europesays.com\/fi\/wp-json\/wp\/v2\/users\/2"}],"replies":[{"embeddable":true,"href":"https:\/\/www.europesays.com\/fi\/wp-json\/wp\/v2\/comments?post=341497"}],"version-history":[{"count":0,"href":"https:\/\/www.europesays.com\/fi\/wp-json\/wp\/v2\/posts\/341497\/revisions"}],"wp:featuredmedia":[{"embeddable":true,"href":"https:\/\/www.europesays.com\/fi\/wp-json\/wp\/v2\/media\/341498"}],"wp:attachment":[{"href":"https:\/\/www.europesays.com\/fi\/wp-json\/wp\/v2\/media?parent=341497"}],"wp:term":[{"taxonomy":"category","embeddable":true,"href":"https:\/\/www.europesays.com\/fi\/wp-json\/wp\/v2\/categories?post=341497"},{"taxonomy":"post_tag","embeddable":true,"href":"https:\/\/www.europesays.com\/fi\/wp-json\/wp\/v2\/tags?post=341497"}],"curies":[{"name":"wp","href":"https:\/\/api.w.org\/{rel}","templated":true}]}}