{"id":341519,"date":"2026-09-04T18:20:15","date_gmt":"2026-09-04T18:20:15","guid":{"rendered":"https:\/\/www.europesays.com\/fi\/341519\/"},"modified":"2026-09-04T18:20:15","modified_gmt":"2026-09-04T18:20:15","slug":"kainuulaiset-vauvat-saavat-taas-rs-viruksen-estolaaketta-viime-kaudella-ei-yhtaan-sairaalahoitoa-vaativaa-tapausta-kainuu","status":"publish","type":"post","link":"https:\/\/www.europesays.com\/fi\/341519\/","title":{"rendered":"Kainuulaiset vauvat saavat taas RS-viruksen estol\u00e4\u00e4kett\u00e4 \u2013 viime kaudella ei yht\u00e4\u00e4n sairaalahoitoa vaativaa tapausta | Kainuu"},"content":{"rendered":"<p class=\"aw__sc-1qwuw0s-0 aw__sc-1vg2sqm-0 epAWpq ecELkD yle__article__paragraph\">Viime epidemia\u00adkaudella estol\u00e4\u00e4kityksen kattavuus oli Kainuussa noin 90 prosenttia.<\/p>\n<p><img decoding=\"async\" alt=\"Vauva \u00e4itin syliss\u00e4\" src=\"https:\/\/www.europesays.com\/fi\/wp-content\/uploads\/2026\/09\/1716539171.jpeg\" class=\"aw__sc-dklauk-0 LPzKX\"\/><\/p>\n<p>Avaa kuvien katselu<\/p>\n<p>Kainuussa estol\u00e4\u00e4kityst\u00e4 tarjotaan kaikille syntyville lapsille synnytyssairaalassa ja tarvittaessa my\u00f6hemmin neuvolak\u00e4ynnill\u00e4. Kuva: Jarkko Riikonen \/ Yle<\/p>\n<p class=\"aw__sc-1qwuw0s-0 aw__sc-ngllmo-0 epAWpq fzYpjk yle__article__paragraph\">Kainuun hyvinvointialue on aloittanut vastasyntyneille ja vauvoille tarkoitetun estol\u00e4\u00e4kityksen RS-virusta vastaan tulevalle epidemiakaudelle.<\/p>\n<p class=\"aw__sc-1qwuw0s-0 aw__sc-ngllmo-0 epAWpq fzYpjk yle__article__paragraph\">RS-virus on yleisin pienten lasten sairaalahoitoon johtava hengitystieinfektioiden aiheuttaja maailmanlaajuisesti. Viruksen tavallisia oireita ovat nuha, ysk\u00e4, kuume, limaisuus sek\u00e4 vaikeutunut hengitys.<\/p>\n<p class=\"aw__sc-1qwuw0s-0 aw__sc-ngllmo-0 epAWpq fzYpjk yle__article__paragraph\">Estol\u00e4\u00e4ke annetaan yhten\u00e4 pistoksena lihakseen ja se tarjoaa suojan koko talven epidemiakaudeksi.<\/p>\n<p class=\"aw__sc-1qwuw0s-0 aw__sc-ngllmo-0 epAWpq fzYpjk yle__article__paragraph\">\u2013 Viime epidemiakaudella vasta-aineen saaneilla vauvoilla ei esiintynyt sairaalahoitoa vaativaa RSV-infektiota ollenkaan, kertoo Kainuun keskussairaalan lastentautien apulaisylil\u00e4\u00e4k\u00e4ri <strong class=\"aw__sc-ngllmo-2 gdRrun yle__article__strong\">Paavo Nokelainen<\/strong> tiedotteessa.<\/p>\n<p class=\"aw__sc-1qwuw0s-0 aw__sc-ngllmo-0 epAWpq fzYpjk yle__article__paragraph\">Nokelaisen mukaan viime kaudella estol\u00e4\u00e4kityksen kattavuus oli Kainuussa valtakunnallisella tasolla ollen noin 90 prosenttia.<\/p>\n<p class=\"aw__sc-1qwuw0s-0 aw__sc-ngllmo-0 epAWpq fzYpjk yle__article__paragraph\">Vakavan RSV-infektion ja siit\u00e4 johtuvan sairaalahoidon riski on suurimmillaan alle kolmen kuukauden ik\u00e4isill\u00e4 lapsilla, joista noin 15 prosenttia tarvitsee tehohoitoa sairaalajakson aikana. L\u00e4\u00e4kityksen tavoitteena on ehk\u00e4ist\u00e4 suurin osa RSV:n aiheuttamasta imev\u00e4isik\u00e4isten sairaalahoidosta.<\/p>\n<p class=\"aw__sc-1qwuw0s-0 aw__sc-ngllmo-0 epAWpq fzYpjk yle__article__paragraph\">RSV-infektion ehk\u00e4isemiseksi on kehitetty pitk\u00e4vaikutteinen vasta-aine nirsevimabi ja klesrovimabi. Kainuussa estol\u00e4\u00e4kityst\u00e4 tarjotaan syyskuun alusta alkaen epidemiatilanteen mukaan kaikille syntyville lapsille synnytyssairaalassa ja tarvittaessa my\u00f6hemmin neuvolak\u00e4ynnill\u00e4.<\/p>\n<p class=\"aw__sc-1qwuw0s-0 aw__sc-ngllmo-0 epAWpq fzYpjk yle__article__paragraph\">Lis\u00e4ksi vasta-aineen saa neuvolasta vaikean RSV-infektion riskiryhm\u00e4\u00e4n kuuluvat alle 1-vuotiaat lapset. L\u00e4\u00e4kitys on maksutonta.<\/p>\n<p>RSV-epidemiakaudella alle 1-vuotiaat riskiryhmiin kuuluvat lapset<\/p>\n<ul class=\"aw__sc-1yb43iq-0 gFXHv yle__article__list yle__article__list--ul\">\n<li class=\"aw__sc-1yb43iq-1 gVAzbt\">Syntym\u00e4 raskausviikolla 29\u201336, mik\u00e4li perheess\u00e4 on leikki-ik\u00e4isi\u00e4 lapsia<\/li>\n<li class=\"aw__sc-1yb43iq-1 gVAzbt\">Syntym\u00e4 syys-helmikuussa raskausviikolla 29\u201336<\/li>\n<li class=\"aw__sc-1yb43iq-1 gVAzbt\">Korjausta vaativa syd\u00e4nsairaus<\/li>\n<li class=\"aw__sc-1yb43iq-1 gVAzbt\">Vaikea immuunivaje ja\/tai bronkopulmonaalinen dysplasia (BPD) sek\u00e4 tukihoito viimeisen 6 kuukauden aikana<\/li>\n<li class=\"aw__sc-1yb43iq-1 gVAzbt\">Downin syndrooma<\/li>\n<\/ul>\n","protected":false},"excerpt":{"rendered":"Viime epidemia\u00adkaudella estol\u00e4\u00e4kityksen kattavuus oli Kainuussa noin 90 prosenttia. Avaa kuvien katselu Kainuussa estol\u00e4\u00e4kityst\u00e4 tarjotaan kaikille syntyville lapsille&hellip;\n","protected":false},"author":2,"featured_media":341520,"comment_status":"","ping_status":"","sticky":false,"template":"","format":"standard","meta":{"footnotes":"","_share_on_mastodon":"0"},"categories":[165],"tags":[33,31,30,166,954,723,17023,17684,32,167,5599],"class_list":["post-341519","post","type-post","status-publish","format-standard","has-post-thumbnail","category-terveys","tag-fi","tag-finland","tag-finnish","tag-health","tag-hengitystieinfektiot","tag-kainuu","tag-kainuun-hyvinvointialue","tag-rs-virus","tag-suomi","tag-terveys","tag-vauvat"],"share_on_mastodon":{"url":"https:\/\/pubeurope.com\/@fi\/117214159176785013","error":""},"_links":{"self":[{"href":"https:\/\/www.europesays.com\/fi\/wp-json\/wp\/v2\/posts\/341519","targetHints":{"allow":["GET"]}}],"collection":[{"href":"https:\/\/www.europesays.com\/fi\/wp-json\/wp\/v2\/posts"}],"about":[{"href":"https:\/\/www.europesays.com\/fi\/wp-json\/wp\/v2\/types\/post"}],"author":[{"embeddable":true,"href":"https:\/\/www.europesays.com\/fi\/wp-json\/wp\/v2\/users\/2"}],"replies":[{"embeddable":true,"href":"https:\/\/www.europesays.com\/fi\/wp-json\/wp\/v2\/comments?post=341519"}],"version-history":[{"count":0,"href":"https:\/\/www.europesays.com\/fi\/wp-json\/wp\/v2\/posts\/341519\/revisions"}],"wp:featuredmedia":[{"embeddable":true,"href":"https:\/\/www.europesays.com\/fi\/wp-json\/wp\/v2\/media\/341520"}],"wp:attachment":[{"href":"https:\/\/www.europesays.com\/fi\/wp-json\/wp\/v2\/media?parent=341519"}],"wp:term":[{"taxonomy":"category","embeddable":true,"href":"https:\/\/www.europesays.com\/fi\/wp-json\/wp\/v2\/categories?post=341519"},{"taxonomy":"post_tag","embeddable":true,"href":"https:\/\/www.europesays.com\/fi\/wp-json\/wp\/v2\/tags?post=341519"}],"curies":[{"name":"wp","href":"https:\/\/api.w.org\/{rel}","templated":true}]}}