{"id":341523,"date":"2026-09-04T18:22:12","date_gmt":"2026-09-04T18:22:12","guid":{"rendered":"https:\/\/www.europesays.com\/fi\/341523\/"},"modified":"2026-09-04T18:22:12","modified_gmt":"2026-09-04T18:22:12","slug":"ylojarvelainen-lissu-veittikoski-joi-ravintolassa-vetta-kannusta-ja-oudot-oireet-alkoivat-sitten-laakari-katsoi-veriarvot-olet-hengenvaarassa","status":"publish","type":"post","link":"https:\/\/www.europesays.com\/fi\/341523\/","title":{"rendered":"Yl\u00f6j\u00e4rvel\u00e4inen Lissu Veittikoski joi ravintolassa vett\u00e4 kannusta ja oudot oireet alkoivat \u2013 sitten l\u00e4\u00e4k\u00e4ri katsoi veriarvot: \u201dOlet hengenvaarassa\u201d"},"content":{"rendered":"<p>Yl\u00f6j\u00e4rvel\u00e4isen Lissu Veittikosken jalkoja alkoi s\u00e4rke\u00e4 lomamatkan j\u00e4lkeen niin kovaa, ett\u00e4 h\u00e4n pystyi liikkumaan vain kainalosauvoilla. Vasta kolmas l\u00e4\u00e4k\u00e4ri otti h\u00e4nen oireensa vakavasti ja kehotti l\u00e4htem\u00e4\u00e4n heti Taysiin.<\/p>\n<p><img decoding=\"async\" src=\"https:\/\/www.europesays.com\/fi\/wp-content\/uploads\/2026\/09\/1788546132_12_468.jpg\" alt=\"Yritt\u00e4j\u00e4 Lissu Veittikoski sairastui kes\u00e4ll\u00e4 2023 mystiseen niveltulehdukseen, joka romahdutti h\u00e4nen terveytens\u00e4 ja pakotti muuttamaan yrityksen liikeideaa.\" class=\"_Img_1rerz_1\" style=\"aspect-ratio:1920\/1279\" loading=\"eager\"\/><\/p>\n<p class=\"font-(family-name:--picture-caption-font-family) text-(length:--picture-caption-font-size) leading-(--picture-caption-leading) font-(--picture-caption-font-weight) text-(color:--picture-caption-color)\">Yritt\u00e4j\u00e4 Lissu Veittikoski sairastui kes\u00e4ll\u00e4 2023 mystiseen niveltulehdukseen, joka romahdutti h\u00e4nen terveytens\u00e4 ja pakotti muuttamaan yrityksen liikeideaa. Kuva:\u00a0Eriika Ahopelto \/ Aamulehti<\/p>\n<p class=\"article-body mb-(--paragraph-margin-b) px-nof-16\">Ravintolassa p\u00f6yt\u00e4\u00e4n tuotu vesikannu ei ole <a class=\"font-bold underline-offset-[0.12em] [text-decoration:var(--person-link-text-decoration)] [text-decoration-color:var(--person-link-text-decoration-color)]!\" href=\"https:\/\/www.aamulehti.fi\/haku\/?query=Lissu%20Veittikoskelle\" rel=\"nofollow noopener\" target=\"_blank\">Lissu Veittikoskelle<\/a> pelkk\u00e4 astia. H\u00e4n miettii nyky\u00e4\u00e4n aina veden puhtautta. Miten pitk\u00e4\u00e4n vesi on seissyt kannussa? Koska astia on pesty ja kuinka huolellisesti?<\/p>\n<p class=\"article-body mb-(--paragraph-margin-b) px-nof-16\">Veittikosken ep\u00e4luuloisuudelle on painava syy. H\u00e4n sairastui lomareissulla Unkarissa kolme vuotta sitten niin vakavasti, ett\u00e4 menetti useiksi kuukausiksi liikuntakykyns\u00e4. Veittikoskea ja h\u00e4nen matkakumppaniaan tutkineet l\u00e4\u00e4k\u00e4rit ep\u00e4ilev\u00e4t, ett\u00e4 syyllinen oli vesikannu.<\/p>\n","protected":false},"excerpt":{"rendered":"Yl\u00f6j\u00e4rvel\u00e4isen Lissu Veittikosken jalkoja alkoi s\u00e4rke\u00e4 lomamatkan j\u00e4lkeen niin kovaa, ett\u00e4 h\u00e4n pystyi liikkumaan vain kainalosauvoilla. Vasta kolmas&hellip;\n","protected":false},"author":2,"featured_media":341524,"comment_status":"","ping_status":"","sticky":false,"template":"","format":"standard","meta":{"footnotes":"","_share_on_mastodon":"0"},"categories":[130],"tags":[157,137,33,31,30,32,109],"class_list":["post-341523","post","type-post","status-publish","format-standard","has-post-thumbnail","category-viihde","tag-aamulehti","tag-entertainment","tag-fi","tag-finland","tag-finnish","tag-suomi","tag-viihde"],"share_on_mastodon":{"url":"https:\/\/pubeurope.com\/@fi\/117214167386482159","error":""},"_links":{"self":[{"href":"https:\/\/www.europesays.com\/fi\/wp-json\/wp\/v2\/posts\/341523","targetHints":{"allow":["GET"]}}],"collection":[{"href":"https:\/\/www.europesays.com\/fi\/wp-json\/wp\/v2\/posts"}],"about":[{"href":"https:\/\/www.europesays.com\/fi\/wp-json\/wp\/v2\/types\/post"}],"author":[{"embeddable":true,"href":"https:\/\/www.europesays.com\/fi\/wp-json\/wp\/v2\/users\/2"}],"replies":[{"embeddable":true,"href":"https:\/\/www.europesays.com\/fi\/wp-json\/wp\/v2\/comments?post=341523"}],"version-history":[{"count":0,"href":"https:\/\/www.europesays.com\/fi\/wp-json\/wp\/v2\/posts\/341523\/revisions"}],"wp:featuredmedia":[{"embeddable":true,"href":"https:\/\/www.europesays.com\/fi\/wp-json\/wp\/v2\/media\/341524"}],"wp:attachment":[{"href":"https:\/\/www.europesays.com\/fi\/wp-json\/wp\/v2\/media?parent=341523"}],"wp:term":[{"taxonomy":"category","embeddable":true,"href":"https:\/\/www.europesays.com\/fi\/wp-json\/wp\/v2\/categories?post=341523"},{"taxonomy":"post_tag","embeddable":true,"href":"https:\/\/www.europesays.com\/fi\/wp-json\/wp\/v2\/tags?post=341523"}],"curies":[{"name":"wp","href":"https:\/\/api.w.org\/{rel}","templated":true}]}}