{"id":341529,"date":"2026-09-04T18:27:18","date_gmt":"2026-09-04T18:27:18","guid":{"rendered":"https:\/\/www.europesays.com\/fi\/341529\/"},"modified":"2026-09-04T18:27:18","modified_gmt":"2026-09-04T18:27:18","slug":"anne-brunilan-poika-on-kuollut","status":"publish","type":"post","link":"https:\/\/www.europesays.com\/fi\/341529\/","title":{"rendered":"Anne Brunilan poika on kuollut"},"content":{"rendered":"<p>Anne Brunilan poika Oskari Saloranta sairastui vakavasti koronan j\u00e4lkeen.<\/p>\n<p><img decoding=\"async\" class=\"image image-show image-preview\" src=\"https:\/\/www.europesays.com\/fi\/wp-content\/uploads\/2026\/09\/749edfba0e917e31266047a2e55606529ee940720fc7f8d25707ad30e345d915.jpg\" alt=\"\"\/><img decoding=\"async\" class=\"image image-show\" src=\"https:\/\/www.europesays.com\/fi\/wp-content\/uploads\/2026\/09\/1788546438_503_749edfba0e917e31266047a2e55606529ee940720fc7f8d25707ad30e345d915.jpg\" alt=\"\"\/><\/p>\n<p>Useiden suomalaisyhti\u00f6iden johtoteht\u00e4viss\u00e4 ollut Anne Brunila kertoi pojastaan Kuka olisi uskonut -kirjassa (Tammi). Kuva on vuodelta 2020. Tiina Somerpuro<\/p>\n<p class=\"paragraph\">Ekonomisti <a href=\"https:\/\/www.iltalehti.fi\/henkilot\/Anne Brunila\" class=\"article-link-person-page\" rel=\"nofollow noopener\" target=\"_blank\">Anne Brunilan<\/a> poika <strong>Oskari Saloranta<\/strong> on kuollut 41-vuotiaana. Brunila kertoo suru-uutisesta <a href=\"https:\/\/www.instagram.com\/p\/Dc3LNssN9VM\/\" target=\"_blank\" rel=\"noopener nofollow\">Instagram-julkaisussaan<\/a>.<\/p>\n<p class=\"paragraph\">\u2013 H\u00e4nen syd\u00e4mens\u00e4 pys\u00e4htyi 3. syyskuuta 2026 hieman alle viikon kest\u00e4neen vaikean kamppailun j\u00e4lkeen.<\/p>\n<p class=\"paragraph\">Brunila valittiin <a href=\"https:\/\/www.talouselama.fi\/uutiset\/a\/898e01ee-a59c-39b5-b0d4-4300bb4f01d7\" target=\"_blank\" rel=\"noopener nofollow\">Talousel\u00e4m\u00e4-lehdess\u00e4<\/a> vaikutusvaltaisimmaksi p\u00e4\u00e4tt\u00e4j\u00e4naiseksi vuonna 2014. H\u00e4n on aikaisemmin kertonut useissa medioissa \u00e4itiydest\u00e4\u00e4n kehitysvammaiselle Oskarille.<\/p>\n<p class=\"paragraph\"><a href=\"https:\/\/www.is.fi\/menaiset\/ihmiset-ja-suhteet\/art-2000006667529.html\" target=\"_blank\" rel=\"noopener nofollow\">Me Naisille<\/a> Brunila kertoi Oskarin k\u00e4rsineen noin nelj\u00e4n viikon ik\u00e4isen\u00e4 pahoinvoinnista. Sairaalassa h\u00e4nell\u00e4 todettiin synnytyssairaalassa todenn\u00e4k\u00f6isesti tarttunut virustartunta ja sit\u00e4 seurannut aivokuume. Oskari selvisi teho-osastolla huonosta ennusteesta huolimatta. Aivokuume ehti silti tehd\u00e4 tuhojaan.<\/p>\n<p class=\"paragraph\">Jo vuoden i\u00e4ss\u00e4 pojalle ennustettiin todenn\u00e4k\u00f6isi\u00e4 kehitysh\u00e4iri\u00f6it\u00e4.<\/p>\n<p class=\"paragraph\">Brunila kertoo Instagram-p\u00e4ivityksess\u00e4\u00e4n poikansa sairastuneen vakavasti koronapandemian j\u00e4lkeen.<\/p>\n<p class=\"paragraph\">\u2013 Vaikeista vuosista huolimatta h\u00e4n jatkoi olemalla iloinen ja positiivinen, Brunila kirjoittaa.<\/p>\n<p class=\"paragraph\">\u2013 Monissa haastatteluissa olen sanonut, ett\u00e4 Oskari oli el\u00e4m\u00e4ni paras opettaja. H\u00e4n oli valtavan rakas ja arvokas ihminen minulle. Oskari oli my\u00f6s erityinen ihminen monelle muulle, Brunila kirjoittaa.<\/p>\n<p class=\"paragraph\">Juttua muokattu 4.9. kello 17.48. Korjattu jutun ingressist\u00e4 pojan sukunimi Salovaarasta Salorannaksi.<\/p>\n<p><script async src=\"\/\/www.instagram.com\/embed.js\"><\/script><\/p>\n","protected":false},"excerpt":{"rendered":"Anne Brunilan poika Oskari Saloranta sairastui vakavasti koronan j\u00e4lkeen. Useiden suomalaisyhti\u00f6iden johtoteht\u00e4viss\u00e4 ollut Anne Brunila kertoi pojastaan Kuka&hellip;\n","protected":false},"author":2,"featured_media":341530,"comment_status":"","ping_status":"","sticky":false,"template":"","format":"standard","meta":{"footnotes":"","_share_on_mastodon":"0"},"categories":[12],"tags":[35,22,23,26,27,33,31,30,17,501,99,100,24,25,28,29,15,18,21,98,32,502,19,20,16],"class_list":["post-341529","post","type-post","status-publish","format-standard","has-post-thumbnail","category-suomi","tag-24h","tag-breaking-news","tag-breakingnews","tag-featured-news","tag-featurednews","tag-fi","tag-finland","tag-finnish","tag-headlines","tag-laakaripalvelut","tag-lapset","tag-lapset-ja-nuoret","tag-latest-news","tag-latestnews","tag-main-news","tag-mainnews","tag-news","tag-otsikot","tag-paauutiset","tag-perhe","tag-suomi","tag-terveydenhoito","tag-top-stories","tag-topstories","tag-uutiset"],"share_on_mastodon":{"url":"https:\/\/pubeurope.com\/@fi\/117214187090295077","error":""},"_links":{"self":[{"href":"https:\/\/www.europesays.com\/fi\/wp-json\/wp\/v2\/posts\/341529","targetHints":{"allow":["GET"]}}],"collection":[{"href":"https:\/\/www.europesays.com\/fi\/wp-json\/wp\/v2\/posts"}],"about":[{"href":"https:\/\/www.europesays.com\/fi\/wp-json\/wp\/v2\/types\/post"}],"author":[{"embeddable":true,"href":"https:\/\/www.europesays.com\/fi\/wp-json\/wp\/v2\/users\/2"}],"replies":[{"embeddable":true,"href":"https:\/\/www.europesays.com\/fi\/wp-json\/wp\/v2\/comments?post=341529"}],"version-history":[{"count":0,"href":"https:\/\/www.europesays.com\/fi\/wp-json\/wp\/v2\/posts\/341529\/revisions"}],"wp:featuredmedia":[{"embeddable":true,"href":"https:\/\/www.europesays.com\/fi\/wp-json\/wp\/v2\/media\/341530"}],"wp:attachment":[{"href":"https:\/\/www.europesays.com\/fi\/wp-json\/wp\/v2\/media?parent=341529"}],"wp:term":[{"taxonomy":"category","embeddable":true,"href":"https:\/\/www.europesays.com\/fi\/wp-json\/wp\/v2\/categories?post=341529"},{"taxonomy":"post_tag","embeddable":true,"href":"https:\/\/www.europesays.com\/fi\/wp-json\/wp\/v2\/tags?post=341529"}],"curies":[{"name":"wp","href":"https:\/\/api.w.org\/{rel}","templated":true}]}}