{"id":341539,"date":"2026-09-04T18:51:12","date_gmt":"2026-09-04T18:51:12","guid":{"rendered":"https:\/\/www.europesays.com\/fi\/341539\/"},"modified":"2026-09-04T18:51:12","modified_gmt":"2026-09-04T18:51:12","slug":"ihmettelin-mika-motikka-sielta-tulee-juuso-25-kalasti-lajinsa-jattilaisen","status":"publish","type":"post","link":"https:\/\/www.europesays.com\/fi\/341539\/","title":{"rendered":"\u201dIhmettelin, mik\u00e4 m\u00f6tikk\u00e4 sielt\u00e4 tulee\u201d \u2013 Juuso, 25, kalasti lajinsa j\u00e4ttil\u00e4isen"},"content":{"rendered":"<p>Kotkan kantasatamassa harvinaisen suuren mustat\u00e4pl\u00e4tokon kalastanut Juuso Heilala teki vieraslajista ruokaa.<\/p>\n<p class=\"paragraph\">Pienest\u00e4 pit\u00e4en kalastanut <strong>Juuso Heilala<\/strong>, 25, kalasti mahdollisesti Suomen enn\u00e4tyskalan keskiviikkona Kotkassa. Kala ei kuitenkaan ole tyypillisimm\u00e4st\u00e4 p\u00e4\u00e4st\u00e4.<\/p>\n<p class=\"paragraph\">Kantasatamassa onkinut Heilala nosti litkalla kalanpala sy\u00f6ttin\u00e4 suuren mustat\u00e4pl\u00e4tokon.<\/p>\n<p class=\"paragraph\">\u2013 Ihmettelin, mik\u00e4 m\u00f6tikk\u00e4 sielt\u00e4 tulee. Se olikin mustat\u00e4pl\u00e4tokko. En osannut yht\u00e4\u00e4n odottaa, ett\u00e4 tuollainen tulee, Heilala kertaa.<\/p>\n<p class=\"paragraph\">Kalalaji on h\u00e4nelle ennest\u00e4\u00e4n tuttu. Niit\u00e4 h\u00e4n on saanut usein pohjan tuntumasta.<\/p>\n<p class=\"paragraph\">\u2013 Noin isot ovat todella harvinaisia.<\/p>\n<p class=\"paragraph\">Heilalalla ei ollut puntaria. H\u00e4n arvioi kalan painoksi 270 grammaa. Suomen virallisessa enn\u00e4tyskalarekisteriss\u00e4 mustat\u00e4pl\u00e4tokon enn\u00e4tysmitat ovat 242 grammaa painoa ja miltei 24 sentti\u00e4 pituutta.<\/p>\n<p class=\"paragraph\">Tilastossa on merkint\u00e4 Maarianhaminassa saadusta 250 gramman painoisesta ja l\u00e4hes 25 sentin mittaisesta mustat\u00e4pl\u00e4tokosta, mutta sen tiedot ovat olleet vajavaiset.<\/p>\n<p class=\"paragraph\">Luonnonvarakeskuksen kala-asiantuntija <strong>Sami Vesala<\/strong> vahvistaa, ett\u00e4 kyseess\u00e4 on mustat\u00e4pl\u00e4tokko. Sen tunnistaa selk\u00e4ev\u00e4ss\u00e4 olevasta mustasta t\u00e4pl\u00e4st\u00e4.<\/p>\n<p class=\"paragraph\">Laji on alun perin kotoisin Mustanmeren ja Kaspianmeren alueilta. Se on siis vieraslaji, jota ei saa p\u00e4\u00e4st\u00e4\u00e4 ymp\u00e4rist\u00f6\u00f6n. Lajia ei ole tulkittu haitalliseksi, mutta Vesalan mukaan sen levi\u00e4mist\u00e4 pidet\u00e4\u00e4n silm\u00e4ll\u00e4.<\/p>\n<p class=\"paragraph\">Vesala arvioi silm\u00e4m\u00e4\u00e4r\u00e4isesti kuvasta Heilalan \u201dvonkaleen\u201d olevan noin 20 sentin mittainen.<\/p>\n<p class=\"paragraph\">\u2013 Ei tuo varmasti kauhean kauas j\u00e4\u00e4 enn\u00e4tyskalarekisterin painosta, Vesala arvioi.<\/p>\n<p class=\"paragraph\">Valitettavasti Heilalan kala ei tule koskaan p\u00e4\u00e4sem\u00e4\u00e4n enn\u00e4tyskirjoihin, koska se ehti menn\u00e4 parempiin suihin.<\/p>\n<p class=\"paragraph\">\u2013 Otin sen kotiin ja paistoin. Todella hyv\u00e4nmakuinen kala, kalamies kehuu.<\/p>\n","protected":false},"excerpt":{"rendered":"Kotkan kantasatamassa harvinaisen suuren mustat\u00e4pl\u00e4tokon kalastanut Juuso Heilala teki vieraslajista ruokaa. Pienest\u00e4 pit\u00e4en kalastanut Juuso Heilala, 25, kalasti&hellip;\n","protected":false},"author":2,"featured_media":341540,"comment_status":"","ping_status":"","sticky":false,"template":"","format":"standard","meta":{"footnotes":"","_share_on_mastodon":"0"},"categories":[76],"tags":[35,79,77,33,31,30,1729,900,2331,591,32,78,872],"class_list":["post-341539","post","type-post","status-publish","format-standard","has-post-thumbnail","category-talous","tag-24h","tag-business","tag-economy","tag-fi","tag-finland","tag-finnish","tag-kalat","tag-ruoka","tag-ruoka-ja-juoma","tag-selkarankaiset","tag-suomi","tag-talous","tag-vesistot"],"share_on_mastodon":{"url":"https:\/\/pubeurope.com\/@fi\/117214280674183055","error":""},"_links":{"self":[{"href":"https:\/\/www.europesays.com\/fi\/wp-json\/wp\/v2\/posts\/341539","targetHints":{"allow":["GET"]}}],"collection":[{"href":"https:\/\/www.europesays.com\/fi\/wp-json\/wp\/v2\/posts"}],"about":[{"href":"https:\/\/www.europesays.com\/fi\/wp-json\/wp\/v2\/types\/post"}],"author":[{"embeddable":true,"href":"https:\/\/www.europesays.com\/fi\/wp-json\/wp\/v2\/users\/2"}],"replies":[{"embeddable":true,"href":"https:\/\/www.europesays.com\/fi\/wp-json\/wp\/v2\/comments?post=341539"}],"version-history":[{"count":0,"href":"https:\/\/www.europesays.com\/fi\/wp-json\/wp\/v2\/posts\/341539\/revisions"}],"wp:featuredmedia":[{"embeddable":true,"href":"https:\/\/www.europesays.com\/fi\/wp-json\/wp\/v2\/media\/341540"}],"wp:attachment":[{"href":"https:\/\/www.europesays.com\/fi\/wp-json\/wp\/v2\/media?parent=341539"}],"wp:term":[{"taxonomy":"category","embeddable":true,"href":"https:\/\/www.europesays.com\/fi\/wp-json\/wp\/v2\/categories?post=341539"},{"taxonomy":"post_tag","embeddable":true,"href":"https:\/\/www.europesays.com\/fi\/wp-json\/wp\/v2\/tags?post=341539"}],"curies":[{"name":"wp","href":"https:\/\/api.w.org\/{rel}","templated":true}]}}