{"id":341541,"date":"2026-09-04T18:52:14","date_gmt":"2026-09-04T18:52:14","guid":{"rendered":"https:\/\/www.europesays.com\/fi\/341541\/"},"modified":"2026-09-04T18:52:14","modified_gmt":"2026-09-04T18:52:14","slug":"witkoff-ja-kushner-viikonloppuna-moskovaan-ja-kiovaan","status":"publish","type":"post","link":"https:\/\/www.europesays.com\/fi\/341541\/","title":{"rendered":"Witkoff ja Kushner viikonloppuna Moskovaan ja Kiovaan"},"content":{"rendered":"<p>Yhdysvallat vaatii Ukrainaa ja Ven\u00e4j\u00e4\u00e4 takaamaan neuvottelijoiden turvallisuuden.<\/p>\n<p><img decoding=\"async\" src=\"https:\/\/www.europesays.com\/fi\/wp-content\/uploads\/2026\/09\/1788547934_560_468.jpg\" alt=\"Presidentti Trumpin v\u00e4vy Jared Kushner (vas.) ja Valkoisen talon erityisl\u00e4hettil\u00e4s Steve Witkoff matkaavat viikonloppuna Moskovaan ja Kiovaan.\" class=\"_Img_1rerz_1\" style=\"aspect-ratio:1920\/1280\" loading=\"eager\"\/><\/p>\n<p class=\"font-(family-name:--picture-caption-font-family) text-(length:--picture-caption-font-size) leading-(--picture-caption-leading) font-(--picture-caption-font-weight) text-(color:--picture-caption-color)\">Presidentti Trumpin v\u00e4vy Jared Kushner (vas.) ja Valkoisen talon erityisl\u00e4hettil\u00e4s Steve Witkoff matkaavat viikonloppuna Moskovaan ja Kiovaan. Kuva:\u00a0Eeva Valtokari \/ IS<\/p>\n<p class=\"article-body mb-(--paragraph-margin-b) px-nof-16\">Valkoisen talon rauhanneuvottelijat <a class=\"font-bold underline-offset-[0.12em] [text-decoration:var(--person-link-text-decoration)] [text-decoration-color:var(--person-link-text-decoration-color)]!\" href=\"https:\/\/www.is.fi\/haku\/?query=Steve%20Witkoff\" rel=\"nofollow noopener\" target=\"_blank\">Steve Witkoff <\/a>ja<a class=\"font-bold underline-offset-[0.12em] [text-decoration:var(--person-link-text-decoration)] [text-decoration-color:var(--person-link-text-decoration-color)]!\" href=\"https:\/\/www.is.fi\/haku\/?query=%20Jared%20Kushner\" rel=\"nofollow noopener\" target=\"_blank\"> Jared Kushner <\/a>saapuvat sunnuntaina Kiovaan vierailtuaan sit\u00e4 ennen Moskovassa, kertoi presidentti <a class=\"font-bold underline-offset-[0.12em] [text-decoration:var(--person-link-text-decoration)] [text-decoration-color:var(--person-link-text-decoration-color)]!\" href=\"https:\/\/www.is.fi\/haku\/?query=Volodymyr%20Zelenskyi\" rel=\"nofollow noopener\" target=\"_blank\">Volodymyr Zelenskyi<\/a> perjantaina.<\/p>\n<p class=\"article-body mb-(--paragraph-margin-b) px-nof-16\">Zelenskyi kertoo Ukrainan takaavan Ven\u00e4j\u00e4n ilmatilan turvallisuuden neuvottelijoiden matkalla Ven\u00e4j\u00e4lle.<\/p>\n<p class=\"article-body mb-(--paragraph-margin-b) px-nof-16\">Presidentti my\u00f6s pyysi Ven\u00e4j\u00e4\u00e4 keskeytt\u00e4m\u00e4\u00e4n ilmaiskut Ukrainaan neuvottelijoiden turvallisuuden vuoksi.<\/p>\n<p class=\"article-body mb-(--paragraph-margin-b) px-nof-16\">Reutersin l\u00e4hteen mukaan Yhdysvallat on vaatinut molempia osapuolia takaamaan neuvottelijoiden turvallisuuden ennen heid\u00e4n matkaansa Moskovaan ja Kiovaan.<\/p>\n<p class=\"article-body mb-(--paragraph-margin-b) px-nof-16\">Ven\u00e4l\u00e4inen uutistoimisto Tass kertoi aiemmin perjantaina l\u00e4hteisiins\u00e4 nojaten, ett\u00e4 Yhdysvaltain presidentin<a class=\"font-bold underline-offset-[0.12em] [text-decoration:var(--person-link-text-decoration)] [text-decoration-color:var(--person-link-text-decoration-color)]!\" href=\"https:\/\/www.is.fi\/haku\/?query=%20Donald%20Trumpin\" rel=\"nofollow noopener\" target=\"_blank\"> Donald Trumpin <\/a>rauhanl\u00e4hettil\u00e4\u00e4t matkustavat Moskovaan lauantaina ja Kiovaan sunnuntaina.<\/p>\n<p class=\"article-body mb-(--paragraph-margin-b) px-nof-16\">My\u00f6hemmin samat tiedot uutisoi my\u00f6s yhdysvaltalainen <a class=\"underline underline-offset-[0.12em] [text-decoration-thickness:var(--generic-link-underline-thickness)] [text-decoration-color:var(--generic-link-underline-color)] [text-decoration-skip-ink:var(--generic-link-underline-skip-ink)] break-words\" href=\"https:\/\/www.axios.com\/2026\/09\/04\/trump-witkoff-kushner-moscow-kyiv\" rel=\"nofollow noopener\" target=\"_blank\">Axios<\/a>.<\/p>\n<p class=\"article-body mb-(--paragraph-margin-b) px-nof-16\">Uutistoimisto Reutersin l\u00e4hteen mukaan keskustelut olisivat viel\u00e4 k\u00e4ynniss\u00e4.<\/p>\n<p class=\"article-body mb-(--paragraph-margin-b) px-nof-16\">Kremlin tiedottaja <a class=\"font-bold underline-offset-[0.12em] [text-decoration:var(--person-link-text-decoration)] [text-decoration-color:var(--person-link-text-decoration-color)]!\" href=\"https:\/\/www.is.fi\/haku\/?query=Dmitri%20Peskov\" rel=\"nofollow noopener\" target=\"_blank\">Dmitri Peskov<\/a> ei suostunut Reutersin mukaan perjantaina kommentoimaan Tassin tietoja.<\/p>\n<p class=\"article-body mb-(--paragraph-margin-b) px-nof-16\">\u2013 En antaisi mink\u00e4\u00e4nlaisia ilmoituksia juuri nyt, mutta me kerromme teille, kun n\u00e4it\u00e4 kontakteja tapahtuu, Peskov sanoi toimittajien tiedustellessa asiasta.<\/p>\n<p class=\"article-body mb-(--paragraph-margin-b) px-nof-16\">Steve Witkoff ja Jared Kushner eiv\u00e4t ole vierailleet t\u00e4h\u00e4n menness\u00e4 kertaakaan Ukrainassa viidett\u00e4 vuotta jatkuvan sodan aikana. Ven\u00e4j\u00e4lle he ovat ehtineet useampaan otteeseen.<\/p>\n<p class=\"article-body mb-(--paragraph-margin-b) px-nof-16\">Reutersille puhunut, asiasta perill\u00e4 oleva l\u00e4hde kertoi, ett\u00e4 Ukrainan-vierailua koskevat keskustelut ovat edelleen k\u00e4ynniss\u00e4 ja sunnuntaista on puhuttu sen mahdollisena ajankohtana.<\/p>\n<p class=\"article-body mb-(--paragraph-margin-b) px-nof-16\">\u2013 Ven\u00e4l\u00e4iset eiv\u00e4t halua heid\u00e4n vierailevan Kiovassa, ja he yritt\u00e4v\u00e4t saada heit\u00e4 muuttamaan suunnitelmia, l\u00e4hde kertoi.<\/p>\n","protected":false},"excerpt":{"rendered":"Yhdysvallat vaatii Ukrainaa ja Ven\u00e4j\u00e4\u00e4 takaamaan neuvottelijoiden turvallisuuden. Presidentti Trumpin v\u00e4vy Jared Kushner (vas.) ja Valkoisen talon erityisl\u00e4hettil\u00e4s&hellip;\n","protected":false},"author":2,"featured_media":341542,"comment_status":"","ping_status":"","sticky":false,"template":"","format":"standard","meta":{"footnotes":"","_share_on_mastodon":"0"},"categories":[14],"tags":[22,23,26,27,33,31,30,17,34,24,25,28,29,15,18,21,32,19,20,56,16,59,60,61],"class_list":["post-341541","post","type-post","status-publish","format-standard","has-post-thumbnail","category-ulkomaat","tag-breaking-news","tag-breakingnews","tag-featured-news","tag-featurednews","tag-fi","tag-finland","tag-finnish","tag-headlines","tag-ilta-sanomat","tag-latest-news","tag-latestnews","tag-main-news","tag-mainnews","tag-news","tag-otsikot","tag-paauutiset","tag-suomi","tag-top-stories","tag-topstories","tag-ulkomaat","tag-uutiset","tag-world","tag-world-news","tag-worldnews"],"share_on_mastodon":{"url":"https:\/\/pubeurope.com\/@fi\/117214285394895807","error":""},"_links":{"self":[{"href":"https:\/\/www.europesays.com\/fi\/wp-json\/wp\/v2\/posts\/341541","targetHints":{"allow":["GET"]}}],"collection":[{"href":"https:\/\/www.europesays.com\/fi\/wp-json\/wp\/v2\/posts"}],"about":[{"href":"https:\/\/www.europesays.com\/fi\/wp-json\/wp\/v2\/types\/post"}],"author":[{"embeddable":true,"href":"https:\/\/www.europesays.com\/fi\/wp-json\/wp\/v2\/users\/2"}],"replies":[{"embeddable":true,"href":"https:\/\/www.europesays.com\/fi\/wp-json\/wp\/v2\/comments?post=341541"}],"version-history":[{"count":0,"href":"https:\/\/www.europesays.com\/fi\/wp-json\/wp\/v2\/posts\/341541\/revisions"}],"wp:featuredmedia":[{"embeddable":true,"href":"https:\/\/www.europesays.com\/fi\/wp-json\/wp\/v2\/media\/341542"}],"wp:attachment":[{"href":"https:\/\/www.europesays.com\/fi\/wp-json\/wp\/v2\/media?parent=341541"}],"wp:term":[{"taxonomy":"category","embeddable":true,"href":"https:\/\/www.europesays.com\/fi\/wp-json\/wp\/v2\/categories?post=341541"},{"taxonomy":"post_tag","embeddable":true,"href":"https:\/\/www.europesays.com\/fi\/wp-json\/wp\/v2\/tags?post=341541"}],"curies":[{"name":"wp","href":"https:\/\/api.w.org\/{rel}","templated":true}]}}