{"id":341545,"date":"2026-09-04T18:54:16","date_gmt":"2026-09-04T18:54:16","guid":{"rendered":"https:\/\/www.europesays.com\/fi\/341545\/"},"modified":"2026-09-04T18:54:16","modified_gmt":"2026-09-04T18:54:16","slug":"trump-kostaa-britannialle-iranin-takia-milei-vaatii-falklandinsaaret-ulkomaat","status":"publish","type":"post","link":"https:\/\/www.europesays.com\/fi\/341545\/","title":{"rendered":"Trump kostaa Britannialle Iranin takia \u2013 Milei vaatii Falklandinsaaret | Ulkomaat"},"content":{"rendered":"<ul class=\"aw__sc-1yb43iq-0 gFXHv yle__article__list yle__article__list--ul\">\n<li class=\"aw__sc-1yb43iq-1 gVAzbt\">Argentiinan presidentti Javier Milei vaati torstaina Falklandinsaaria Argentiinalle. H\u00e4n ilmoitti my\u00f6s pakotteista saarilla toimiville ulkomaisille \u00f6ljy-yrityksille.<\/li>\n<li class=\"aw__sc-1yb43iq-1 gVAzbt\">Milei viittasi Donald Trumpiin, joka sanoi arvioivansa uudelleen Yhdysvaltain kantaa Britannialle kuuluviin saariin.<\/li>\n<li class=\"aw__sc-1yb43iq-1 gVAzbt\">Trump kostaa Britannialle sen tuen puutteesta Iranin sodassa, sanoo maailmanpolitiikan professori Teivo Teivainen.<\/li>\n<li class=\"aw__sc-1yb43iq-1 gVAzbt\">Teivaisen mukaan Milei tekee Falklandinsaarilla vaalipolitiikkaa.<\/li>\n<li class=\"aw__sc-1yb43iq-1 gVAzbt\">Trumpille Britannian suomiminen voi kostautua v\u00e4livaaleissa, arvioi Teivainen.<\/li>\n<\/ul>\n<p class=\"aw__sc-1qwuw0s-0 aw__sc-ngllmo-0 epAWpq fzYpjk yle__article__paragraph\">Argentiinan presidentti <strong class=\"aw__sc-ngllmo-2 gdRrun yle__article__strong\">Javier Milei<\/strong> on torstaina nostanut uudella innolla esiin Argentiinan vanhan vaateen saada Britannialle kuuluvat Falklandinsaaret Argentiinalle.<\/p>\n<p class=\"aw__sc-1qwuw0s-0 aw__sc-ngllmo-0 epAWpq fzYpjk yle__article__paragraph\">Falklandinsaarten suvereniteetin lis\u00e4ksi Milei <a class=\"aw__sc-ngllmo-1 bTDnwX yle__article__link\" href=\"https:\/\/yle.fi\/a\/74-20244521\" role=\"link\" rel=\"nofollow noopener\" target=\"_blank\">ilmoitti nopeuttavansa<\/a> pakotteita saarilla toimiville \u00f6ljy-yrityksille.<\/p>\n<p class=\"aw__sc-1qwuw0s-0 aw__sc-ngllmo-0 epAWpq fzYpjk yle__article__paragraph\">Milein innoittajana on toiminut lyhyt kommentti Yhdysvaltain presidentilt\u00e4 <strong class=\"aw__sc-ngllmo-2 gdRrun yle__article__strong\">Donald Trumpilta,<\/strong> johon Mileill\u00e4 on l\u00e4heinen suhde.<\/p>\n<p class=\"aw__sc-1qwuw0s-0 aw__sc-ngllmo-0 epAWpq fzYpjk yle__article__paragraph\">Alkuviikosta toimittaja kysyi Trumpilta, aikooko t\u00e4m\u00e4 arvioida uudelleen Yhdysvaltojen kantaa Falklandinsaarten tilanteeseen. Siihen Trump vastasi arvioivansa jokaista kantaa ja t\u00e4m\u00e4n olevan vain yksi niist\u00e4.<\/p>\n<p class=\"aw__sc-1qwuw0s-0 aw__sc-ngllmo-0 epAWpq fzYpjk yle__article__paragraph\"><strong class=\"aw__sc-ngllmo-2 gdRrun yle__article__strong\">N\u00e4in Trump kommentoi maanantaina Falklandin saaria tiedotustilaisuudessaan:<\/strong><\/p>\n<p class=\"aw__sc-1qwuw0s-0 aw__sc-ngllmo-0 epAWpq fzYpjk yle__article__paragraph\">Milei antoi Trumpin kommentille suuren painoarvon.<\/p>\n<p class=\"aw__sc-1qwuw0s-0 aw__sc-ngllmo-0 epAWpq fzYpjk yle__article__paragraph\">\u2013 Presidentti Trump ilmoitti hiljattain, ett\u00e4 Yhdysvallat arvioi uudelleen historiallista kantaansa Falklandinsaarten suhteen. T\u00e4m\u00e4 uhka ei ole vaaraton, Milei sanoi televisiopuheessaan torstaina.<\/p>\n<p class=\"aw__sc-1qwuw0s-0 aw__sc-ngllmo-0 epAWpq fzYpjk yle__article__paragraph\">Yle kysyi <strong class=\"aw__sc-ngllmo-2 gdRrun yle__article__strong\">Teivo Teivaiselta<\/strong>, maailmanpolitiikan professorilta Helsingin yliopistosta, miksi kiista Falklandinsaarista on nyt pompannut esiin.<\/p>\n<p>Milei tekee vaalipolitiikkaa<\/p>\n<p class=\"aw__sc-1qwuw0s-0 aw__sc-ngllmo-0 epAWpq fzYpjk yle__article__paragraph\">Falklandinsaaret ovat kuuluneet Britannialle 1800-luvulta asti. Vuonna 1982 Argentiinan sotilasdiktatuuri yritti vallata saaret Britannialta Falklandin sodassa. Sota p\u00e4\u00e4ttyi Britannian voittoon. Argentiinan sotilashallinto hajosi ja maasta tuli demokratia.<\/p>\n<p><img decoding=\"async\" alt=\"Kartta, johon merkitty Falklandinsaaret.\" src=\"https:\/\/www.europesays.com\/fi\/wp-content\/uploads\/2026\/09\/1777104420.jpeg\" loading=\"lazy\" class=\"aw__sc-dklauk-0 LPzKX\"\/><\/p>\n<p>Avaa kuvien katselu<\/p>\n<p>Kuva: Tina Lund\u00e1n \/ Yle, Mapcreator, OpenStreetMap<\/p>\n<p class=\"aw__sc-1qwuw0s-0 aw__sc-ngllmo-0 epAWpq fzYpjk yle__article__paragraph\">Yhdysvallat tuki sodassa Britanniaa.<\/p>\n<p class=\"aw__sc-1qwuw0s-0 aw__sc-ngllmo-0 epAWpq fzYpjk yle__article__paragraph\">Falklandinsaarten herruuden takaisin saamisella on kuitenkin Argentiinassa edelleen laaja kannatus, sanoo Teivainen.<\/p>\n<p class=\"aw__sc-1qwuw0s-0 aw__sc-ngllmo-0 epAWpq fzYpjk yle__article__paragraph\">\u2013 Milein viesti on suunnattu ennen kaikkea argentiinalaisille \u00e4\u00e4nest\u00e4jille.<\/p>\n<p class=\"aw__sc-1qwuw0s-0 aw__sc-ngllmo-0 epAWpq fzYpjk yle__article__paragraph\">Argentiinassa on m\u00e4\u00e4r\u00e4 j\u00e4rjest\u00e4\u00e4 lokakuussa 2027 yleisvaalit, joissa \u00e4\u00e4nest\u00e4j\u00e4t valitsevat muun muassa presidentin sek\u00e4 edustajainhuoneen ja senaatin j\u00e4senet. Milei tavoittelee vaaleissa toista presidenttikautta.<\/p>\n<p class=\"aw__sc-1qwuw0s-0 aw__sc-ngllmo-0 epAWpq fzYpjk yle__article__paragraph\">Sotilasdiktatuurin muistoa vaalivalle oikeistolle Falklandin sodalla on Teivaisen mukaan talvisodan perint\u00f6\u00f6n verrattava merkitys. Heid\u00e4n mielest\u00e4\u00e4n Falklandinsaaret eli Malvinas, kuten saaria Argentiinassa kutsutaan, kuuluu Argentiinalle.<\/p>\n<p><img decoding=\"async\" alt=\"Argentiinassa Malvinas-saarten veteraanit osoittivat huhtikuussa 2025 mielt\u00e4\u00e4n Britannian Buenos Airesin -l\u00e4hetyst\u00f6n edustalla.\" src=\"https:\/\/www.europesays.com\/fi\/wp-content\/uploads\/2026\/09\/1788504541.jpeg\" loading=\"lazy\" class=\"aw__sc-dklauk-0 LPzKX\"\/><\/p>\n<p>Avaa kuvien katselu<\/p>\n<p>Argentiinassa Falklandin saarista k\u00e4ytet\u00e4\u00e4n nime\u00e4 Malvinas. Malvinas-saarten veteraanij\u00e4rjest\u00f6 osoitti huhtikuussa 2025 mielt\u00e4\u00e4n Britannian Buenos Airesin -l\u00e4hetyst\u00f6n edustalla. Kuva: Miguel M Caama\u00f1o \/ AOP<\/p>\n<p class=\"aw__sc-1qwuw0s-0 aw__sc-ngllmo-0 epAWpq fzYpjk yle__article__paragraph\">My\u00f6s maan vasemmistolaisille peronisteille on Teivaisen mukaan t\u00e4rke\u00e4\u00e4 Argentiinan suvereniteetin puolustaminen. Heille Falklandin saarten kuuluminen Britannialle on kolonialismia.<\/p>\n<p class=\"aw__sc-1qwuw0s-0 aw__sc-ngllmo-0 epAWpq fzYpjk yle__article__paragraph\">Sitten on maltillinen oikeisto, jolle talous ja sit\u00e4 yll\u00e4pit\u00e4v\u00e4 kansainv\u00e4linen yhteisty\u00f6 ovat t\u00e4rkeit\u00e4. He ovat Teivaisen mukaan pyrkineet ottamaan Falkland-kysymykseen keskustelevampaa linjaa. Aiemmin libertaarioikeistolaiseksi identifioituva Milei on ollut l\u00e4hemp\u00e4n\u00e4 heit\u00e4.<\/p>\n<p class=\"aw__sc-1qwuw0s-0 aw__sc-ngllmo-0 epAWpq fzYpjk yle__article__paragraph\">Vaatimalla vahvasti Falklandinsaarten suvereniteettia ja suitsimalla alueella toimivia yhti\u00f6it\u00e4 h\u00e4n on l\u00e4hentynyt sek\u00e4 argentiinalaista sotilasoikeistoa ett\u00e4 vasemmistolaisia peronisteja.<\/p>\n<p class=\"aw__sc-1qwuw0s-0 aw__sc-ngllmo-0 epAWpq fzYpjk yle__article__paragraph\">\u2013 Ulkoisen vastustajan l\u00f6yt\u00e4minen ja lipun alle yhdistyminen on perinteinen vaalitaktiikka, Teivainen sanoo.<\/p>\n<p class=\"aw__sc-1qwuw0s-0 aw__sc-ngllmo-0 epAWpq fzYpjk yle__article__paragraph\">Britanniassa Mileit\u00e4 hiert\u00e4\u00e4 my\u00f6s sen t\u00e4m\u00e4nhetkisen hallituksen vasemmistolaisuus, jota Milei halveksuu.<\/p>\n<p><img decoding=\"async\" alt=\"Falklandin saarten p\u00e4\u00e4kaupunki Port Stanley on pieni, kolmen tuhannen asukkaan kaupunki.\" src=\"https:\/\/www.europesays.com\/fi\/wp-content\/uploads\/2026\/09\/1788504550.jpeg\" loading=\"lazy\" class=\"aw__sc-dklauk-0 LPzKX\"\/><\/p>\n<p>Avaa kuvien katselu<\/p>\n<p>Falklandin saarten p\u00e4\u00e4kaupunki Port Stanley on pieni, kolmen tuhannen asukkaan kaupunki. Kaikkiaan saarilla asuu 3 700 ihmist\u00e4. Kuva: Geoff Pugh \/ AOPTrump kostaa Britannialle<\/p>\n<p class=\"aw__sc-1qwuw0s-0 aw__sc-ngllmo-0 epAWpq fzYpjk yle__article__paragraph\">Trumpin Falklandinsaariin liittyv\u00e4 uhittelu liittyy Iraniin.<\/p>\n<p class=\"aw__sc-1qwuw0s-0 aw__sc-ngllmo-0 epAWpq fzYpjk yle__article__paragraph\">\u2013 Britit eiv\u00e4t ole antaneet Yhdysvalloille tukea Iranin sodassa, ja nyt Yhdysvallat on ilmoittanut, etteiv\u00e4t he en\u00e4\u00e4 tue Britannian Falklandinsaariin liittyvi\u00e4 vaatimuksia samalla tavalla kuin aiemmin, Teivainen sanoo.<\/p>\n<p class=\"aw__sc-1qwuw0s-0 aw__sc-ngllmo-0 epAWpq fzYpjk yle__article__paragraph\">Jo huhtikuussa uutistoimisto <a class=\"aw__sc-ngllmo-1 bTDnwX yle__article__link\" href=\"https:\/\/www.reuters.com\/world\/pentagon-email-floats-suspending-spain-nato-other-steps-over-iran-rift-source-2026-04-24\/\" role=\"link\" rel=\"nofollow noopener\" target=\"_blank\">Reuters<\/a> uutisoi Pentagonin s\u00e4hk\u00f6postista, jossa luonnosteltiin kuinka Yhdysvallat voisi rangaista Britanniaa puutteelliseksi kokemastaan tuesta Iranin sodassa vet\u00e4m\u00e4ll\u00e4 Yhdysvaltojen tuen pois Britannian suvereniteetilta Falklandinsaarilla.<\/p>\n<p class=\"aw__sc-1qwuw0s-0 aw__sc-ngllmo-0 epAWpq fzYpjk yle__article__paragraph\">Britannian ulkoministeri <strong class=\"aw__sc-ngllmo-2 gdRrun yle__article__strong\">Ed Miliband<\/strong> totesi t\u00e4n\u00e4\u00e4n perjantaina, ett\u00e4 Britannian kanta saariin on \u201dhorjumaton\u201d ja ett\u00e4 saaret pysyv\u00e4t brittil\u00e4isin\u00e4, koska \u201dse on saarten asukkaiden ylivoimainen tahto\u201d, uutisoi Britannian yleisradioyhti\u00f6 <a class=\"aw__sc-ngllmo-1 bTDnwX yle__article__link\" href=\"https:\/\/www.bbc.com\/news\/articles\/clyk18g1l8ko\" role=\"link\" rel=\"nofollow noopener\" target=\"_blank\">BBC<\/a>.<\/p>\n<p><img decoding=\"async\" alt=\"Port Stanleyss\u00e4 oli hein\u00e4kuussa ripustettu ikkunaan viesti argentiinalaisille: Olette tervetulleita maahamme, kun luovutte vaatimuksistanne saartamme kohtaan ja tunnustatte itsem\u00e4\u00e4r\u00e4\u00e4misoikeutemme.\" src=\"https:\/\/www.europesays.com\/fi\/wp-content\/uploads\/2026\/09\/1788548055_521_1788504550.jpeg\" loading=\"lazy\" class=\"aw__sc-dklauk-0 LPzKX\"\/><\/p>\n<p>Avaa kuvien katselu<\/p>\n<p>Port Stanleyss\u00e4 oli hein\u00e4kuussa ripustettu ikkunaan viesti argentiinalaisille: Olette tervetulleita maahamme, kun luovutte vaatimuksistanne saartamme kohtaan ja tunnustatte itsem\u00e4\u00e4r\u00e4\u00e4misoikeutemme. Kuva: Geoff Pugh \/ AOPMy\u00f6s Trump on muuttunut ja se saattaa kostautua vaaleissa<\/p>\n<p class=\"aw__sc-1qwuw0s-0 aw__sc-ngllmo-0 epAWpq fzYpjk yle__article__paragraph\">Teivaisen mukaan kiista Falklandinsaarten ymp\u00e4rill\u00e4 heijastelee syvemp\u00e4\u00e4 muutosta Trumpissa ja h\u00e4nen hallinnossaan.<\/p>\n<p class=\"aw__sc-1qwuw0s-0 aw__sc-ngllmo-0 epAWpq fzYpjk yle__article__paragraph\">Trumpin kannattajat ovat kritisoineet esimerkiksi aiempia demokraattihallintoja sek\u00e4 Bushien hallintoja siit\u00e4, ett\u00e4 n\u00e4m\u00e4 ovat sekaantuneet muiden maiden asioihin levitt\u00e4ess\u00e4\u00e4n demokratiaa ja ihmisoikeuksia.<\/p>\n<p class=\"aw__sc-1qwuw0s-0 aw__sc-ngllmo-0 epAWpq fzYpjk yle__article__paragraph\">Perinteiseen MAGA-ideologiaan on kuulunut Amerikka ensin ajattelu, jonka mukaisesti Yhdysvaltojen tulee panostaa omaan maahansa.<\/p>\n<p class=\"aw__sc-1qwuw0s-0 aw__sc-ngllmo-0 epAWpq fzYpjk yle__article__paragraph\">Trumpin toisella kaudella Yhdysvaltain hallinnon edustajat ovat <a class=\"aw__sc-ngllmo-1 bTDnwX yle__article__link\" href=\"https:\/\/www.reuters.com\/world\/europe\/berlin-says-vance-should-not-interfere-german-politics-2025-02-14\/\" role=\"link\" rel=\"nofollow noopener\" target=\"_blank\">tukeneet<\/a> esimerkiksi laitaoikeistoksi luokiteltuja tahoja, jotka pyrkiv\u00e4t muuttamaan Euroopan suunnan.<\/p>\n<p><img decoding=\"async\" alt=\"USA:s vicepresident JD Vance, USA:s f\u00f6rsvarschef Dan Caine och f\u00f6rsvarsminister Pete Hegseth (fr\u00e5n h\u00f6ger till v\u00e4nster) sitter och ser bekymrade ut i. \" src=\"https:\/\/www.europesays.com\/fi\/wp-content\/uploads\/2026\/09\/1785062698.jpeg\" loading=\"lazy\" class=\"aw__sc-dklauk-0 LPzKX\"\/><\/p>\n<p>Avaa kuvien katselu<\/p>\n<p>Yhdysvaltain varapresidentti J. D. Vance (kuvassa etualalla) tapasi helmikuussa Saksan laitaoikeistolaisen AfD-puolueen johtoa ja puhui puolueesta poliittisena kumppanina. Kuva: Daniel Torok \/ Official White House Photo\/ Alamy<\/p>\n<p class=\"aw__sc-1qwuw0s-0 aw__sc-ngllmo-0 epAWpq fzYpjk yle__article__paragraph\">\u2013 He perustelevat sen halulla pelastaa l\u00e4ntinen sivilisaatio. Siin\u00e4 on j\u00e4nn\u00e4ll\u00e4 tavalla samantyyppist\u00e4 asetelmaa ja puhetapaa kuin heid\u00e4n halveksumillaan demokraateilla ja Busheilla, eli ett\u00e4 sekaannutaan ideologisesti muiden maiden asioihin, Teivainen sanoo<\/p>\n<p class=\"aw__sc-1qwuw0s-0 aw__sc-ngllmo-0 epAWpq fzYpjk yle__article__paragraph\">My\u00f6s Yhdysvalloissa Falkland-kommentointi osuu vaaleja edelt\u00e4v\u00e4\u00e4n aikaan. Maassa pidet\u00e4\u00e4n marraskuussa v\u00e4livaalit.<\/p>\n<p class=\"aw__sc-1qwuw0s-0 aw__sc-ngllmo-0 epAWpq fzYpjk yle__article__paragraph\">Toisin kuin Mileille Argentiinassa, Trumpille Britannian suomiminen Falklandsaarten kysymyksell\u00e4 voi Teivaisen mukaan kostautua.<\/p>\n<p class=\"aw__sc-1qwuw0s-0 aw__sc-ngllmo-0 epAWpq fzYpjk yle__article__paragraph\">\u2013 Se, ett\u00e4 l\u00e4hdet\u00e4\u00e4n rikkomaan v\u00e4lej\u00e4 l\u00e4ntisen Euroopan maihin, voi vied\u00e4 Trumpilta tukea perinteisen yhdysvaltalaisen oikeiston piireiss\u00e4, Teivainen sanoo.<\/p>\n<p>Kilpailu \u00f6ljyst\u00e4<\/p>\n<p class=\"aw__sc-1qwuw0s-0 aw__sc-ngllmo-0 epAWpq fzYpjk yle__article__paragraph\">Mileit\u00e4 kiinnostavat my\u00f6s Falklandin saarten tuntumassa olevat \u00f6ljyesiintym\u00e4t.<\/p>\n<p class=\"aw__sc-1qwuw0s-0 aw__sc-ngllmo-0 epAWpq fzYpjk yle__article__paragraph\">Noin 200 kilometrin p\u00e4\u00e4ss\u00e4 saarista sijaitseva Sea Lion -\u00f6ljykentt\u00e4 sis\u00e4lt\u00e4\u00e4 merkitt\u00e4v\u00e4n m\u00e4\u00e4r\u00e4n \u00f6ljy\u00e4, arviolta 1,7 miljardia barrelia.<\/p>\n<p class=\"aw__sc-1qwuw0s-0 aw__sc-ngllmo-0 epAWpq fzYpjk yle__article__paragraph\">Toinen Falklandin saarten l\u00e4heisyydess\u00e4 toimivista ja Milein sanktiopolitiikan kohteeksi joutuvista \u00f6ljy-yhti\u00f6ist\u00e4 on brittil\u00e4inen Rockhopper Exploration, toinen israelilainen Navitas Petroleum.<\/p>\n<p class=\"aw__sc-1qwuw0s-0 aw__sc-ngllmo-0 epAWpq fzYpjk yle__article__paragraph\">Niiden on m\u00e4\u00e4r\u00e4 aloittaa \u00f6ljynporaus Sea Lion -\u00f6ljykent\u00e4ll\u00e4 kahden vuoden kuluessa. T\u00e4t\u00e4 Argentiina ei Milein mukaan voi sallia.<\/p>\n<p class=\"aw__sc-1qwuw0s-0 aw__sc-ngllmo-0 epAWpq fzYpjk yle__article__paragraph\">Perinteisesti Milei on suhtautunut Israeliin eritt\u00e4in my\u00f6nteisesti.<\/p>\n<p class=\"aw__sc-1qwuw0s-0 aw__sc-ngllmo-0 epAWpq fzYpjk yle__article__paragraph\">Teivaisen mukaan t\u00e4m\u00e4 on osoitus siit\u00e4, ett\u00e4 politiikassa ja taloudessa rintamalinjat eiv\u00e4t ole yksiselitteisi\u00e4.<\/p>\n","protected":false},"excerpt":{"rendered":"Argentiinan presidentti Javier Milei vaati torstaina Falklandinsaaria Argentiinalle. H\u00e4n ilmoitti my\u00f6s pakotteista saarilla toimiville ulkomaisille \u00f6ljy-yrityksille. Milei viittasi&hellip;\n","protected":false},"author":2,"featured_media":341546,"comment_status":"","ping_status":"","sticky":false,"template":"","format":"standard","meta":{"footnotes":"","_share_on_mastodon":"0"},"categories":[5],"tags":[3218,42110,22,23,1775,41823,26,27,33,31,30,17,28865,24,25,28,29,15,18,21,32,19,20,56,16],"class_list":["post-341545","post","type-post","status-publish","format-standard","has-post-thumbnail","category-otsikot","tag-argentiina","tag-argentiinan-politiikka","tag-breaking-news","tag-breakingnews","tag-britannia","tag-falklandinsaaret","tag-featured-news","tag-featurednews","tag-fi","tag-finland","tag-finnish","tag-headlines","tag-javier-milei","tag-latest-news","tag-latestnews","tag-main-news","tag-mainnews","tag-news","tag-otsikot","tag-paauutiset","tag-suomi","tag-top-stories","tag-topstories","tag-ulkomaat","tag-uutiset"],"share_on_mastodon":{"url":"https:\/\/pubeurope.com\/@fi\/117214292811677589","error":""},"_links":{"self":[{"href":"https:\/\/www.europesays.com\/fi\/wp-json\/wp\/v2\/posts\/341545","targetHints":{"allow":["GET"]}}],"collection":[{"href":"https:\/\/www.europesays.com\/fi\/wp-json\/wp\/v2\/posts"}],"about":[{"href":"https:\/\/www.europesays.com\/fi\/wp-json\/wp\/v2\/types\/post"}],"author":[{"embeddable":true,"href":"https:\/\/www.europesays.com\/fi\/wp-json\/wp\/v2\/users\/2"}],"replies":[{"embeddable":true,"href":"https:\/\/www.europesays.com\/fi\/wp-json\/wp\/v2\/comments?post=341545"}],"version-history":[{"count":0,"href":"https:\/\/www.europesays.com\/fi\/wp-json\/wp\/v2\/posts\/341545\/revisions"}],"wp:featuredmedia":[{"embeddable":true,"href":"https:\/\/www.europesays.com\/fi\/wp-json\/wp\/v2\/media\/341546"}],"wp:attachment":[{"href":"https:\/\/www.europesays.com\/fi\/wp-json\/wp\/v2\/media?parent=341545"}],"wp:term":[{"taxonomy":"category","embeddable":true,"href":"https:\/\/www.europesays.com\/fi\/wp-json\/wp\/v2\/categories?post=341545"},{"taxonomy":"post_tag","embeddable":true,"href":"https:\/\/www.europesays.com\/fi\/wp-json\/wp\/v2\/tags?post=341545"}],"curies":[{"name":"wp","href":"https:\/\/api.w.org\/{rel}","templated":true}]}}