{"id":341551,"date":"2026-09-04T19:17:16","date_gmt":"2026-09-04T19:17:16","guid":{"rendered":"https:\/\/www.europesays.com\/fi\/341551\/"},"modified":"2026-09-04T19:17:16","modified_gmt":"2026-09-04T19:17:16","slug":"lindsay-clancyn-murhaoikeudenkaynnista-farssi-tuomari-vihelsi-pelin-poikki","status":"publish","type":"post","link":"https:\/\/www.europesays.com\/fi\/341551\/","title":{"rendered":"Lindsay Clancyn murhaoikeudenk\u00e4ynnist\u00e4 farssi: Tuomari vihelsi pelin poikki"},"content":{"rendered":"<p><strong class=\"typography-bold\">Kohuoikeudenk\u00e4ynti p\u00e4\u00e4ttyi tuloksettomana. Seuraavaksi syytt\u00e4j\u00e4t joutuvat harkitsemaan, vied\u00e4\u00e4nk\u00f6 tapaus uudelleen k\u00e4r\u00e4jille.<\/strong><\/p>\n<p>Yhdysvalloissa <strong class=\"typography-bold\">Lindsay Clancyn\u00a0<\/strong>kohuoikeudenk\u00e4ynti on p\u00e4\u00e4ttynyt farssiin. <a class=\"underline\" data-testid=\"external-link\" href=\"https:\/\/www.nytimes.com\/live\/2026\/09\/04\/us\/lindsay-clancy-trial-deadlock\" rel=\"noopener nofollow\" target=\"_blank\">New York Timesin<\/a> mukaan valamiehist\u00f6 ei viikon neuvotteluista huolimatta onnistunut p\u00e4\u00e4sem\u00e4\u00e4n yksimielisyyteen.\u00a0<\/p>\n<p>T\u00e4m\u00e4n vuoksi tapausta hoitava tuomari <strong class=\"typography-bold\">William Sullivan <\/strong>julisti oikeudenk\u00e4ynnin ep\u00e4onnistuneeksi.<\/p>\n<p>K\u00e4yt\u00e4nn\u00f6ss\u00e4 oikeudenk\u00e4ynti p\u00e4\u00e4tettiin tuloksettomana. Syytt\u00e4j\u00e4t joutuvat seuraavaksi harkitsemaan, viev\u00e4tk\u00f6 he tapauksen uudelleen k\u00e4r\u00e4jille. Uudessa oikeudenk\u00e4ynniss\u00e4 olisi my\u00f6s uusi valamiehist\u00f6.<\/p>\n<p>Syytt\u00e4j\u00e4t voivat my\u00f6s yritt\u00e4\u00e4 neuvotella Clancyn kanssa syytesopimuksen<strong class=\"typography-bold\">.<\/strong><\/p>\n<p>Uutistoimisto AP kertoi keskiviikkona, ett\u00e4 olisi ep\u00e4todenn\u00e4k\u00f6ist\u00e4, ett\u00e4 syytt\u00e4j\u00e4t p\u00e4\u00e4tt\u00e4isiv\u00e4t luopua jutusta, mik\u00e4li ensimm\u00e4inen oikeudenk\u00e4ynti p\u00e4\u00e4ttyy tuloksettomana.\u00a0<\/p>\n<p>Oikeudenk\u00e4ynnin aikana kaksitoistahenkinen valamiehist\u00f6 ajautui umpikujaan, kun yksi j\u00e4sen aiheutti kannallaan pattitilanteen.\u00a0<\/p>\n<p>New York Timesin mukaan 11 j\u00e4sent\u00e4 olisi ollut valmis julistamaan Clancyn syytt\u00f6m\u00e4ksi. Yksi j\u00e4sen puolestaan esti yksimielisen ratkaisun antamisen.<\/p>\n<p>NY Timesin tiedot perustuvat Clancyn asianajan <strong class=\"typography-bold\">Kevin Reddingtonin <\/strong>sanomisiin.<\/p>\n<p>Amerikkalaislehti kuitenkin toteaa, ettei ole selv\u00e4\u00e4, mit\u00e4 kaikkia syytteit\u00e4 mahdollinen syytt\u00f6m\u00e4ksi julistaminen olisi koskenut.<\/p>\n<p>Tapauksen tuomari joutui k\u00e4sittelyn aikana varmistamaan jokaiselta valamiehist\u00f6n j\u00e4senelt\u00e4, ymm\u00e4rt\u00e4v\u00e4tk\u00f6 n\u00e4m\u00e4, mit\u00e4 lakitermi \u201dvarteenotettava ep\u00e4ily\u201d k\u00e4yt\u00e4nn\u00f6ss\u00e4 tarkoittaa.<\/p>\n<p><strong class=\"typography-bold\">Huolestuttava hakuhistoria<\/strong><\/p>\n<p>Valtavaa huomiota her\u00e4tt\u00e4neess\u00e4 tapauksessa on ollut kyse siit\u00e4, ett\u00e4 \u00e4iti Lindsay Clancy surmasi kolme lastaan kuristamalla, mink\u00e4 j\u00e4lkeen h\u00e4n yritti my\u00f6s tappaa itsens\u00e4.\u00a0<\/p>\n<p>Clancy on itsemurhayrityksens\u00e4 j\u00e4ljilt\u00e4 halvaantunut vy\u00f6t\u00e4r\u00f6st\u00e4 alasp\u00e4in, ja istuu py\u00f6r\u00e4tuolissa. H\u00e4n on my\u00f6nt\u00e4nyt lastensa surmat, mutta tapauksessa keskeist\u00e4 on, oliko h\u00e4n teoistaan rikosoikeudellisessa vastuussa.<\/p>\n<p>Puolustuksen mukaan Clancy k\u00e4rsi synnytyksen j\u00e4lkeisest\u00e4 psykoosista ja kaksisuuntaisesta mielialah\u00e4iri\u00f6st\u00e4.<\/p>\n","protected":false},"excerpt":{"rendered":"Kohuoikeudenk\u00e4ynti p\u00e4\u00e4ttyi tuloksettomana. Seuraavaksi syytt\u00e4j\u00e4t joutuvat harkitsemaan, vied\u00e4\u00e4nk\u00f6 tapaus uudelleen k\u00e4r\u00e4jille. Yhdysvalloissa Lindsay Clancyn\u00a0kohuoikeudenk\u00e4ynti on p\u00e4\u00e4ttynyt farssiin. New&hellip;\n","protected":false},"author":2,"featured_media":341552,"comment_status":"","ping_status":"","sticky":false,"template":"","format":"standard","meta":{"footnotes":"","_share_on_mastodon":"0"},"categories":[76],"tags":[79,77,33,31,30,32,78],"class_list":["post-341551","post","type-post","status-publish","format-standard","has-post-thumbnail","category-talous","tag-business","tag-economy","tag-fi","tag-finland","tag-finnish","tag-suomi","tag-talous"],"share_on_mastodon":{"url":"https:\/\/pubeurope.com\/@fi\/117214383401854839","error":""},"_links":{"self":[{"href":"https:\/\/www.europesays.com\/fi\/wp-json\/wp\/v2\/posts\/341551","targetHints":{"allow":["GET"]}}],"collection":[{"href":"https:\/\/www.europesays.com\/fi\/wp-json\/wp\/v2\/posts"}],"about":[{"href":"https:\/\/www.europesays.com\/fi\/wp-json\/wp\/v2\/types\/post"}],"author":[{"embeddable":true,"href":"https:\/\/www.europesays.com\/fi\/wp-json\/wp\/v2\/users\/2"}],"replies":[{"embeddable":true,"href":"https:\/\/www.europesays.com\/fi\/wp-json\/wp\/v2\/comments?post=341551"}],"version-history":[{"count":0,"href":"https:\/\/www.europesays.com\/fi\/wp-json\/wp\/v2\/posts\/341551\/revisions"}],"wp:featuredmedia":[{"embeddable":true,"href":"https:\/\/www.europesays.com\/fi\/wp-json\/wp\/v2\/media\/341552"}],"wp:attachment":[{"href":"https:\/\/www.europesays.com\/fi\/wp-json\/wp\/v2\/media?parent=341551"}],"wp:term":[{"taxonomy":"category","embeddable":true,"href":"https:\/\/www.europesays.com\/fi\/wp-json\/wp\/v2\/categories?post=341551"},{"taxonomy":"post_tag","embeddable":true,"href":"https:\/\/www.europesays.com\/fi\/wp-json\/wp\/v2\/tags?post=341551"}],"curies":[{"name":"wp","href":"https:\/\/api.w.org\/{rel}","templated":true}]}}