{"id":341553,"date":"2026-09-04T19:18:18","date_gmt":"2026-09-04T19:18:18","guid":{"rendered":"https:\/\/www.europesays.com\/fi\/341553\/"},"modified":"2026-09-04T19:18:18","modified_gmt":"2026-09-04T19:18:18","slug":"asiantuntija-norjan-vallanvaihdosta-oikeastaan-pahin-mahdollinen","status":"publish","type":"post","link":"https:\/\/www.europesays.com\/fi\/341553\/","title":{"rendered":"Asiantuntija Norjan vallanvaihdosta: &#8221;Oikeastaan pahin mahdollinen&#8221;"},"content":{"rendered":"<p><strong class=\"typography-bold\">Norjan vallanvaihto tapahtui suurten kohujen varjostamana.<\/strong><\/p>\n<p>Norjassa valta vaihtui viikko sitten, kun <a class=\"cursor-pointer underline\" data-testid=\"internal-link\" role=\"link\" href=\"https:\/\/www.mtvuutiset.fi\/aihe\/kuningas-harald\/7954874\" rel=\"nofollow noopener\" target=\"_blank\">kuningas <strong class=\"typography-bold\">Harald<\/strong><\/a><strong class=\"typography-bold\"> <\/strong>menehtyi 89-vuotiaana ja valtaan nousi h\u00e4nen poikansa <a class=\"cursor-pointer underline\" data-testid=\"internal-link\" role=\"link\" href=\"https:\/\/www.mtvuutiset.fi\/aihe\/kuningas-haakon\/2836402\" rel=\"nofollow noopener\" target=\"_blank\"><strong class=\"typography-bold\">Haakon<\/strong><\/a>, 53.\u00a0<\/p>\n<p>Kuninkaallisasiantuntija, kirjailija <strong class=\"typography-bold\">Satu Jaatinen <\/strong>arvioi MTV Uutisille, ett\u00e4 vallanvaihdon ajankohta oli Norjan kuninkaallisille \u00e4\u00e4rimm\u00e4isen ep\u00e4otollinen.\u00a0<\/p>\n<p>\u2013 Oli oikeastaan pahin mahdollinen. Ty\u00f6ntekij\u00f6it\u00e4 ei hirve\u00e4sti t\u00e4ll\u00e4 hetkell\u00e4 hovissa ole, siell\u00e4 on niin moni vet\u00e4ytynyt tai sairastunut ja tosiaan koko vuosi on ollut vain negatiivisten uutisten vy\u00f6ry\u00e4. Ne eiv\u00e4t t\u00e4h\u00e4n lopu, siell\u00e4 on viel\u00e4 k\u00e4sittelem\u00e4tt\u00f6mi\u00e4 asioita.\u00a0<\/p>\n<p>Monet asiat ovat parin viime vuoden aikana aiheuttaneet kohua: kuningattareksi viime viikolla nousseen <a class=\"cursor-pointer underline\" data-testid=\"internal-link\" role=\"link\" href=\"https:\/\/www.mtvuutiset.fi\/aihe\/kuningatar-mette-marit\/2836364\" rel=\"nofollow noopener\" target=\"_blank\"><strong class=\"typography-bold\">Mette-Maritin<\/strong><\/a><strong class=\"typography-bold\"> <\/strong>yhteydet edesmenneeseen, tuomittuun seksuaalirikolliseen <a class=\"cursor-pointer underline\" data-testid=\"internal-link\" role=\"link\" href=\"https:\/\/www.mtvuutiset.fi\/aihe\/jeffrey-epstein\/7497080\" rel=\"nofollow noopener\" target=\"_blank\"><strong class=\"typography-bold\">Jeffrey Epsteiniin<\/strong><\/a>, h\u00e4nen poikansa <a class=\"underline\" data-testid=\"external-link\" href=\"https:\/\/www.mtvuutiset.fi\/aihe\/marius-borg-hiby\/9056910\" rel=\"noopener nofollow\" target=\"_blank\"><strong class=\"typography-bold\">Marius Borg H\u00f8ibyn<\/strong><\/a><strong class=\"typography-bold\"> <\/strong>rikokset ja tuomiot sek\u00e4 Mette-Maritin heikko terveydentila.\u00a0<\/p>\n<p>Mette-Marit ei ole Jaatisen mukaan kovinkaan suosittu t\u00e4ll\u00e4 hetkell\u00e4. Tuoreelle kuningattarelle, joka sairastaa kroonista keuhkofibroosia, tehtiin keuhkonsiirto kes\u00e4kuussa. Jaatisen mukaan h\u00e4nelle on nyt annettu aikaa toipua suuresta operaatiosta.\u00a0<\/p>\n<p>\u2013 H\u00e4nt\u00e4 ei nyt oikeastaan ruveta arvioimaan mill\u00e4\u00e4n tavalla.\u00a0<\/p>\n<p><strong class=\"typography-bold\">Lue my\u00f6s: <\/strong><a class=\"cursor-pointer underline\" data-testid=\"internal-link\" role=\"link\" href=\"https:\/\/www.mtvuutiset.fi\/artikkeli\/tallainen-on-norjan-uusi-kuningas-haakon-astuu-rooliinsa-hovin-historian-kamalimpaan-kriisiaikaan\/9384018\" rel=\"nofollow noopener\" target=\"_blank\"><strong class=\"typography-bold\">T\u00e4llainen on Norjan uusi kuningas Haakon \u2013 astuu rooliinsa hovin historian kamalimpaan kriisiaikaan<\/strong><\/a><\/p>\n<p>Haraldin kuoleman my\u00f6t\u00e4 huomio on kiinnittynyt j\u00e4lleen my\u00f6s Marius Borg H\u00f8ibyyn, joka n\u00e4htiin alkuviikosta kantamassa kuninkaan arkkua. Ensi viikon keskiviikkona H\u00f8iby my\u00f6s osallistuu Haraldin hautajaisiin, vaikka h\u00e4n on yh\u00e4 tutkintavankeudessa.\u00a0<\/p>\n<p>H\u00f8iby tuomittiin kes\u00e4kuussa nelj\u00e4n vuoden vankeusrangaistukseen muun muassa kahdesta raiskauksesta, pahoinpitelyst\u00e4 ja useista v\u00e4kivaltatapauksista. H\u00e4n on valittanut tuomiosta, ja h\u00e4n on ollut pid\u00e4tettyn\u00e4 13. hein\u00e4kuuta l\u00e4htien. Nilkkamonitoria k\u00e4ytt\u00e4v\u00e4 H\u00f8iby oleilee kuninkaallisten kiinteist\u00f6ll\u00e4 Skaugumissa.<\/p>\n<p>\u2013 Todenn\u00e4k\u00f6isesti t\u00e4ss\u00e4 on ollut ajatuksena, ett\u00e4 korostetaan sit\u00e4 perheen yhten\u00e4isyytt\u00e4. Tiedettiin, ett\u00e4 Haraldilla ja Mariuksella kuitenkin oli ollut ihan l\u00e4mpim\u00e4t v\u00e4lit, h\u00e4n oli h\u00e4nen isois\u00e4puolensa. H\u00e4n on siin\u00e4 mieless\u00e4 kantamassa arkkua, kuin kaikki muutkin lapsenlapset.\u00a0<\/p>\n<p>\u2013 Ei se ehk\u00e4 h\u00e4nen rikostensa uhrien silmiss\u00e4 ole kauhean hyv\u00e4lt\u00e4 n\u00e4ytt\u00e4nyt.\u00a0<\/p>\n<p><img alt=\"29.14252881\" data-testid=\"crops-image\" class=\"h-full w-full object-cover transition duration-700 ease-in-out hover:scale-[1.05]\" fetchpriority=\"low\" loading=\"lazy\" width=\"1024\" height=\"576\" decoding=\"async\" style=\"color:transparent;background-size:cover;background-position:50% 50%;background-repeat:no-repeat;background-image:url(&quot;data:image\/svg+xml;base64,Cjxzdmcgd2lkdGg9IjEwMjQiIGhlaWdodD0iNTc2IiB2ZXJzaW9uPSIxLjEiIHhtbG5zPSJodHRwOi8vd3d3LnczLm9yZy8yMDAwL3N2ZyIgeG1sbnM6eGxpbms9Imh0dHA6Ly93d3cudzMub3JnLzE5OTkveGxpbmsiPgogIDxkZWZzPgogICAgPGxpbmVhckdyYWRpZW50IGlkPSJnIj4KICAgICAgPHN0b3Agc3RvcC1jb2xvcj0iIzBCMTgyMyIgb2Zmc2V0PSIyMCUiIC8+CiAgICAgIDxzdG9wIHN0b3AtY29sb3I9IiMxQTI3MzIiIG9mZnNldD0iNTAlIiAvPgogICAgICA8c3RvcCBzdG9wLWNvbG9yPSIjMEIxODIzIiBvZmZzZXQ9IjcwJSIgLz4KICAgIDwvbGluZWFyR3JhZGllbnQ+CiAgPC9kZWZzPgogIDxyZWN0IHdpZHRoPSIxMDI0IiBoZWlnaHQ9IjU3NiIgZmlsbD0iIzBCMTgyMyIgLz4KICA8cmVjdCBpZD0iciIgd2lkdGg9IjEwMjQiIGhlaWdodD0iNTc2IiBmaWxsPSJ1cmwoI2cpIiAvPgogIDxhbmltYXRlIHhsaW5rOmhyZWY9IiNyIiBhdHRyaWJ1dGVOYW1lPSJ4IiBmcm9tPSItMTAyNCIgdG89IjEwMjQiIGR1cj0iMXMiIHJlcGVhdENvdW50PSJpbmRlZmluaXRlIiAgLz4KPC9zdmc+&quot;)\"  src=\"https:\/\/www.europesays.com\/fi\/wp-content\/uploads\/2026\/09\/1788549498_617_image.jpeg\"\/>My\u00f6s Marius Borg H\u00f8iby n\u00e4htiin alkuviikosta kantamassa kuninkaan arkkua.<\/p>\n<p>H\u00f8ibyn oikeusprosessia tullaan jatkamaan t\u00e4n\u00e4 syksyn\u00e4.\u00a0<\/p>\n<p>\u2013 Mik\u00e4 tahansa h\u00e4nen tuomionsa on, kaikki toivovat, ett\u00e4 siihen tyydytt\u00e4isiin, h\u00e4n sen sitten suorittaisi.\u00a0<\/p>\n<p>\u2013 Nyt h\u00e4n on kuningattaren poika, eli t\u00e4ss\u00e4 vaiheessa kaikenlaiset hidastelut alkavat jo aika pahasti vaikuttaa aseman v\u00e4\u00e4rink\u00e4yt\u00f6lt\u00e4. Mik\u00e4 tahansa tuomio on, kaikille parasta olisi ett\u00e4 h\u00e4n siihen tyytyisi ja suorittaisi sen.\u00a0<\/p>\n<p><strong class=\"typography-bold\">Katso keskustelu yll\u00e4 olevalta videolta.\u00a0<\/strong><\/p>\n","protected":false},"excerpt":{"rendered":"Norjan vallanvaihto tapahtui suurten kohujen varjostamana. Norjassa valta vaihtui viikko sitten, kun kuningas Harald menehtyi 89-vuotiaana ja valtaan&hellip;\n","protected":false},"author":2,"featured_media":341554,"comment_status":"","ping_status":"","sticky":false,"template":"","format":"standard","meta":{"footnotes":"","_share_on_mastodon":"0"},"categories":[14],"tags":[22,23,26,27,33,31,30,17,24,25,28,29,15,18,21,32,19,20,56,16,59,60,61],"class_list":["post-341553","post","type-post","status-publish","format-standard","has-post-thumbnail","category-ulkomaat","tag-breaking-news","tag-breakingnews","tag-featured-news","tag-featurednews","tag-fi","tag-finland","tag-finnish","tag-headlines","tag-latest-news","tag-latestnews","tag-main-news","tag-mainnews","tag-news","tag-otsikot","tag-paauutiset","tag-suomi","tag-top-stories","tag-topstories","tag-ulkomaat","tag-uutiset","tag-world","tag-world-news","tag-worldnews"],"share_on_mastodon":{"url":"https:\/\/pubeurope.com\/@fi\/117214387546669723","error":""},"_links":{"self":[{"href":"https:\/\/www.europesays.com\/fi\/wp-json\/wp\/v2\/posts\/341553","targetHints":{"allow":["GET"]}}],"collection":[{"href":"https:\/\/www.europesays.com\/fi\/wp-json\/wp\/v2\/posts"}],"about":[{"href":"https:\/\/www.europesays.com\/fi\/wp-json\/wp\/v2\/types\/post"}],"author":[{"embeddable":true,"href":"https:\/\/www.europesays.com\/fi\/wp-json\/wp\/v2\/users\/2"}],"replies":[{"embeddable":true,"href":"https:\/\/www.europesays.com\/fi\/wp-json\/wp\/v2\/comments?post=341553"}],"version-history":[{"count":0,"href":"https:\/\/www.europesays.com\/fi\/wp-json\/wp\/v2\/posts\/341553\/revisions"}],"wp:featuredmedia":[{"embeddable":true,"href":"https:\/\/www.europesays.com\/fi\/wp-json\/wp\/v2\/media\/341554"}],"wp:attachment":[{"href":"https:\/\/www.europesays.com\/fi\/wp-json\/wp\/v2\/media?parent=341553"}],"wp:term":[{"taxonomy":"category","embeddable":true,"href":"https:\/\/www.europesays.com\/fi\/wp-json\/wp\/v2\/categories?post=341553"},{"taxonomy":"post_tag","embeddable":true,"href":"https:\/\/www.europesays.com\/fi\/wp-json\/wp\/v2\/tags?post=341553"}],"curies":[{"name":"wp","href":"https:\/\/api.w.org\/{rel}","templated":true}]}}