{"id":341571,"date":"2026-09-04T19:59:11","date_gmt":"2026-09-04T19:59:11","guid":{"rendered":"https:\/\/www.europesays.com\/fi\/341571\/"},"modified":"2026-09-04T19:59:11","modified_gmt":"2026-09-04T19:59:11","slug":"vastaako-uusi-muumi-patsas-mielikuvaa-muumista-kysyimme-puistossa-kavijoilta-ilta-sanomat","status":"publish","type":"post","link":"https:\/\/www.europesays.com\/fi\/341571\/","title":{"rendered":"Vastaako uusi Muumi-patsas mielikuvaa Muumista? Kysyimme puistossa k\u00e4vij\u00f6ilt\u00e4 &#8211; Ilta-Sanomat"},"content":{"rendered":"<ol>\n<li><a href=\"https:\/\/news.google.com\/rss\/articles\/CBMiXEFVX3lxTE5JaGVSbUdnOEI0QWlSbnREcmV0dDF3bTV4QUZCVWRKa2VUUlZ6NVRBal9EQXNzd1dBZml1c295dkpjNkV4SGlkYWZSSkZ2aTUxSFJPdUgycHBnMURH?oc=5\" target=\"_blank\" rel=\"nofollow noopener\">Vastaako uusi Muumi-patsas mielikuvaa Muumista? Kysyimme puistossa k\u00e4vij\u00f6ilt\u00e4<\/a>&nbsp;&nbsp;Ilta-Sanomat<\/li>\n<li><a href=\"https:\/\/news.google.com\/rss\/articles\/CBMie0FVX3lxTE5WRlN6SzMzejdVc3hvRFBmeEtKYmNXY0FRSG9IZjU5LWlsbHNPUnZ2N3Jna3RLY2FfdV9OcUNiMGplS0NCbUt4LTk1b2RsdkdjUEZQWVh2ZnJhZmhOV3JxT3Y0NUZCTWZyX1VJN05IZUl4M2hHaXNBaVBEYw?oc=5\" target=\"_blank\" rel=\"nofollow noopener\">T\u00e4m\u00e4 puisto avautuu viimein Helsingiss\u00e4: \u201dOltiin ainakin puoleeny\u00f6h\u00f6n asti t\u00f6iss\u00e4\u201d<\/a>&nbsp;&nbsp;Iltalehti<\/li>\n<li><a href=\"https:\/\/news.google.com\/rss\/articles\/CBMiXEFVX3lxTE1PQndCbWdHZFhmQmpPRHNwNEJVRGk1UjlEaC04VzR1MHBUWncwdl8tLTlfTWM0bzRmelpIVm44RGZUY1dmLVFWN2ptQmtyU1JKLS1IZERLQ1ctbTBS?oc=5\" target=\"_blank\" rel=\"nofollow noopener\">Tove Janssonin puisto valmistui sittenkin ajoissa<\/a>&nbsp;&nbsp;HS.fi<\/li>\n<li><a href=\"https:\/\/news.google.com\/rss\/articles\/CBMiYEFVX3lxTFAzVXhJWkpxdWpGZDkzUVZVT1dUano5RzVoZGNkeGJuVG5aRHFUYlNPVVZXQlBRSTlxenZJM1F5VmZRcTdESG1sRVkwSHMzdmVacU5YWTRBSlptZ0syWjJTbg?oc=5\" target=\"_blank\" rel=\"nofollow noopener\">Helsingin keskustaan valmistui uusi leikkipaikka \u2013 erikoisuutena 8-metrinen simpukka<\/a>&nbsp;&nbsp;Helsingin Uutiset<\/li>\n<li><a href=\"https:\/\/news.google.com\/rss\/articles\/CBMiXkFVX3lxTE9wTWVVaE9MR1l5QnotSmNsb0JLYm9IUHlBaE00SzUwZmQ5dk5xZEhvYzdFd0VZSnZWbUY1SkxpTWVMeEYwSDhKN0JXdFdZQktPWkRJUTVITXlNS1FJQ0E?oc=5\" target=\"_blank\" rel=\"nofollow noopener\">Helsinki | Tove Janssonin puistossa huhkitaan y\u00f6t\u00e4 my\u00f6ten, jotta se valmistuu huomisen avajaisiin<\/a>&nbsp;&nbsp;HS.fi<\/li>\n<\/ol>\n","protected":false},"excerpt":{"rendered":"Vastaako uusi Muumi-patsas mielikuvaa Muumista? Kysyimme puistossa k\u00e4vij\u00f6ilt\u00e4&nbsp;&nbsp;Ilta-Sanomat T\u00e4m\u00e4 puisto avautuu viimein Helsingiss\u00e4: \u201dOltiin ainakin puoleeny\u00f6h\u00f6n asti t\u00f6iss\u00e4\u201d&nbsp;&nbsp;Iltalehti&hellip;\n","protected":false},"author":2,"featured_media":341572,"comment_status":"","ping_status":"","sticky":false,"template":"","format":"standard","meta":{"footnotes":"","_share_on_mastodon":"0"},"categories":[135],"tags":[389,387,388,390,137,33,31,30,34,32,394,393,391,392,109],"class_list":["post-341571","post","type-post","status-publish","format-standard","has-post-thumbnail","category-taiteet-ja-suunnittelu","tag-arts","tag-arts-and-design","tag-artsanddesign","tag-design","tag-entertainment","tag-fi","tag-finland","tag-finnish","tag-ilta-sanomat","tag-suomi","tag-suunnittelu","tag-taiteet","tag-taiteet-ja-suunnittelu","tag-taiteetsuunnittelu","tag-viihde"],"share_on_mastodon":{"url":"https:\/\/pubeurope.com\/@fi\/117214548093131352","error":""},"_links":{"self":[{"href":"https:\/\/www.europesays.com\/fi\/wp-json\/wp\/v2\/posts\/341571","targetHints":{"allow":["GET"]}}],"collection":[{"href":"https:\/\/www.europesays.com\/fi\/wp-json\/wp\/v2\/posts"}],"about":[{"href":"https:\/\/www.europesays.com\/fi\/wp-json\/wp\/v2\/types\/post"}],"author":[{"embeddable":true,"href":"https:\/\/www.europesays.com\/fi\/wp-json\/wp\/v2\/users\/2"}],"replies":[{"embeddable":true,"href":"https:\/\/www.europesays.com\/fi\/wp-json\/wp\/v2\/comments?post=341571"}],"version-history":[{"count":0,"href":"https:\/\/www.europesays.com\/fi\/wp-json\/wp\/v2\/posts\/341571\/revisions"}],"wp:featuredmedia":[{"embeddable":true,"href":"https:\/\/www.europesays.com\/fi\/wp-json\/wp\/v2\/media\/341572"}],"wp:attachment":[{"href":"https:\/\/www.europesays.com\/fi\/wp-json\/wp\/v2\/media?parent=341571"}],"wp:term":[{"taxonomy":"category","embeddable":true,"href":"https:\/\/www.europesays.com\/fi\/wp-json\/wp\/v2\/categories?post=341571"},{"taxonomy":"post_tag","embeddable":true,"href":"https:\/\/www.europesays.com\/fi\/wp-json\/wp\/v2\/tags?post=341571"}],"curies":[{"name":"wp","href":"https:\/\/api.w.org\/{rel}","templated":true}]}}