{"id":341585,"date":"2026-09-04T20:25:12","date_gmt":"2026-09-04T20:25:12","guid":{"rendered":"https:\/\/www.europesays.com\/fi\/341585\/"},"modified":"2026-09-04T20:25:12","modified_gmt":"2026-09-04T20:25:12","slug":"hippospuisto-nayttaa-mika-tampereen-kehittamisessa-unohtuu","status":"publish","type":"post","link":"https:\/\/www.europesays.com\/fi\/341585\/","title":{"rendered":"Hippospuisto n\u00e4ytt\u00e4\u00e4, mik\u00e4 Tampereen kehitt\u00e4misess\u00e4 unohtuu"},"content":{"rendered":"<p>Tampereella osataan rakentaa uutta, mutta Hippospuisto n\u00e4ytt\u00e4\u00e4, mik\u00e4 kaupungilta unohtuu.<\/p>\n<p><img decoding=\"async\" src=\"https:\/\/www.europesays.com\/fi\/wp-content\/uploads\/2026\/09\/1788553512_85_468.jpg\" alt=\"\" class=\"_Img_1rerz_1\" style=\"aspect-ratio:1920\/1280\" loading=\"eager\"\/><\/p>\n<p class=\"font-(family-name:--picture-caption-font-family) text-(length:--picture-caption-font-size) leading-(--picture-caption-leading) font-(--picture-caption-font-weight) text-(color:--picture-caption-color)\">Kuva:\u00a0Toni Repo \/ Aamulehti<\/p>\n<p class=\"article-body mb-(--paragraph-margin-b) px-nof-16\">Hakamets\u00e4n j\u00e4\u00e4hallin kulmat mullistuvat l\u00e4hivuosien aikana. Rakentamisen on kerrottu alkavan ensi vuonna ja valmista pit\u00e4isi tulla 2035.<\/p>\n<p class=\"article-body mb-(--paragraph-margin-b) px-nof-16\">Siksi on vaikea ymm\u00e4rt\u00e4\u00e4, miksi hallin kyljess\u00e4 sijaitseva Hippospuisto n\u00e4ytt\u00e4\u00e4 edelleen silt\u00e4 kuin se n\u00e4ytt\u00e4\u00e4.<\/p>\n<p class=\"article-body mb-(--paragraph-margin-b) px-nof-16\">Tampereella osataan suunnitella n\u00e4ytt\u00e4v\u00e4sti uutta. Osaako kaupunki arvostaa olemassa olevaa my\u00f6s silloin, kun paikalle ei olla juuri rakentamassa?<\/p>\n<p class=\"article-body mb-(--paragraph-margin-b) px-nof-16\">Hippospuistossa lenkkimaisemaa ovat graffiteilla sutatut roskikset ja penkit, parikymmensenttinen nurmikko ja muhkeat pujopusikot. Tunnelmaa eiv\u00e4t my\u00f6sk\u00e4\u00e4n varsinaisesti paranna vanhat Hipposkyl\u00e4n puutalot, joiden kyljet on vuosien mittaan tahrittu tageilla, ikkunat peitetty pahvisilla luukuilla ja ovet lukittu.<\/p>\n<p class=\"article-body mb-(--paragraph-margin-b) px-nof-16\">Ristiriita korostuu ymp\u00e4rill\u00e4. Hippospuistoon on viime vuosina noussut kerrostaloja, joiden hulppeita asuntoja kaupataan nimenomaan mielikuvalla luonnon helmassa asumisesta.<\/p>\n<p class=\"article-body mb-(--paragraph-margin-b) px-nof-16\">Kun puistossa kulkee pari sataa metri\u00e4 it\u00e4\u00e4n, tunnelma muuttuu t\u00e4ysin. Tapiolanpuiston puolella ja my\u00f6s Kekkosentien toisella puolella sijaitsevassa Kalevanpuistossa tunnelma on varsin erilainen: vastassa ovat siististi leikatut nurmikent\u00e4t ja huolellisesti hoidetut kukkaistutukset.<\/p>\n<p class=\"article-body mb-(--paragraph-margin-b) px-nof-16\">Hippospuistokin on kaupunkilaisten puisto. L\u00e4hiymp\u00e4rist\u00f6n asukkaat lenkitt\u00e4v\u00e4t siell\u00e4 sek\u00e4 itse\u00e4\u00e4n ja koiriaan, kulkevat koulu- ja ty\u00f6matkojaan ja ihan vain viett\u00e4v\u00e4t aikaa. Se sijaitsee vain kolmen kilometrin p\u00e4\u00e4ss\u00e4 Suomen vetovoimaisimman kaupungin Tampereen keskustasta, aivan Kalevan ja Hakamets\u00e4n v\u00e4liss\u00e4 ja tulevaisuudessa suuren liikunta-alueen kyljess\u00e4.<\/p>\n<p class=\"article-body mb-(--paragraph-margin-b) px-nof-16\">Ero ei ole vain silmiss\u00e4ni, sill\u00e4 se l\u00f6ytyy suoraan kaupungin papereista. Tapiolanpuisto ja Kalevanpuisto ovat R3-luokan k\u00e4ytt\u00f6viheralueita, kun taas Hippospuisto kuuluu pyk\u00e4l\u00e4\u00e4 alempaan luokkaan, suoja- ja vaihettumisviheralueisiin.<\/p>\n<p class=\"article-body mb-(--paragraph-margin-b) px-nof-16\">Kaupungilla toki on erolle perusteensa. Sen mukaan Hippospuiston t\u00e4rke\u00e4 teht\u00e4v\u00e4 on suojata ymp\u00e4rist\u00f6\u00e4\u00e4n liikennemelulta, ja siihen tarvitaan puustoista ja monikerroksellista kasvillisuutta.<\/p>\n<p class=\"article-body mb-(--paragraph-margin-b) px-nof-16\">Puiston ei siis ole tarkoituskaan n\u00e4ytt\u00e4\u00e4 Tapiolanpuistolta. Mutta pit\u00e4\u00e4k\u00f6 melulta suojaavan puiston n\u00e4ytt\u00e4\u00e4 silt\u00e4, ettei siit\u00e4 pidet\u00e4 huolta?<\/p>\n<p class=\"article-body mb-(--paragraph-margin-b) px-nof-16\">Tampereen elinvoimalle on paljon k\u00e4yt\u00e4nn\u00f6n n\u00e4ytt\u00f6\u00e4. T\u00e4\u00e4ll\u00e4 sek\u00e4 osataan ja uskalletaan suunnitella suuria \u2013 ja my\u00f6s toteuttaa suunnitelmat. Juuri siksi Hippospuisto n\u00e4ytt\u00e4\u00e4 niin oudolta. Kaupungin viihtyvyyden pit\u00e4isi kuitenkin synty\u00e4 my\u00f6s yll\u00e4pidosta, ei pelk\u00e4st\u00e4\u00e4n uuden luomisesta.<\/p>\n<p class=\"article-body mb-(--paragraph-margin-b) px-nof-16\">Tampereen ei pit\u00e4isi osata pit\u00e4\u00e4 puistosta huolta vasta sitten, kun sen ymp\u00e4rille on rakennettu jotain uutta, eik\u00e4 Hippospuiston joutua odottamaan Hakamets\u00e4n uutta tulemista. Seh\u00e4n on puisto jo nyt.<\/p>\n<p class=\"nof-ui-body-medium break-words mb-(--paragraph-margin-b) px-nof-16\">Kirjoittaja on Moron toimittaja.<\/p>\n","protected":false},"excerpt":{"rendered":"Tampereella osataan rakentaa uutta, mutta Hippospuisto n\u00e4ytt\u00e4\u00e4, mik\u00e4 kaupungilta unohtuu. Kuva:\u00a0Toni Repo \/ Aamulehti Hakamets\u00e4n j\u00e4\u00e4hallin kulmat mullistuvat&hellip;\n","protected":false},"author":2,"featured_media":341586,"comment_status":"","ping_status":"","sticky":false,"template":"","format":"standard","meta":{"footnotes":"","_share_on_mastodon":"0"},"categories":[135],"tags":[157,389,387,388,390,137,33,31,30,32,394,393,391,392,109],"class_list":["post-341585","post","type-post","status-publish","format-standard","has-post-thumbnail","category-taiteet-ja-suunnittelu","tag-aamulehti","tag-arts","tag-arts-and-design","tag-artsanddesign","tag-design","tag-entertainment","tag-fi","tag-finland","tag-finnish","tag-suomi","tag-suunnittelu","tag-taiteet","tag-taiteet-ja-suunnittelu","tag-taiteetsuunnittelu","tag-viihde"],"share_on_mastodon":{"url":"https:\/\/pubeurope.com\/@fi\/117214650661937061","error":""},"_links":{"self":[{"href":"https:\/\/www.europesays.com\/fi\/wp-json\/wp\/v2\/posts\/341585","targetHints":{"allow":["GET"]}}],"collection":[{"href":"https:\/\/www.europesays.com\/fi\/wp-json\/wp\/v2\/posts"}],"about":[{"href":"https:\/\/www.europesays.com\/fi\/wp-json\/wp\/v2\/types\/post"}],"author":[{"embeddable":true,"href":"https:\/\/www.europesays.com\/fi\/wp-json\/wp\/v2\/users\/2"}],"replies":[{"embeddable":true,"href":"https:\/\/www.europesays.com\/fi\/wp-json\/wp\/v2\/comments?post=341585"}],"version-history":[{"count":0,"href":"https:\/\/www.europesays.com\/fi\/wp-json\/wp\/v2\/posts\/341585\/revisions"}],"wp:featuredmedia":[{"embeddable":true,"href":"https:\/\/www.europesays.com\/fi\/wp-json\/wp\/v2\/media\/341586"}],"wp:attachment":[{"href":"https:\/\/www.europesays.com\/fi\/wp-json\/wp\/v2\/media?parent=341585"}],"wp:term":[{"taxonomy":"category","embeddable":true,"href":"https:\/\/www.europesays.com\/fi\/wp-json\/wp\/v2\/categories?post=341585"},{"taxonomy":"post_tag","embeddable":true,"href":"https:\/\/www.europesays.com\/fi\/wp-json\/wp\/v2\/tags?post=341585"}],"curies":[{"name":"wp","href":"https:\/\/api.w.org\/{rel}","templated":true}]}}