{"id":341593,"date":"2026-09-04T20:36:12","date_gmt":"2026-09-04T20:36:12","guid":{"rendered":"https:\/\/www.europesays.com\/fi\/341593\/"},"modified":"2026-09-04T20:36:12","modified_gmt":"2026-09-04T20:36:12","slug":"skandaali-ruotsissa-vaalien-alla-sihteeria-epaillaan-venaja-yhteyksista","status":"publish","type":"post","link":"https:\/\/www.europesays.com\/fi\/341593\/","title":{"rendered":"Skandaali Ruotsissa vaalien alla \u2013 sihteeri\u00e4 ep\u00e4ill\u00e4\u00e4n Ven\u00e4j\u00e4-yhteyksist\u00e4"},"content":{"rendered":"<p>Valtiop\u00e4ivill\u00e4 toimivan naisen toimintaa ja yhteyksi\u00e4 pidet\u00e4\u00e4n turvallisuusriskin\u00e4.<\/p>\n<p><img decoding=\"async\" src=\"https:\/\/www.europesays.com\/fi\/wp-content\/uploads\/2026\/09\/1788554172_794_468.jpg\" alt=\"Ruotsidemokraattien puheenjohtaja Jimmie \u00c5kesson vaalitilaisuudessa G\u00f6teborgin Olof Palmen Aukiolla 2018. Puolueen ty\u00f6ntekij\u00e4\u00e4 ep\u00e4ill\u00e4\u00e4n yhteyksist\u00e4 Ven\u00e4j\u00e4\u00e4n.\" class=\"_Img_1rerz_1\" style=\"aspect-ratio:1920\/1197\" loading=\"eager\"\/><\/p>\n<p class=\"font-(family-name:--picture-caption-font-family) text-(length:--picture-caption-font-size) leading-(--picture-caption-leading) font-(--picture-caption-font-weight) text-(color:--picture-caption-color)\">Ruotsidemokraattien puheenjohtaja Jimmie \u00c5kesson vaalitilaisuudessa G\u00f6teborgin Olof Palmen Aukiolla 2018. Puolueen ty\u00f6ntekij\u00e4\u00e4 ep\u00e4ill\u00e4\u00e4n yhteyksist\u00e4 Ven\u00e4j\u00e4\u00e4n. Kuva:\u00a0Antti H\u00e4m\u00e4l\u00e4inen<\/p>\n<p class=\"article-body mb-(--paragraph-margin-b) px-nof-16\">Reilun viikon p\u00e4\u00e4st\u00e4 pidett\u00e4viin valtiop\u00e4iv\u00e4vaaleihin valmistautuvassa Ruotsissa on noussut poliittinen kohu ruotsidemokraatit-puolueen (SD) keskeisen valtiop\u00e4iv\u00e4toimihenkil\u00f6n Ven\u00e4j\u00e4-yhteyksist\u00e4 ja vuosia jatkuneesta Kremlin narratiiveja my\u00f6t\u00e4ilev\u00e4st\u00e4 viestinn\u00e4st\u00e4.<\/p>\n<p class=\"article-body mb-(--paragraph-margin-b) px-nof-16\">P\u00e4\u00e4ministeri<a class=\"font-bold underline-offset-[0.12em] [text-decoration:var(--person-link-text-decoration)] [text-decoration-color:var(--person-link-text-decoration-color)]!\" href=\"https:\/\/www.is.fi\/haku\/?query=%20Ulf%20Kristersson\" rel=\"nofollow noopener\" target=\"_blank\"> Ulf Kristersson<\/a> on ottanut poikkeuksellisen jyrk\u00e4n <a class=\"underline underline-offset-[0.12em] [text-decoration-thickness:var(--generic-link-underline-thickness)] [text-decoration-color:var(--generic-link-underline-color)] [text-decoration-skip-ink:var(--generic-link-underline-skip-ink)] break-words\" href=\"https:\/\/www.aftonbladet.se\/nyheter\/a\/j0Xbdo\/kristersson-kraver-att-sd-tjanstemannen-slutar\" rel=\"nofollow noopener\" target=\"_blank\">kannan<\/a> kohuun. H\u00e4nen mukaansa, jos tiedot pit\u00e4v\u00e4t paikkansa, SD:n pit\u00e4\u00e4 p\u00e4\u00e4tt\u00e4\u00e4 Ven\u00e4j\u00e4-yhteyksist\u00e4 ep\u00e4illyn ty\u00f6suhde.<\/p>\n<p class=\"article-body mb-(--paragraph-margin-b) px-nof-16\">Ulkoministeri<a class=\"font-bold underline-offset-[0.12em] [text-decoration:var(--person-link-text-decoration)] [text-decoration-color:var(--person-link-text-decoration-color)]!\" href=\"https:\/\/www.is.fi\/haku\/?query=%20Maria%20Malmer%20Stenergard\" rel=\"nofollow noopener\" target=\"_blank\"> Maria Malmer Stenergard<\/a> on sanonut SD:n joutuvan \u201dsiivoamaan t\u00e4m\u00e4n pois\u201d, ja oikeusministeri <a class=\"font-bold underline-offset-[0.12em] [text-decoration:var(--person-link-text-decoration)] [text-decoration-color:var(--person-link-text-decoration-color)]!\" href=\"https:\/\/www.is.fi\/haku\/?query=Gunnar%20Str%C3%B6mmer\" rel=\"nofollow noopener\" target=\"_blank\">Gunnar Str\u00f6mmer<\/a> on esitt\u00e4nyt saman vaatimuksen.<\/p>\n<p class=\"article-body mb-(--paragraph-margin-b) px-nof-16\">\u00c4\u00e4rioikeistoa tutkiva ruotsalainen <a class=\"underline underline-offset-[0.12em] [text-decoration-thickness:var(--generic-link-underline-thickness)] [text-decoration-color:var(--generic-link-underline-color)] [text-decoration-skip-ink:var(--generic-link-underline-skip-ink)] break-words\" href=\"https:\/\/expo.se\/fordjupning\/den-okanda-sekreteraren-elena\/\" rel=\"nofollow noopener\" target=\"_blank\">Expo-julkaisu<\/a> paljasti torstaina, ett\u00e4 SD:n poliittisena sihteerin\u00e4 ja asiantuntijana valtiop\u00e4ivill\u00e4 toimiva nainen on ainakin vuodesta 2014 l\u00e4htien julkaissut tai jakanut sis\u00e4lt\u00f6\u00e4, joka vastaa Kremlin Ukraina- ja l\u00e4nsi-narratiiveja.<\/p>\n<p class=\"article-body mb-(--paragraph-margin-b) px-nof-16\">Nainen on my\u00f6s SD:n vaikutusvaltaisen <a class=\"font-bold underline-offset-[0.12em] [text-decoration:var(--person-link-text-decoration)] [text-decoration-color:var(--person-link-text-decoration-color)]!\" href=\"https:\/\/www.is.fi\/haku\/?query=Gustav%20Gellerbrantin\" rel=\"nofollow noopener\" target=\"_blank\">Gustav Gellerbrantin<\/a> puoliso. Gellerbrant johtaa SD:n koordinaatiokansliaa ja kuuluu puolueen puheenjohtaja <a class=\"font-bold underline-offset-[0.12em] [text-decoration:var(--person-link-text-decoration)] [text-decoration-color:var(--person-link-text-decoration-color)]!\" href=\"https:\/\/www.is.fi\/haku\/?query=Jimmie%20%C3%85kessonin\" rel=\"nofollow noopener\" target=\"_blank\">Jimmie \u00c5kessonin <\/a>l\u00e4hipiiriin.<\/p>\n<p class=\"article-body mb-(--paragraph-margin-b) px-nof-16\">Expon mukaan turvallisuusasiantuntijat pit\u00e4v\u00e4t tapausta mahdollisena turvallisuusriskin\u00e4 ja kyseenalaistavat, miten SD:n turvallisuusselvitykset ovat toimineet.<\/p>\n<p class=\"article-body mb-(--paragraph-margin-b) px-nof-16\">Puheenjohtaja \u00c5kesson sanoi perjantaina puolueen noudattaneen turvallisuusk\u00e4yt\u00e4nt\u00f6j\u00e4.<\/p>\n<p class=\"article-body mb-(--paragraph-margin-b) px-nof-16\">\u2013 Kaikille toimihenkil\u00f6illemme tehd\u00e4\u00e4n turvallisuusselvitys. T\u00e4ss\u00e4 selvityksess\u00e4 ei ole tullut esiin mit\u00e4\u00e4n, h\u00e4n sanoi <a class=\"underline underline-offset-[0.12em] [text-decoration-thickness:var(--generic-link-underline-thickness)] [text-decoration-color:var(--generic-link-underline-color)] [text-decoration-skip-ink:var(--generic-link-underline-skip-ink)] break-words\" href=\"https:\/\/www.aftonbladet.se\/nyheter\/a\/d4zk9A\/akesson-valdigt-allvarliga-uppgifter\" rel=\"nofollow noopener\" target=\"_blank\">Aftonbladetin<\/a> mukaan.<\/p>\n<p class=\"article-body mb-(--paragraph-margin-b) px-nof-16\">\u00c5kesson sanoo my\u00f6s, ettei puolue ole aiemmin saanut varoituksia naisen yhteyksist\u00e4.<\/p>\n<p class=\"article-body mb-(--paragraph-margin-b) px-nof-16\">\u2013 Esiin on tullut eritt\u00e4in vakavia tietoja. Siit\u00e4 ei ole mink\u00e4\u00e4nlaista ep\u00e4ilyst\u00e4, \u00c5kesson sanoi tiedotustilaisuudessa.<\/p>\n<p class=\"article-body mb-(--paragraph-margin-b) px-nof-16\">Ruotsissa j\u00e4rjestet\u00e4\u00e4n valtiop\u00e4iv\u00e4vaalit sunnuntaina 13. syyskuuta. Ruotsidemokraatit on toiminut nykyisen, kokoomuksen johtaman oikeistohallituksen tukipuolueena valtiop\u00e4ivill\u00e4.<\/p>\n","protected":false},"excerpt":{"rendered":"Valtiop\u00e4ivill\u00e4 toimivan naisen toimintaa ja yhteyksi\u00e4 pidet\u00e4\u00e4n turvallisuusriskin\u00e4. Ruotsidemokraattien puheenjohtaja Jimmie \u00c5kesson vaalitilaisuudessa G\u00f6teborgin Olof Palmen Aukiolla 2018.&hellip;\n","protected":false},"author":2,"featured_media":341594,"comment_status":"","ping_status":"","sticky":false,"template":"","format":"standard","meta":{"footnotes":"","_share_on_mastodon":"0"},"categories":[14],"tags":[22,23,26,27,33,31,30,17,34,24,25,28,29,15,18,21,32,19,20,56,16,59,60,61],"class_list":["post-341593","post","type-post","status-publish","format-standard","has-post-thumbnail","category-ulkomaat","tag-breaking-news","tag-breakingnews","tag-featured-news","tag-featurednews","tag-fi","tag-finland","tag-finnish","tag-headlines","tag-ilta-sanomat","tag-latest-news","tag-latestnews","tag-main-news","tag-mainnews","tag-news","tag-otsikot","tag-paauutiset","tag-suomi","tag-top-stories","tag-topstories","tag-ulkomaat","tag-uutiset","tag-world","tag-world-news","tag-worldnews"],"share_on_mastodon":{"url":"https:\/\/pubeurope.com\/@fi\/117214694254131409","error":""},"_links":{"self":[{"href":"https:\/\/www.europesays.com\/fi\/wp-json\/wp\/v2\/posts\/341593","targetHints":{"allow":["GET"]}}],"collection":[{"href":"https:\/\/www.europesays.com\/fi\/wp-json\/wp\/v2\/posts"}],"about":[{"href":"https:\/\/www.europesays.com\/fi\/wp-json\/wp\/v2\/types\/post"}],"author":[{"embeddable":true,"href":"https:\/\/www.europesays.com\/fi\/wp-json\/wp\/v2\/users\/2"}],"replies":[{"embeddable":true,"href":"https:\/\/www.europesays.com\/fi\/wp-json\/wp\/v2\/comments?post=341593"}],"version-history":[{"count":0,"href":"https:\/\/www.europesays.com\/fi\/wp-json\/wp\/v2\/posts\/341593\/revisions"}],"wp:featuredmedia":[{"embeddable":true,"href":"https:\/\/www.europesays.com\/fi\/wp-json\/wp\/v2\/media\/341594"}],"wp:attachment":[{"href":"https:\/\/www.europesays.com\/fi\/wp-json\/wp\/v2\/media?parent=341593"}],"wp:term":[{"taxonomy":"category","embeddable":true,"href":"https:\/\/www.europesays.com\/fi\/wp-json\/wp\/v2\/categories?post=341593"},{"taxonomy":"post_tag","embeddable":true,"href":"https:\/\/www.europesays.com\/fi\/wp-json\/wp\/v2\/tags?post=341593"}],"curies":[{"name":"wp","href":"https:\/\/api.w.org\/{rel}","templated":true}]}}