{"id":341607,"date":"2026-09-04T21:02:12","date_gmt":"2026-09-04T21:02:12","guid":{"rendered":"https:\/\/www.europesays.com\/fi\/341607\/"},"modified":"2026-09-04T21:02:12","modified_gmt":"2026-09-04T21:02:12","slug":"parnuun-julistettiin-hatatila-tulvan-vuoksi","status":"publish","type":"post","link":"https:\/\/www.europesays.com\/fi\/341607\/","title":{"rendered":"P\u00e4rnuun julistettiin h\u00e4t\u00e4tila tulvan vuoksi"},"content":{"rendered":"<p>Sateet sekoittivat kaupungin arjen.<\/p>\n<p><img decoding=\"async\" src=\"https:\/\/www.europesays.com\/fi\/wp-content\/uploads\/2026\/09\/1788555731_461_468.jpg\" alt=\"P\u00e4rnuun julistettiin perjantaina h\u00e4t\u00e4tila tulvia aiheuttaneen rankkasateen vuoksi.\" class=\"_Img_1rerz_1\" style=\"aspect-ratio:1920\/1280\" loading=\"eager\"\/><\/p>\n<p class=\"font-(family-name:--picture-caption-font-family) text-(length:--picture-caption-font-size) leading-(--picture-caption-leading) font-(--picture-caption-font-weight) text-(color:--picture-caption-color)\">P\u00e4rnuun julistettiin perjantaina h\u00e4t\u00e4tila tulvia aiheuttaneen rankkasateen vuoksi. Kuva:\u00a0Mailiis Ollino \/ Scanpix Baltics \/ MVPhotos<\/p>\n<p>4.9. 23:00<\/p>\n<p class=\"article-body mb-(--paragraph-margin-b) px-nof-16\">Virossa ennenn\u00e4kem\u00e4tt\u00f6m\u00e4t rankkasateet ovat saaneet P\u00e4rnun kaupungin tulvimaan. Asiasta uutisoivat Viron yleisradioyhti\u00f6 <a class=\"underline underline-offset-[0.12em] [text-decoration-thickness:var(--generic-link-underline-thickness)] [text-decoration-color:var(--generic-link-underline-color)] [text-decoration-skip-ink:var(--generic-link-underline-skip-ink)] break-words\" href=\"https:\/\/www.err.ee\/1610117110\/mitmel-pool-eestit-sadas-maha-rohkem-kui-kuu-normi-jagu-vihma\" rel=\"nofollow noopener\" target=\"_blank\">ERR<\/a>, <a class=\"underline underline-offset-[0.12em] [text-decoration-thickness:var(--generic-link-underline-thickness)] [text-decoration-color:var(--generic-link-underline-color)] [text-decoration-skip-ink:var(--generic-link-underline-skip-ink)] break-words\" href=\"https:\/\/maaleht.delfi.ee\/artikkel\/120608467\/sajandi-vihm-parnus-purunes-150-aastat-pusinud-vihmarekord\" rel=\"nofollow noopener\" target=\"_blank\">Delfi <\/a>ja <a class=\"underline underline-offset-[0.12em] [text-decoration-thickness:var(--generic-link-underline-thickness)] [text-decoration-color:var(--generic-link-underline-color)] [text-decoration-skip-ink:var(--generic-link-underline-skip-ink)] break-words\" href=\"https:\/\/parnu.postimees.ee\/8540084\/galerii-ja-video-parnu-eramus-ulatub-vesi-ule-poolteise-meetri-korgusele-ja-moobel-ulbib-vees\" rel=\"nofollow noopener\" target=\"_blank\">Postimees<\/a>.<\/p>\n<p class=\"article-body mb-(--paragraph-margin-b) px-nof-16\">Monin paikoin muutamassa tunnissa satoi enemm\u00e4n kuin tavallisesti kuukauden aikana.<\/p>\n<p class=\"article-body mb-(--paragraph-margin-b) px-nof-16\">Sateet ovat sekoittaneet kaupungin viem\u00e4rij\u00e4rjestelm\u00e4\u00e4 ja liikennett\u00e4. Lukuisia alikulkutunneleita jouduttiin sulkemaan.<\/p>\n<p class=\"article-body mb-(--paragraph-margin-b) px-nof-16\">Perjantai-iltana sosiaalisessa mediassa alkoi kiert\u00e4\u00e4 kuvia rekisterikilvist\u00e4, jotka olivat irronneet tulvassa autoista, Postimees <a class=\"underline underline-offset-[0.12em] [text-decoration-thickness:var(--generic-link-underline-thickness)] [text-decoration-color:var(--generic-link-underline-color)] [text-decoration-skip-ink:var(--generic-link-underline-skip-ink)] break-words\" href=\"https:\/\/elu24.postimees.ee\/8540140\/fotod-parnu-uputuse-ootamatu-tagajarg-tanavad-on-autode-kuljest-kukkunud-numbrimarke-tais\" rel=\"nofollow noopener\" target=\"_blank\">kertoo<\/a>. Rekisterikilpi\u00e4 on l\u00f6ytynyt eri puolilta P\u00e4rnua.<\/p>\n<p class=\"article-body mb-(--paragraph-margin-b) px-nof-16\">Sateiden vuoksi P\u00e4rnuun julistettiin perjantaina h\u00e4t\u00e4tila, apulaispormestari <a class=\"font-bold underline-offset-[0.12em] [text-decoration:var(--person-link-text-decoration)] [text-decoration-color:var(--person-link-text-decoration-color)]!\" href=\"https:\/\/www.is.fi\/haku\/?query=Sander%20Kilk\" rel=\"nofollow noopener\" target=\"_blank\">Sander Kilk<\/a> kertoi ERR:n mukaan.<\/p>\n<p class=\"article-body mb-(--paragraph-margin-b) px-nof-16\">ERR kertoo, ett\u00e4 muun muassa yhden koulun vessat eiv\u00e4t toimineet tulvivan veden vuoksi. Koulu oli suljettu sateen vuoksi.<\/p>\n<p class=\"article-body mb-(--paragraph-margin-b) px-nof-16\">Rankkasade on saanut usean talon kellarin tulvimaan. Postimees kertoo, ett\u00e4 yhden talon kellarissa vett\u00e4 oli yli 1,5 metri\u00e4.<\/p>\n<p class=\"article-body mb-(--paragraph-margin-b) px-nof-16\">Viron maatalousyliopiston apulaisprofessori <a class=\"font-bold underline-offset-[0.12em] [text-decoration:var(--person-link-text-decoration)] [text-decoration-color:var(--person-link-text-decoration-color)]!\" href=\"https:\/\/www.is.fi\/haku\/?query=Ottar%20Tamm\" rel=\"nofollow noopener\" target=\"_blank\">Ottar Tamm<\/a> <a class=\"underline underline-offset-[0.12em] [text-decoration-thickness:var(--generic-link-underline-thickness)] [text-decoration-color:var(--generic-link-underline-color)] [text-decoration-skip-ink:var(--generic-link-underline-skip-ink)] break-words\" href=\"https:\/\/novaator.err.ee\/1610128591\/hudroinformaatik-parnut-tabas-sajandi-vihm\" rel=\"nofollow noopener\" target=\"_blank\">sanoo<\/a>, ett\u00e4 sadetta voi kutsua \u201dvuosisadan sateeksi\u201d.<\/p>\n<p><img decoding=\"async\" src=\"https:\/\/www.europesays.com\/fi\/wp-content\/uploads\/2026\/09\/1788555732_994_468.jpg\" alt=\"Liikenne sekoittui pahasti P\u00e4rnussa perjantaina.\" class=\"_Img_1rerz_1\" style=\"aspect-ratio:1920\/1284\" loading=\"eager\"\/><\/p>\n<p class=\"font-(family-name:--picture-caption-font-family) text-(length:--picture-caption-font-size) leading-(--picture-caption-leading) font-(--picture-caption-font-weight) text-(color:--picture-caption-color) picture-with-caption__caption picture-with-caption__caption--default-full\">Liikenne sekoittui pahasti P\u00e4rnussa perjantaina. Kuva:\u00a0Urmas Luik \/ Scanpix Baltics \/ MVPhotos<\/p>\n<p><img decoding=\"async\" src=\"https:\/\/www.europesays.com\/fi\/wp-content\/uploads\/2026\/09\/1788555732_135_468.jpg\" alt=\"Moni rakennus ja kellari on tulvinut rankkasateen vuoksi.\" class=\"_Img_1rerz_1\" style=\"aspect-ratio:1920\/1280\" loading=\"eager\"\/><\/p>\n<p class=\"font-(family-name:--picture-caption-font-family) text-(length:--picture-caption-font-size) leading-(--picture-caption-leading) font-(--picture-caption-font-weight) text-(color:--picture-caption-color) picture-with-caption__caption picture-with-caption__caption--default-full\">Moni rakennus ja kellari on tulvinut rankkasateen vuoksi. Kuva:\u00a0Urmas Luik \/ Scanpix Baltics \/ MVPhotos<\/p>\n","protected":false},"excerpt":{"rendered":"Sateet sekoittivat kaupungin arjen. P\u00e4rnuun julistettiin perjantaina h\u00e4t\u00e4tila tulvia aiheuttaneen rankkasateen vuoksi. Kuva:\u00a0Mailiis Ollino \/ Scanpix Baltics \/&hellip;\n","protected":false},"author":2,"featured_media":341608,"comment_status":"","ping_status":"","sticky":false,"template":"","format":"standard","meta":{"footnotes":"","_share_on_mastodon":"0"},"categories":[14],"tags":[22,23,26,27,33,31,30,17,34,24,25,28,29,15,18,21,32,19,20,56,16,59,60,61],"class_list":["post-341607","post","type-post","status-publish","format-standard","has-post-thumbnail","category-ulkomaat","tag-breaking-news","tag-breakingnews","tag-featured-news","tag-featurednews","tag-fi","tag-finland","tag-finnish","tag-headlines","tag-ilta-sanomat","tag-latest-news","tag-latestnews","tag-main-news","tag-mainnews","tag-news","tag-otsikot","tag-paauutiset","tag-suomi","tag-top-stories","tag-topstories","tag-ulkomaat","tag-uutiset","tag-world","tag-world-news","tag-worldnews"],"share_on_mastodon":{"url":"https:\/\/pubeurope.com\/@fi\/117214796031084089","error":""},"_links":{"self":[{"href":"https:\/\/www.europesays.com\/fi\/wp-json\/wp\/v2\/posts\/341607","targetHints":{"allow":["GET"]}}],"collection":[{"href":"https:\/\/www.europesays.com\/fi\/wp-json\/wp\/v2\/posts"}],"about":[{"href":"https:\/\/www.europesays.com\/fi\/wp-json\/wp\/v2\/types\/post"}],"author":[{"embeddable":true,"href":"https:\/\/www.europesays.com\/fi\/wp-json\/wp\/v2\/users\/2"}],"replies":[{"embeddable":true,"href":"https:\/\/www.europesays.com\/fi\/wp-json\/wp\/v2\/comments?post=341607"}],"version-history":[{"count":0,"href":"https:\/\/www.europesays.com\/fi\/wp-json\/wp\/v2\/posts\/341607\/revisions"}],"wp:featuredmedia":[{"embeddable":true,"href":"https:\/\/www.europesays.com\/fi\/wp-json\/wp\/v2\/media\/341608"}],"wp:attachment":[{"href":"https:\/\/www.europesays.com\/fi\/wp-json\/wp\/v2\/media?parent=341607"}],"wp:term":[{"taxonomy":"category","embeddable":true,"href":"https:\/\/www.europesays.com\/fi\/wp-json\/wp\/v2\/categories?post=341607"},{"taxonomy":"post_tag","embeddable":true,"href":"https:\/\/www.europesays.com\/fi\/wp-json\/wp\/v2\/tags?post=341607"}],"curies":[{"name":"wp","href":"https:\/\/api.w.org\/{rel}","templated":true}]}}