{"id":341609,"date":"2026-09-04T21:03:17","date_gmt":"2026-09-04T21:03:17","guid":{"rendered":"https:\/\/www.europesays.com\/fi\/341609\/"},"modified":"2026-09-04T21:03:17","modified_gmt":"2026-09-04T21:03:17","slug":"naisystavansa-tyopaikkasotkuun-sekaantunut-kansanedustaja-avautuu-raka-lentaa-silmille","status":"publish","type":"post","link":"https:\/\/www.europesays.com\/fi\/341609\/","title":{"rendered":"Naisyst\u00e4v\u00e4ns\u00e4 ty\u00f6paikkasotkuun sekaantunut kansanedustaja avautuu \u2013 \u201dR\u00e4k\u00e4 lent\u00e4\u00e4 silmille\u201d"},"content":{"rendered":"<p>Naisyst\u00e4v\u00e4-avustajansa virkavapaasotkuun sekaantunut kansanedustaja avautuu aiheesta sosiaalisessa mediassa. <\/p>\n<p><img decoding=\"async\" class=\"image image-show image-preview\" src=\"https:\/\/www.europesays.com\/fi\/wp-content\/uploads\/2026\/09\/54f1bac70266265c498b0f098133502ac5ac3b755bba7582a11877414c9e34be.jpg\" alt=\"\"\/><img decoding=\"async\" class=\"image image-show\" src=\"https:\/\/www.europesays.com\/fi\/wp-content\/uploads\/2026\/09\/1788555797_239_54f1bac70266265c498b0f098133502ac5ac3b755bba7582a11877414c9e34be.jpg\" alt=\"\"\/><\/p>\n<p>Mikko Polvinen vaihtoi puoluettaan perussuomalaisista keskustaan helmikuussa.  Inka Soveri<\/p>\n<p class=\"paragraph\">\u2013 Kun r\u00e4k\u00e4 lent\u00e4\u00e4 kotimaakunnan sis\u00e4lt\u00e4 perheenj\u00e4senien silmille, niin p\u00e4\u00e4llimm\u00e4inen tunne on pettymys. N\u00e4ink\u00f6 alas voi valua ja mist\u00e4 syyst\u00e4?<\/p>\n<p class=\"paragraph\">N\u00e4in kirjoittaa Facebookissa keskustan kansanedustaja <a href=\"https:\/\/www.iltalehti.fi\/henkilot\/Mikko Polvinen\" class=\"article-link-person-page\" rel=\"nofollow noopener\" target=\"_blank\">Mikko Polvinen<\/a>, joka on Iltalehden tietojen mukaan sotkeentunut eduskunta-avustajanaan toimivan naisyst\u00e4v\u00e4ns\u00e4 virkavapaa-asian edist\u00e4miseen Kainuun hyvinvointialueella. <a href=\"https:\/\/www.iltalehti.fi\/politiikka\/b8d6159d-b72f-49a5-bed1-7c32b49972c5\" rel=\"nofollow noopener\" target=\"_blank\">IL uutisoi aiheesta perjantaina<\/a> useisiin l\u00e4hteisiin ja tietopyynn\u00f6ll\u00e4 saatuihin s\u00e4hk\u00f6posteihin perustuen.<\/p>\n<p class=\"paragraph\">Polvisen puolison virkavapaata ei jatkettu, koska hyvinvointialueen uusi ohjeistus kielsi virkavapaat muiden teht\u00e4vien, kuten eduskunta-avustajan ty\u00f6n, hoitamisen takia.<\/p>\n<p class=\"paragraph\">Pariskunta ilmaisi asiaan tyytym\u00e4tt\u00f6myytt\u00e4 ja yritti saada vapaan jatkumaan ohjeistuksesta huolimatta. Naisyst\u00e4v\u00e4 vetosi s\u00e4hk\u00f6posteissaan muun muassa eduskunta-avustajan teht\u00e4v\u00e4n merkitt\u00e4vyyteen ja Kainuun eteen tehtyyn ty\u00f6h\u00f6n.<\/p>\n<p class=\"paragraph\">Polvinen on kiist\u00e4nyt Iltalehdelle vaikuttaneensa asiaan aktiivisesti mutta my\u00f6nsi muutamat yhteydenotot.<\/p>\n<p>\u201dOlen tehnyt viranhaltijoille selv\u00e4ksi\u201d<\/p>\n<p class=\"paragraph\">Nyt Polvinen kirjoittaa Facebookissa \u201dottavansa vastaan tarvittavia osumia, kun kyse on maakuntien asioista\u201d.<\/p>\n<p class=\"paragraph\">\u2013 Eduskunta on siihen todella hyv\u00e4 ty\u00f6paikka, koska ns. pelin henki tiedet\u00e4\u00e4n, kansanedustaja kirjoittaa.<\/p>\n<p class=\"paragraph\">Polvinen h\u00e4mm\u00e4stelee kirjoituksessaan sit\u00e4, ett\u00e4 asiasta ja s\u00e4hk\u00f6posteista on tullut tietoa lehdist\u00f6lle.<\/p>\n<p class=\"paragraph\">\u2013 Kysyn, onko luottamuksellista viestint\u00e4\u00e4 olemassakaan en\u00e4\u00e4? Onko kirjesalaisuutta? Miettik\u00e4\u00e4, julkaistut viestit ovat jo vuoden vanhoja. Niille tuli t\u00e4llaiseen tarkoitukseen k\u00e4ytt\u00f6\u00e4 vasta nyt.<\/p>\n<p class=\"paragraph\">Kansanedustajan mukaan h\u00e4nen naisyst\u00e4v\u00e4-avustajallaan on ollut t\u00e4ydet perusteet olettaa, ett\u00e4 hyvinvointialue \u201dolisi n\u00e4hnyt h\u00e4nen tekem\u00e4n ty\u00f6ns\u00e4 eduskunnassa sen verran arvokkaana, ett\u00e4 vuorotteluvapaus olisi ollut perusteltu\u201d.<\/p>\n<p class=\"paragraph\">\u2013 Olen tehnyt viranhaltijoille selv\u00e4ksi, ett\u00e4 asialla on arvo. Edunajamisessa. Asiaan tuli vastaus, ett\u00e4 virkavapautta ei jatketa ja perustelut tasapuolisuudesta. Erityiskohtelua ei ole pyydetty, asioista on vain haluttu keskustella. Ei t\u00e4ss\u00e4 osaltamme mit\u00e4\u00e4n sen ihmeellisemp\u00e4\u00e4 ole, Polvinen kirjoittaa.<\/p>\n<p class=\"paragraph\">Aiemmin perussuomalaisten kansanedustajana toiminut Polvinen siirtyi keskustan eduskuntaryhm\u00e4\u00e4n helmikuussa 2026. H\u00e4net oli erotettu m\u00e4\u00e4r\u00e4ajaksi perussuomalaisten ryhm\u00e4st\u00e4 hallituksen linjaa vastaan \u00e4\u00e4nest\u00e4misen vuoksi.<\/p>\n","protected":false},"excerpt":{"rendered":"Naisyst\u00e4v\u00e4-avustajansa virkavapaasotkuun sekaantunut kansanedustaja avautuu aiheesta sosiaalisessa mediassa. Mikko Polvinen vaihtoi puoluettaan perussuomalaisista keskustaan helmikuussa. Inka Soveri \u2013&hellip;\n","protected":false},"author":2,"featured_media":341610,"comment_status":"","ping_status":"","sticky":false,"template":"","format":"standard","meta":{"footnotes":"","_share_on_mastodon":"0"},"categories":[12],"tags":[35,22,23,26,27,33,31,30,17,24,25,28,29,15,18,21,637,886,888,885,887,32,19,20,16],"class_list":["post-341609","post","type-post","status-publish","format-standard","has-post-thumbnail","category-suomi","tag-24h","tag-breaking-news","tag-breakingnews","tag-featured-news","tag-featurednews","tag-fi","tag-finland","tag-finnish","tag-headlines","tag-latest-news","tag-latestnews","tag-main-news","tag-mainnews","tag-news","tag-otsikot","tag-paauutiset","tag-politiikka","tag-puolueet","tag-suomalaiset-poliitikot","tag-suomen-poliittiset-puolueet","tag-suomen-politiikka","tag-suomi","tag-top-stories","tag-topstories","tag-uutiset"],"share_on_mastodon":{"url":"https:\/\/pubeurope.com\/@fi\/117214800058060459","error":""},"_links":{"self":[{"href":"https:\/\/www.europesays.com\/fi\/wp-json\/wp\/v2\/posts\/341609","targetHints":{"allow":["GET"]}}],"collection":[{"href":"https:\/\/www.europesays.com\/fi\/wp-json\/wp\/v2\/posts"}],"about":[{"href":"https:\/\/www.europesays.com\/fi\/wp-json\/wp\/v2\/types\/post"}],"author":[{"embeddable":true,"href":"https:\/\/www.europesays.com\/fi\/wp-json\/wp\/v2\/users\/2"}],"replies":[{"embeddable":true,"href":"https:\/\/www.europesays.com\/fi\/wp-json\/wp\/v2\/comments?post=341609"}],"version-history":[{"count":0,"href":"https:\/\/www.europesays.com\/fi\/wp-json\/wp\/v2\/posts\/341609\/revisions"}],"wp:featuredmedia":[{"embeddable":true,"href":"https:\/\/www.europesays.com\/fi\/wp-json\/wp\/v2\/media\/341610"}],"wp:attachment":[{"href":"https:\/\/www.europesays.com\/fi\/wp-json\/wp\/v2\/media?parent=341609"}],"wp:term":[{"taxonomy":"category","embeddable":true,"href":"https:\/\/www.europesays.com\/fi\/wp-json\/wp\/v2\/categories?post=341609"},{"taxonomy":"post_tag","embeddable":true,"href":"https:\/\/www.europesays.com\/fi\/wp-json\/wp\/v2\/tags?post=341609"}],"curies":[{"name":"wp","href":"https:\/\/api.w.org\/{rel}","templated":true}]}}