{"id":341611,"date":"2026-09-04T21:04:14","date_gmt":"2026-09-04T21:04:14","guid":{"rendered":"https:\/\/www.europesays.com\/fi\/341611\/"},"modified":"2026-09-04T21:04:14","modified_gmt":"2026-09-04T21:04:14","slug":"tutkija-yhdysvaltojen-neuvottelijoiden-vierailu-kertoo-siita-etta-usa-keskittyy-jalleen-ukrainan-sodan-paattamiseen-uutisia-lyhyesti","status":"publish","type":"post","link":"https:\/\/www.europesays.com\/fi\/341611\/","title":{"rendered":"Tutkija: Yhdysvaltojen neuvottelijoiden vierailu kertoo siit\u00e4, ett\u00e4 USA keskittyy j\u00e4lleen Ukrainan sodan p\u00e4\u00e4tt\u00e4miseen | Uutisia lyhyesti"},"content":{"rendered":"<p class=\"aw__sc-1qwuw0s-0 aw__sc-1vg2sqm-0 epAWpq ecELkD yle__article__paragraph\">Yhdysvaltojen v\u00e4litt\u00e4m\u00e4t rauhan\u00adneuvottelut Ukrainan ja Ven\u00e4j\u00e4n v\u00e4lill\u00e4 ovat k\u00e4yt\u00e4nn\u00f6ss\u00e4 olleet useita kuukausia tauolla Iranin sodan vuoksi.<\/p>\n<p><img decoding=\"async\" alt=\"Jared Kushner och Steve Witkoff, kl\u00e4dda i ytterkl\u00e4der talar med varandra i en korridor p\u00e5 V\u00e4rldsforumet i Davos. \" src=\"https:\/\/www.europesays.com\/fi\/wp-content\/uploads\/2026\/09\/1769070303.jpeg\" class=\"aw__sc-dklauk-0 LPzKX\"\/><\/p>\n<p>Avaa kuvien katselu<\/p>\n<p>Yhdysvaltain erityisl\u00e4hettil\u00e4\u00e4t Steve Witkoff (oik.) ja Jared Kushner vierailevat viikonloppuna Moskovassa ja Kiovassa. Ukrainan rauhanprosessi on ollut useita kuukausia tauolla Iranin sodan vuoksi. Kuva: Gian Ehrenzeller \/ EPA<\/p>\n<p class=\"aw__sc-1qwuw0s-0 aw__sc-ngllmo-0 epAWpq fzYpjk yle__article__paragraph\">Merkitt\u00e4vin asia Yhdysvaltain neuvottelijoiden tulevassa vierailussa Kiovassa on se, ett\u00e4 keskustelut Ukrainan, Ven\u00e4j\u00e4n ja Yhdysvaltojen v\u00e4lill\u00e4 jatkuvat, arvioi Ulkopoliittisen instituutin tutkija <strong class=\"aw__sc-ngllmo-2 gdRrun yle__article__strong\">Joel Linnainm\u00e4ki<\/strong> Ylelle.<\/p>\n<p class=\"aw__sc-1qwuw0s-0 aw__sc-ngllmo-0 epAWpq fzYpjk yle__article__paragraph\">Linnainm\u00e4en mukaan tuleva vierailu on my\u00f6s merkki siit\u00e4, ett\u00e4 Yhdysvallat keskittyy j\u00e4lleen Ukrainan sodan p\u00e4\u00e4tt\u00e4miseen. Yhdysvaltojen v\u00e4litt\u00e4m\u00e4t rauhanneuvottelut Ukrainan ja Ven\u00e4j\u00e4n v\u00e4lill\u00e4 ovat k\u00e4yt\u00e4nn\u00f6ss\u00e4 olleet useita kuukausia tauolla Iranin sodan vuoksi.<\/p>\n<p class=\"aw__sc-1qwuw0s-0 aw__sc-ngllmo-0 epAWpq fzYpjk yle__article__paragraph\">Ukrainan presidentti <strong class=\"aw__sc-ngllmo-2 gdRrun yle__article__strong\">Volodymyr Zelenskyi<\/strong> vahvisti perjantai-iltana Yhdysvaltain neuvottelijoiden <strong class=\"aw__sc-ngllmo-2 gdRrun yle__article__strong\">Steve Witkoffin<\/strong> ja <strong class=\"aw__sc-ngllmo-2 gdRrun yle__article__strong\">Jared Kushnerin<\/strong> vierailevan Kiovassa sunnuntaina.<\/p>\n<p class=\"aw__sc-1qwuw0s-0 aw__sc-ngllmo-0 epAWpq fzYpjk yle__article__paragraph\">Kyseess\u00e4 on ensimm\u00e4inen kerta, kun neuvottelijat vierailevat Ukrainassa. Erityisl\u00e4hettil\u00e4iden on m\u00e4\u00e4r\u00e4 saapua Kiovaan Moskovasta.<\/p>\n<p class=\"aw__sc-1qwuw0s-0 aw__sc-ngllmo-0 epAWpq fzYpjk yle__article__paragraph\">Witkoff ja Kushner ovat toimineet my\u00f6s Yhdysvaltojen neuvottelijoina Iranin kanssa.<\/p>\n<p class=\"aw__sc-1qwuw0s-0 aw__sc-ngllmo-0 epAWpq fzYpjk yle__article__paragraph\">\u2013 Se tietysti tarkoittaa, ett\u00e4 heill\u00e4 on rajoitetusti k\u00e4ytett\u00e4viss\u00e4 olevaa aikaa Ukrainan sotaan liittyviin keskusteluihin, Linnainm\u00e4ki lis\u00e4\u00e4.<\/p>\n<p><img decoding=\"async\" alt=\"Putin ja Jared Kushner k\u00e4ttelev\u00e4t, taustalla Steve Witkoff.\" src=\"https:\/\/www.europesays.com\/fi\/wp-content\/uploads\/2026\/09\/1769143529.jpeg\" loading=\"lazy\" class=\"aw__sc-dklauk-0 LPzKX\"\/><\/p>\n<p>Avaa kuvien katselu<\/p>\n<p>Witkoff ja Kushner tapasivat Ven\u00e4j\u00e4n presidentti Vladimir Putinin Moskovassa tammikuussa. Kuva: Alexander Kazakov \/ Sputnik \/ EPARauha ei viel\u00e4 toistaiseksi n\u00e4k\u00f6piiriss\u00e4<\/p>\n<p class=\"aw__sc-1qwuw0s-0 aw__sc-ngllmo-0 epAWpq fzYpjk yle__article__paragraph\">Linnainm\u00e4en mukaan toistaiseksi on viel\u00e4 liian varhaista arvioida, otetaanko viikonlopun vierailujen yhteydess\u00e4 askel eteenp\u00e4in kohti tulitaukoa tai jopa rauhaa Ukrainan ja Ven\u00e4j\u00e4n v\u00e4lill\u00e4.<\/p>\n<p class=\"aw__sc-1qwuw0s-0 aw__sc-ngllmo-0 epAWpq fzYpjk yle__article__paragraph\">\u2013 Se l\u00e4ht\u00f6kohta, mist\u00e4 nyt n\u00e4ihin keskusteluihin l\u00e4hdet\u00e4\u00e4n, on se, ett\u00e4 molemmat osapuolet valmistautuvat sodan pitkittymiseen ja Ven\u00e4j\u00e4 n\u00e4ytt\u00e4\u00e4 eri tavoilla valmistautuvan my\u00f6s sodan eskaloimiseen.<\/p>\n<p class=\"aw__sc-1qwuw0s-0 aw__sc-ngllmo-0 epAWpq fzYpjk yle__article__paragraph\">Ven\u00e4j\u00e4 iski perjantaina juuri Yhdysvaltain neuvottelijoiden vierailun alla <a class=\"aw__sc-ngllmo-1 bTDnwX yle__article__link\" href=\"https:\/\/yle.fi\/a\/74-20244694\" role=\"link\" rel=\"nofollow noopener\" target=\"_blank\">Ukrainan turvallisuuspalvelun SBU:n p\u00e4\u00e4majaan <\/a>Kiovassa. Zelenskyi ehdotti my\u00f6hemmin perjantaina tulitaukoa Ven\u00e4j\u00e4n kanssa neuvottelijoiden vierailuiden ajaksi.<\/p>\n<p class=\"aw__sc-1qwuw0s-0 aw__sc-ngllmo-0 epAWpq fzYpjk yle__article__paragraph\">Ven\u00e4j\u00e4 on aiemmin suhtautunut Ukrainan tulitaukopyynt\u00f6ihin nuivasti.<\/p>\n","protected":false},"excerpt":{"rendered":"Yhdysvaltojen v\u00e4litt\u00e4m\u00e4t rauhan\u00adneuvottelut Ukrainan ja Ven\u00e4j\u00e4n v\u00e4lill\u00e4 ovat k\u00e4yt\u00e4nn\u00f6ss\u00e4 olleet useita kuukausia tauolla Iranin sodan vuoksi. Avaa kuvien&hellip;\n","protected":false},"author":2,"featured_media":341612,"comment_status":"","ping_status":"","sticky":false,"template":"","format":"standard","meta":{"footnotes":"","_share_on_mastodon":"0"},"categories":[5],"tags":[22,23,3989,26,27,33,31,30,17,15530,70,24,25,28,29,15,18,21,19397,32,19,20,1303,56,16,547,2388,619],"class_list":["post-341611","post","type-post","status-publish","format-standard","has-post-thumbnail","category-otsikot","tag-breaking-news","tag-breakingnews","tag-diplomatia","tag-featured-news","tag-featurednews","tag-fi","tag-finland","tag-finnish","tag-headlines","tag-jared-kushner","tag-kansainvalinen-politiikka","tag-latest-news","tag-latestnews","tag-main-news","tag-mainnews","tag-news","tag-otsikot","tag-paauutiset","tag-steve-witkoff","tag-suomi","tag-top-stories","tag-topstories","tag-ukraina","tag-ulkomaat","tag-uutiset","tag-venaja","tag-venajan-hyokkays-ukrainaan-2022","tag-yhdysvallat"],"share_on_mastodon":{"url":"https:\/\/pubeurope.com\/@fi\/117214803907902633","error":""},"_links":{"self":[{"href":"https:\/\/www.europesays.com\/fi\/wp-json\/wp\/v2\/posts\/341611","targetHints":{"allow":["GET"]}}],"collection":[{"href":"https:\/\/www.europesays.com\/fi\/wp-json\/wp\/v2\/posts"}],"about":[{"href":"https:\/\/www.europesays.com\/fi\/wp-json\/wp\/v2\/types\/post"}],"author":[{"embeddable":true,"href":"https:\/\/www.europesays.com\/fi\/wp-json\/wp\/v2\/users\/2"}],"replies":[{"embeddable":true,"href":"https:\/\/www.europesays.com\/fi\/wp-json\/wp\/v2\/comments?post=341611"}],"version-history":[{"count":0,"href":"https:\/\/www.europesays.com\/fi\/wp-json\/wp\/v2\/posts\/341611\/revisions"}],"wp:featuredmedia":[{"embeddable":true,"href":"https:\/\/www.europesays.com\/fi\/wp-json\/wp\/v2\/media\/341612"}],"wp:attachment":[{"href":"https:\/\/www.europesays.com\/fi\/wp-json\/wp\/v2\/media?parent=341611"}],"wp:term":[{"taxonomy":"category","embeddable":true,"href":"https:\/\/www.europesays.com\/fi\/wp-json\/wp\/v2\/categories?post=341611"},{"taxonomy":"post_tag","embeddable":true,"href":"https:\/\/www.europesays.com\/fi\/wp-json\/wp\/v2\/tags?post=341611"}],"curies":[{"name":"wp","href":"https:\/\/api.w.org\/{rel}","templated":true}]}}