{"id":341615,"date":"2026-09-04T21:21:13","date_gmt":"2026-09-04T21:21:13","guid":{"rendered":"https:\/\/www.europesays.com\/fi\/341615\/"},"modified":"2026-09-04T21:21:13","modified_gmt":"2026-09-04T21:21:13","slug":"elokuva-arvostelu-italialainen-lyhyt-rakkaustarina-yhdistaa-romantiikan-ja-jannityksen","status":"publish","type":"post","link":"https:\/\/www.europesays.com\/fi\/341615\/","title":{"rendered":"Elokuva-arvostelu: Italialainen &#8217;Lyhyt rakkaustarina&#8217; yhdist\u00e4\u00e4 romantiikan ja j\u00e4nnityksen"},"content":{"rendered":"<p>\n            Lyhyt rakkaustarina. Indigo Film.<br \/>\n            Indigo Film\n        <\/p>\n<p class=\"subtitle \">Lyhyt rakkaustarina saa ensi-iltansa elokuvateattereissa perjantaina 4.9.<\/p>\n<p class=\"article-content article-content-width !bg-background\">Italialaisen  ohjaama Lyhyt rakkaustarina\u00a0on elokuva, joka n\u00e4ytt\u00e4\u00e4 ensi silm\u00e4yksell\u00e4 tutulta kertomukselta uskottomuudesta ja parisuhteiden kriiseist\u00e4. Sen ytimess\u00e4 on kahden parin tarina: nuoret Lea ja Andrea sek\u00e4 varttuneemmat Rocco ja Cecilia.<\/p>\n<p>Lyhyt rakkaustarinaDraama ****<\/p>\n<p class=\"article-content article-content-width !bg-background\">Kun Lea kohtaa sattumalta naimisissa olevan Roccon, heid\u00e4n v\u00e4lilleen syttyy suhde, joka alkaa salaisina tapaamisina, mutta muuttaa v\u00e4hitellen useamman ihmisen el\u00e4m\u00e4\u00e4. Juoni rakentuu rakkausdraaman aineksista, mutta Rampoldi vie tarinaa jatkuvasti hieman odottamattomiin suuntiin.<\/p>\n<p>        <a itemprop=\"url\" href=\"https:\/\/www.seiska.fi\/katso\/elokuva-arvio-yksi-asia-sivuutetaan-arja-saijonmaa-elokuvassa\/2232823\" rel=\"nofollow noopener\" target=\"_blank\"><\/p>\n<p>\nArja Saijonmaa -elokuva\n<\/p>\n<p class=\"section-date\">\n        <strong class=\"article-section\" data-section=\"katso\"><br \/>\n            katso<br \/>\n        <\/strong><br \/>\n        13.8. 16:15\n    <\/p>\n<p>Elokuva-arvio: Yksi asia sivuutetaan Arja Saijonmaa -elokuvassa\n    <\/p>\n<p itemprop=\"description\" class=\"subtitle \">\n    Dokumenttielokuva Laula minulle Arja vie katsojan taiteilija Arja Saijonmaan mukana niin rantasaunan lauteille kuin maailmanpolitiikan kriittisiin hetkiin.\n<\/p>\n<p>        <\/a><\/p>\n<p class=\"article-content article-content-width !bg-background\">Elokuvan kiinnostavin piirre onkin tapa, jolla se yhdist\u00e4\u00e4 romanttisen draaman ja hienovaraisen j\u00e4nnityskertomuksen. Katsoja ei seuraa vain sit\u00e4, rakastuvatko ihmiset toisiinsa tai miten uskottomuus vaikuttaa heid\u00e4n el\u00e4m\u00e4\u00e4ns\u00e4, vaan my\u00f6s sit\u00e4, mit\u00e4 henkil\u00f6t tiet\u00e4v\u00e4t toisistaan ja mit\u00e4 he yritt\u00e4v\u00e4t salata.<\/p>\n<p>Uskottavat hahmot<\/p>\n<p class=\"article-content article-content-width !bg-background\">Lea alkaa ujuttautua yh\u00e4 syvemm\u00e4lle Roccon el\u00e4m\u00e4\u00e4n, ja samalla tarinaan syntyy l\u00e4hes psykologisen trillerin s\u00e4vyj\u00e4. J\u00e4nnite kasvaa arkisista tilanteista, katseista, sattumista ja ep\u00e4ilyksist\u00e4.<\/p>\n<p class=\"article-content article-content-width !bg-background\">Monet Hollywoodin rakkauselokuvat rakentuvat suurille tunteenpurkauksille, n\u00e4ytt\u00e4ville eleille ja selkeille vastakkainasetteluille. Lyhyt rakkaustarina kulkee p\u00e4invastaiseen suuntaan. Sen henkil\u00f6t ovat ristiriitaisia, ep\u00e4varmoja ja toisinaan itsekk\u00e4it\u00e4kin, mutta juuri siksi uskottavia.<\/p>\n<p>        <a itemprop=\"url\" href=\"https:\/\/www.seiska.fi\/katso\/elokuva-arvio-tama-leffa-muljauttaa-mielesi\/2204753\" rel=\"nofollow noopener\" target=\"_blank\"><\/p>\n<p>\nElokuva-arvio\n<\/p>\n<p class=\"section-date\">\n        <strong class=\"article-section\" data-section=\"katso\"><br \/>\n            katso<br \/>\n        <\/strong><br \/>\n        31.7. 11:15\n    <\/p>\n<p>Elokuva-arvio: T\u00e4m\u00e4 leffa muljauttaa mielesi\n    <\/p>\n<p itemprop=\"description\" class=\"subtitle \">\n    Maailman rikkain nainen on sek\u00e4 viihdytt\u00e4v\u00e4 ett\u00e4 ajatuksia her\u00e4tt\u00e4v\u00e4 elokuva. Ensi-ilta on perjantaina 31.7.\n<\/p>\n<p>        <\/a><\/p>\n<p class=\"article-content article-content-width !bg-background\">Tunteet tuntuvat aidommilta kuin keskivertoromantiikassa, koska ne syntyv\u00e4t pienist\u00e4 hetkist\u00e4: odotuksesta, mustasukkaisuudesta ja pelosta menett\u00e4\u00e4 jotain t\u00e4rke\u00e4\u00e4. Henkil\u00f6iden ratkaisut eiv\u00e4t aina ole j\u00e4rkevi\u00e4, mutta ne tuntuvat inhimillisilt\u00e4.<\/p>\n<p>Tunnelma kohoaa arjen yl\u00e4puolelle<\/p>\n<p class=\"article-content article-content-width !bg-background\">Vaikka elokuva tarkkailee ihmisi\u00e4 realistisesti, siin\u00e4 on my\u00f6s hienovarainen arjen yl\u00e4puolelle kohoava tunnelma. Jokin j\u00e4\u00e4 tarkoituksella hieman selitt\u00e4m\u00e4tt\u00e4. Tavalliset ymp\u00e4rist\u00f6t saavat v\u00e4lill\u00e4 l\u00e4hes unenomaista s\u00e4vy\u00e4.<\/p>\n<p>                <img decoding=\"async\" src=\"https:\/\/www.europesays.com\/fi\/wp-content\/uploads\/2026\/09\/2244963.webp\" width=\"576\" height=\"274\" title=\"Roccon terapeuttivaimolla Cecilialla on omat salaisuutensa.\" alt=\"Roccon terapeuttivaimolla Cecilialla on omat salaisuutensa. Lyhyt rakkaustarina. Indigo Film.\" loading=\"lazy\" \/>            <\/p>\n<p>\n            Roccon terapeuttivaimolla Cecilialla on omat salaisuutensa.<br \/>\n            Indigo Film\n        <\/p>\n<p class=\"article-content article-content-width !bg-background\">Tuloksena on kyps\u00e4 ja vivahteikas elokuva ihmissuhteista \u2013 sellainen, joka j\u00e4\u00e4 mieleen enemm\u00e4n tunnelmana kuin yksitt\u00e4isin\u00e4 juonenk\u00e4\u00e4ntein\u00e4.<\/p>\n<p class=\"article-content article-content-width !bg-background\"> (Breve storia d&#8217;amore, Italia 2025). 98 min.<\/p>\n<p>        <a itemprop=\"url\" href=\"https:\/\/www.seiska.fi\/katso\/elokuva-arvio-tallainen-on-kesan-isoin-ja-odotetuin-ensi-iltaleffa-the-odyssey\/2208747\" rel=\"nofollow noopener\" target=\"_blank\"><\/p>\n<p>\nElokuva-arvio\n<\/p>\n<p class=\"section-date\">\n        <strong class=\"article-section\" data-section=\"katso\"><br \/>\n            katso<br \/>\n        <\/strong><br \/>\n        16.7. 06:15\n    <\/p>\n<p>Elokuva-arvio: T\u00e4llainen on kes\u00e4n isoin ja odotetuin ensi-iltaleffa The Odyssey\n    <\/p>\n<p itemprop=\"description\" class=\"subtitle \">\n    Kes\u00e4n odotetuin ensi-iltaleffa voisi olla viel\u00e4kin paremi eri n\u00e4yttelij\u00f6ill\u00e4.\n<\/p>\n<p>        <\/a><\/p>\n","protected":false},"excerpt":{"rendered":"Lyhyt rakkaustarina. Indigo Film. Indigo Film Lyhyt rakkaustarina saa ensi-iltansa elokuvateattereissa perjantaina 4.9. Italialaisen ohjaama Lyhyt rakkaustarina\u00a0on elokuva,&hellip;\n","protected":false},"author":2,"featured_media":341616,"comment_status":"","ping_status":"","sticky":false,"template":"","format":"standard","meta":{"footnotes":"","_share_on_mastodon":"0"},"categories":[131],"tags":[42119,155,137,33,173,31,30,4169,199,42115,42117,42113,172,42118,42114,42116,32,109],"class_list":["post-341615","post","type-post","status-publish","format-standard","has-post-thumbnail","category-elokuvat","tag-cecilia","tag-elokuvat","tag-entertainment","tag-fi","tag-film","tag-finland","tag-finnish","tag-hollywood","tag-italia","tag-italialaiselokuva","tag-ludovica-rampoldi","tag-lyhyt-rakkaustarina","tag-movies","tag-rakkauselokuva","tag-rocco","tag-romanttinen-draama","tag-suomi","tag-viihde"],"share_on_mastodon":{"url":"https:\/\/pubeurope.com\/@fi\/117214870846568303","error":""},"_links":{"self":[{"href":"https:\/\/www.europesays.com\/fi\/wp-json\/wp\/v2\/posts\/341615","targetHints":{"allow":["GET"]}}],"collection":[{"href":"https:\/\/www.europesays.com\/fi\/wp-json\/wp\/v2\/posts"}],"about":[{"href":"https:\/\/www.europesays.com\/fi\/wp-json\/wp\/v2\/types\/post"}],"author":[{"embeddable":true,"href":"https:\/\/www.europesays.com\/fi\/wp-json\/wp\/v2\/users\/2"}],"replies":[{"embeddable":true,"href":"https:\/\/www.europesays.com\/fi\/wp-json\/wp\/v2\/comments?post=341615"}],"version-history":[{"count":0,"href":"https:\/\/www.europesays.com\/fi\/wp-json\/wp\/v2\/posts\/341615\/revisions"}],"wp:featuredmedia":[{"embeddable":true,"href":"https:\/\/www.europesays.com\/fi\/wp-json\/wp\/v2\/media\/341616"}],"wp:attachment":[{"href":"https:\/\/www.europesays.com\/fi\/wp-json\/wp\/v2\/media?parent=341615"}],"wp:term":[{"taxonomy":"category","embeddable":true,"href":"https:\/\/www.europesays.com\/fi\/wp-json\/wp\/v2\/categories?post=341615"},{"taxonomy":"post_tag","embeddable":true,"href":"https:\/\/www.europesays.com\/fi\/wp-json\/wp\/v2\/tags?post=341615"}],"curies":[{"name":"wp","href":"https:\/\/api.w.org\/{rel}","templated":true}]}}