{"id":341623,"date":"2026-09-04T21:28:18","date_gmt":"2026-09-04T21:28:18","guid":{"rendered":"https:\/\/www.europesays.com\/fi\/341623\/"},"modified":"2026-09-04T21:28:18","modified_gmt":"2026-09-04T21:28:18","slug":"venajan-tvssa-sokka-irti-stubbista-tulee-varmasti-kostautumaan-suomalaisille","status":"publish","type":"post","link":"https:\/\/www.europesays.com\/fi\/341623\/","title":{"rendered":"Ven\u00e4j\u00e4n tv:ss\u00e4 sokka irti Stubbista: \u201dTulee varmasti kostautumaan suomalaisille\u201d"},"content":{"rendered":"<p>Presidentti Alexander Stubbin Kiovassa antamat kommentit hiert\u00e4v\u00e4t Ven\u00e4j\u00e4ll\u00e4.<\/p>\n<p><img decoding=\"async\" class=\"image image-show image-preview\" src=\"https:\/\/www.europesays.com\/fi\/wp-content\/uploads\/2026\/09\/5fa3bbda5cfbd314f4c9205f84eac9cc12419fba3cf6c0d701b736fbc8ace3ef.jpg\" alt=\"\"\/><img decoding=\"async\" class=\"image image-show\" src=\"https:\/\/www.europesays.com\/fi\/wp-content\/uploads\/2026\/09\/1788557298_83_5fa3bbda5cfbd314f4c9205f84eac9cc12419fba3cf6c0d701b736fbc8ace3ef.jpg\" alt=\"\"\/><\/p>\n<p>Tasavallan presidentti Alexander Stubb saa paljon n\u00e4kyvyytt\u00e4 Ven\u00e4j\u00e4n propagandistien keskuudessa. Elle Laitila<\/p>\n<p class=\"paragraph\">Tasavallan presidentti <a href=\"https:\/\/www.iltalehti.fi\/henkilot\/Alexander Stubb\" class=\"article-link-person-page\" rel=\"nofollow noopener\" target=\"_blank\">Alexander Stubb<\/a> on ollut viime aikoina tiuhaan otsikoissa Ven\u00e4j\u00e4ll\u00e4.<\/p>\n<p class=\"paragraph\">Stubbin viimeviikkoista Kiovan-matkaa ja h\u00e4nen siell\u00e4 antamiaan kommentteja on ruodittu ja suomittu sek\u00e4 Kremlin ett\u00e4 propagandistienkin toimesta.<\/p>\n<p class=\"paragraph\">Viime viikonloppuna Stubbille omistettiin per\u00e4ti noin 15 minuuttia kest\u00e4v\u00e4 segmentti valtiollisella NTV-kanavalla.<\/p>\n<p class=\"paragraph\">Itogi nedeli (suom. viikon tulokset) -propagandaohjelmassa Stubbia k\u00e4siteltiin osana laajempaa Euroopan ja Ukrainan tukea k\u00e4sitellytt\u00e4 osiota.<\/p>\n<p class=\"paragraph\">Ohjelman juontaja <strong>Vladimir T\u0161erny\u0161ov<\/strong> pilkkaa heti alkuun Stubbia sanomalla h\u00e4nen antaneen ven\u00e4l\u00e4isille uuden sanonnan \u201dtyhm\u00e4 kuin Stubb\u201d.<\/p>\n<p>Ruutukaappaus Ven\u00e4j\u00e4n NTV:n propagandaohjelma Itogi nedelist\u00e4. Ruutukaappaus Itogi nedeli -ohjelmasta<\/p>\n<p class=\"paragraph\">Sen j\u00e4lkeen T\u0161erny\u0161ov esitti Suomesta uhkakuvan.<\/p>\n<p class=\"paragraph\">\u2013 Jos pommitetaan suomalaisia saunoja ymp\u00e4ri Suomea, tulee ikuinen kylmyys ja kaikki demoralisoituvat. Ja Suomesta tulee j\u00e4lleen hiljainen Ven\u00e4j\u00e4n provinssi, propagandisti myh\u00e4ili.<\/p>\n<p class=\"paragraph\">Kremlin narratiivista jo tutuksi tulleeseen tapaan T\u0161erny\u0161ov uhkaili my\u00f6s Suomea pommituksilla. Syyn\u00e4 uhkailuun oli suomalaisyhti\u00f6 Innokkaan ilmoitus aloittaa Ukrainan asevoimille tarkoitettujen droonien valmistus Suomessa.<\/p>\n<p class=\"paragraph\">\u2013 Lentoaika kohteeseen on vain minuutteja, T\u0161erny\u0161ov uhosi.<\/p>\n<p>\u201dKostautuu suomalaisille\u201d<\/p>\n<p class=\"paragraph\">My\u00f6s Rossija 1 -kanavan Vesti nedeli -ohjelmassa Stubb p\u00e4\u00e4si isoon rooliin.<\/p>\n<p class=\"paragraph\">Ohjelman juontaja, propagandisti ja duuman edustaja <strong>Jevgeni Popov<\/strong> alusti ensin monologiaan n\u00e4ytt\u00e4m\u00e4ll\u00e4 p\u00e4tk\u00e4n Stubbin puheesta Kiovassa, jossa presidentti sanoo Ukrainan iskujen Wildberries-yhti\u00f6n logistiikkakeskuksiin olevan hyv\u00e4 strategia.<\/p>\n<p class=\"paragraph\">\u2013 Unelmat Suur-Suomesta Uralille asti n\u00e4ytt\u00e4v\u00e4t edelleen el\u00e4v\u00e4n Stubbissa, Popov sanoi.<\/p>\n<p>Ruutukaappaus Vesti nedeli -ohjelmasta, jossa pilkattiin Alexander Stubbia. Ruutukaappaus Vesti nedeli -ohjelmasta<\/p>\n<p class=\"paragraph\">T\u00e4m\u00e4n j\u00e4lkeen Popov ryhtyi luettelemaan Kremlin propagandasta tuttuja asioita, joista Suomen h\u00e4nen mukaansa pit\u00e4isi olla Ven\u00e4j\u00e4lle kiitollinen.<\/p>\n<p class=\"paragraph\">Popov muun muassa esitti oman versionsa Suomen historiasta ja v\u00e4itti maamme k\u00e4yt\u00e4nn\u00f6ss\u00e4 olevan Ven\u00e4j\u00e4lle kaikesta velkaa.<\/p>\n<p class=\"paragraph\">\u2013 Nyt Stubb kehottaa ukrainalaisia iskem\u00e4\u00e4n meid\u00e4n markkinapaikkoihimme. T\u00e4m\u00e4 tulee varmasti kostautumaan suomalaisille, propagandisti uhosi.<\/p>\n","protected":false},"excerpt":{"rendered":"Presidentti Alexander Stubbin Kiovassa antamat kommentit hiert\u00e4v\u00e4t Ven\u00e4j\u00e4ll\u00e4. Tasavallan presidentti Alexander Stubb saa paljon n\u00e4kyvyytt\u00e4 Ven\u00e4j\u00e4n propagandistien keskuudessa.&hellip;\n","protected":false},"author":2,"featured_media":341624,"comment_status":"","ping_status":"","sticky":false,"template":"","format":"standard","meta":{"footnotes":"","_share_on_mastodon":"0"},"categories":[14],"tags":[35,22,23,26,27,33,31,30,17,24,25,28,29,15,18,21,142,637,886,888,887,32,19,20,56,16,59,60,61],"class_list":["post-341623","post","type-post","status-publish","format-standard","has-post-thumbnail","category-ulkomaat","tag-24h","tag-breaking-news","tag-breakingnews","tag-featured-news","tag-featurednews","tag-fi","tag-finland","tag-finnish","tag-headlines","tag-latest-news","tag-latestnews","tag-main-news","tag-mainnews","tag-news","tag-otsikot","tag-paauutiset","tag-poliitikot","tag-politiikka","tag-puolueet","tag-suomalaiset-poliitikot","tag-suomen-politiikka","tag-suomi","tag-top-stories","tag-topstories","tag-ulkomaat","tag-uutiset","tag-world","tag-world-news","tag-worldnews"],"share_on_mastodon":{"url":"https:\/\/pubeurope.com\/@fi\/117214898891658290","error":""},"_links":{"self":[{"href":"https:\/\/www.europesays.com\/fi\/wp-json\/wp\/v2\/posts\/341623","targetHints":{"allow":["GET"]}}],"collection":[{"href":"https:\/\/www.europesays.com\/fi\/wp-json\/wp\/v2\/posts"}],"about":[{"href":"https:\/\/www.europesays.com\/fi\/wp-json\/wp\/v2\/types\/post"}],"author":[{"embeddable":true,"href":"https:\/\/www.europesays.com\/fi\/wp-json\/wp\/v2\/users\/2"}],"replies":[{"embeddable":true,"href":"https:\/\/www.europesays.com\/fi\/wp-json\/wp\/v2\/comments?post=341623"}],"version-history":[{"count":0,"href":"https:\/\/www.europesays.com\/fi\/wp-json\/wp\/v2\/posts\/341623\/revisions"}],"wp:featuredmedia":[{"embeddable":true,"href":"https:\/\/www.europesays.com\/fi\/wp-json\/wp\/v2\/media\/341624"}],"wp:attachment":[{"href":"https:\/\/www.europesays.com\/fi\/wp-json\/wp\/v2\/media?parent=341623"}],"wp:term":[{"taxonomy":"category","embeddable":true,"href":"https:\/\/www.europesays.com\/fi\/wp-json\/wp\/v2\/categories?post=341623"},{"taxonomy":"post_tag","embeddable":true,"href":"https:\/\/www.europesays.com\/fi\/wp-json\/wp\/v2\/tags?post=341623"}],"curies":[{"name":"wp","href":"https:\/\/api.w.org\/{rel}","templated":true}]}}