{"id":341625,"date":"2026-09-04T21:29:17","date_gmt":"2026-09-04T21:29:17","guid":{"rendered":"https:\/\/www.europesays.com\/fi\/341625\/"},"modified":"2026-09-04T21:29:17","modified_gmt":"2026-09-04T21:29:17","slug":"yle-uimahallissa-rivoa-toimintaa-eihan-talle-mitaan-voi","status":"publish","type":"post","link":"https:\/\/www.europesays.com\/fi\/341625\/","title":{"rendered":"Yle: Uimahallissa rivoa toimintaa \u2013 \u201dEih\u00e4n t\u00e4lle mit\u00e4\u00e4n voi\u201d"},"content":{"rendered":"<p>Ylen mukaan uimahallin h\u00f6yrysauna on avattu uudelleen remontin j\u00e4lkeen.<\/p>\n<p><img decoding=\"async\" class=\"image image-show image-preview\" src=\"https:\/\/www.europesays.com\/fi\/wp-content\/uploads\/2026\/09\/6ce3eff6c984d3a82cef2ceb627d17fa484e4175e6b20e3018028db7a58765d8.jpg\" alt=\"\"\/><img decoding=\"async\" class=\"image image-show\" src=\"https:\/\/www.europesays.com\/fi\/wp-content\/uploads\/2026\/09\/1788557357_734_6ce3eff6c984d3a82cef2ceb627d17fa484e4175e6b20e3018028db7a58765d8.jpg\" alt=\"\"\/><\/p>\n<p>Joensuun Vesikon uimahallin h\u00f6yrysaunaa on yritetty valvoa tarkistusk\u00e4ynneill\u00e4. Joel Karppanen<\/p>\n<p class=\"paragraph\">Joensuun uimahalli Vesikon h\u00f6yrysauna meni remonttiin miesten sopimattoman k\u00e4yt\u00f6ksen takia. Nyt sauna on uusittu. Asiasta kertoo <a href=\"https:\/\/yle.fi\/a\/74-20244384\" target=\"_blank\" rel=\"noopener nofollow\">Yle<\/a>.<\/p>\n<p class=\"paragraph\">Uusitussa saunassa on poistettu v\u00e4lisein\u00e4n ikkunapinnoitteeseen raaputetut tirkistelyrei\u00e4t, joista pystyi katsomaan toisen puolen saunojia.<\/p>\n<p class=\"paragraph\">H\u00f6yrysauna suljettiin kes\u00e4kuussa. Kaupunki kertoi, ett\u00e4 miesten puolelta h\u00e4irittiin naisten puolen h\u00f6yrysaunojia. Miesten puolella j\u00e4rjestettiin my\u00f6s seksiin liittyvi\u00e4 tapaamisia.<\/p>\n<p class=\"paragraph\">\u2013 Harmittavaa, ett\u00e4 yksitt\u00e4isten h\u00e4irik\u00f6iden takia sauna t\u00e4ytyy sulkea kaikilta miehilt\u00e4, mutta t\u00e4llaiselle k\u00e4yt\u00f6kselle on saatava loppu, Joensuun kaupungin <a href=\"https:\/\/www.joensuu.fi\/ajankohtaista\/tiedotteet\/vesikon-miesten-hoyrysauna-suljetaan-valiaikaisesti\/\" target=\"_blank\" rel=\"noopener nofollow\">tiedotteessa<\/a> kerrottiin kes\u00e4kuussa.<\/p>\n<p class=\"paragraph\">Ylen mukaan ty\u00f6ntekij\u00e4t yrittiv\u00e4t torjua ongelmaa tekem\u00e4ll\u00e4 tarkastusk\u00e4yntej\u00e4 miesten puolen saunaan. Uimahallin henkil\u00f6kunta seurasi my\u00f6s verkkopalstoilla olevaa keskustelua seksitreffien sopimisesta saunaan.<\/p>\n<p class=\"paragraph\">\u2013 Eih\u00e4n t\u00e4lle mit\u00e4\u00e4n voi, se on n\u00e4k\u00f6j\u00e4\u00e4n t\u00e4t\u00e4 p\u00e4iv\u00e4\u00e4, Joensuun liikuntapalvelup\u00e4\u00e4llikk\u00f6 <strong>Vesa Martiskainen<\/strong> sanoo Ylen artikkelissa.<\/p>\n<p class=\"paragraph\">Nyt uimahallin v\u00e4ki toivoo, ett\u00e4 saunarauha s\u00e4ilyisi remontin my\u00f6t\u00e4.<\/p>\n<p class=\"paragraph\">Miesten seksitreffeiss\u00e4 saattaa olla taustalla cruising-ilmi\u00f6, joka tarkoittaa Setan mukaan homoyhteis\u00f6iss\u00e4 tapahtuvaa satunnaisen, kertaluonteisen ja monesti anonyymin seksiseuran hakemista tietyist\u00e4 paikoista.<\/p>\n<p class=\"paragraph\">Joensuun lis\u00e4ksi ainakin Riihim\u00e4en uimahallin h\u00f6yrysaunassa on j\u00e4rjestetty lemmenhetki\u00e4. Iltalehti vieraili paikalla maaliskuussa.<\/p>\n","protected":false},"excerpt":{"rendered":"Ylen mukaan uimahallin h\u00f6yrysauna on avattu uudelleen remontin j\u00e4lkeen. Joensuun Vesikon uimahallin h\u00f6yrysaunaa on yritetty valvoa tarkistusk\u00e4ynneill\u00e4. Joel&hellip;\n","protected":false},"author":2,"featured_media":341626,"comment_status":"","ping_status":"","sticky":false,"template":"","format":"standard","meta":{"footnotes":"","_share_on_mastodon":"0"},"categories":[12],"tags":[35,36,22,23,2110,26,27,33,31,30,17,3862,24,25,41,28,29,15,18,21,875,32,19,20,16],"class_list":["post-341625","post","type-post","status-publish","format-standard","has-post-thumbnail","category-suomi","tag-24h","tag-asuintalot-ja-asunnot","tag-breaking-news","tag-breakingnews","tag-elamantapa-ja-vapaa-aika","tag-featured-news","tag-featurednews","tag-fi","tag-finland","tag-finnish","tag-headlines","tag-iltalehti","tag-latest-news","tag-latestnews","tag-liikunta-ja-urheilu","tag-main-news","tag-mainnews","tag-news","tag-otsikot","tag-paauutiset","tag-seksi","tag-suomi","tag-top-stories","tag-topstories","tag-uutiset"],"share_on_mastodon":{"url":"https:\/\/pubeurope.com\/@fi\/117214902221226986","error":""},"_links":{"self":[{"href":"https:\/\/www.europesays.com\/fi\/wp-json\/wp\/v2\/posts\/341625","targetHints":{"allow":["GET"]}}],"collection":[{"href":"https:\/\/www.europesays.com\/fi\/wp-json\/wp\/v2\/posts"}],"about":[{"href":"https:\/\/www.europesays.com\/fi\/wp-json\/wp\/v2\/types\/post"}],"author":[{"embeddable":true,"href":"https:\/\/www.europesays.com\/fi\/wp-json\/wp\/v2\/users\/2"}],"replies":[{"embeddable":true,"href":"https:\/\/www.europesays.com\/fi\/wp-json\/wp\/v2\/comments?post=341625"}],"version-history":[{"count":0,"href":"https:\/\/www.europesays.com\/fi\/wp-json\/wp\/v2\/posts\/341625\/revisions"}],"wp:featuredmedia":[{"embeddable":true,"href":"https:\/\/www.europesays.com\/fi\/wp-json\/wp\/v2\/media\/341626"}],"wp:attachment":[{"href":"https:\/\/www.europesays.com\/fi\/wp-json\/wp\/v2\/media?parent=341625"}],"wp:term":[{"taxonomy":"category","embeddable":true,"href":"https:\/\/www.europesays.com\/fi\/wp-json\/wp\/v2\/categories?post=341625"},{"taxonomy":"post_tag","embeddable":true,"href":"https:\/\/www.europesays.com\/fi\/wp-json\/wp\/v2\/tags?post=341625"}],"curies":[{"name":"wp","href":"https:\/\/api.w.org\/{rel}","templated":true}]}}