{"id":341627,"date":"2026-09-04T21:30:14","date_gmt":"2026-09-04T21:30:14","guid":{"rendered":"https:\/\/www.europesays.com\/fi\/341627\/"},"modified":"2026-09-04T21:30:14","modified_gmt":"2026-09-04T21:30:14","slug":"mies-kuoli-karmealla-tavalla-yli-viikko-sitten-martinlaaksossa-poliisi-emme-ole-pimennossa","status":"publish","type":"post","link":"https:\/\/www.europesays.com\/fi\/341627\/","title":{"rendered":"Mies kuoli karmealla tavalla yli viikko sitten Martinlaaksossa \u2013 Poliisi: \u201dEmme ole pimennossa\u201d"},"content":{"rendered":"<p>Poliisi pyysi koiranulkoiluttajan yhteydenottoa. Useita ilmoittautui.<\/p>\n<p><img decoding=\"async\" class=\"image image-show image-preview\" src=\"https:\/\/www.europesays.com\/fi\/wp-content\/uploads\/2026\/09\/3dd8a7732dee5022f46573da66c8a22b76412019a96c2df3732a1db25f0fda3c.jpg\" alt=\"\"\/><img decoding=\"async\" class=\"image image-show\" src=\"https:\/\/www.europesays.com\/fi\/wp-content\/uploads\/2026\/09\/1788557414_141_3dd8a7732dee5022f46573da66c8a22b76412019a96c2df3732a1db25f0fda3c.jpg\" alt=\"\"\/><\/p>\n<p>Poliisi ep\u00e4ilee, ett\u00e4 parikymppinen mies murhattiin Vantaan Martinlaaksossa keskiviikkona 26.8.2026. MATTI MATIKAINEN<\/p>\n<p class=\"paragraph\">Poliisi on edelleen vaitonainen reilu viikko sitten Vantaan Martinlaaksossa tapahtuneesta ep\u00e4illyst\u00e4 murhasta.<\/p>\n<p class=\"paragraph\">Yli 20-vuotias mies l\u00f6ytyi kuolleena omasta asunnostaan Laajaniitynkujalta. Ep\u00e4ilty henkirikos tapahtui keskiviikkona 26. elokuuta.<\/p>\n<p class=\"paragraph\">Poliisi on ollut vaitelias esitutkinnan ajan, eik\u00e4 tutkinnanjohtaja, rikoskomisario <strong>Sanna Rentola<\/strong> avaa tapauksen yksityiskohtia nytk\u00e4\u00e4n.<\/p>\n<p class=\"paragraph\">\u2013 Velvollisuuteni on huolehtia siit\u00e4, etten pilaa tutkintaa sill\u00e4, ett\u00e4 annan tietoja julkisuuteen liian varhain, Rentola sanoi perjantaina.<\/p>\n<p class=\"paragraph\">It\u00e4-Uudenmaan k\u00e4r\u00e4j\u00e4oikeudessa ei ole ollut asiaan liittyvi\u00e4 vangitsemisvaatimuksia. T\u00e4st\u00e4 voisi p\u00e4\u00e4tell\u00e4, ett\u00e4 poliisi ei ole tavoittanut ep\u00e4ilty\u00e4 tekij\u00e4\u00e4. Toisin sanoen ep\u00e4ilty murhaaja on varsin todenn\u00e4k\u00f6isesti karkuteill\u00e4.<\/p>\n<p class=\"paragraph\">Poliisi ei ole ottanut mit\u00e4\u00e4n kantaa ep\u00e4iltyyn tai ep\u00e4iltyihin esitutkinnan aikana, eik\u00e4 muitakaan tapauksen yksityiskohtia ole avattu.<\/p>\n<p>T\u00e4ss\u00e4 talossa surmapaikka sijaitsee. MATTI MATIKAINEN<\/p>\n<p class=\"paragraph\">Vaitonaisuus ei tarkoita sit\u00e4, ett\u00e4 esitutkinta junnaisi paikoillaan, vakuuttaa Rentola.<\/p>\n<p class=\"paragraph\">\u2013 Emme ole pimennossa. Tutkintaa on saatu viety\u00e4 hyvin eteenp\u00e4in.<\/p>\n<p class=\"paragraph\">Rikosnimikkeen\u00e4 murha viittaa henkirikoksen erityiseen raakuuteen tai julmuuteen tai suunnitelmallisuuteen.<\/p>\n<p class=\"paragraph\">Henkirikos tapahtui asunnossa, josta uhri l\u00f6ytyi. Naapurit ovat kertoneet <a href=\"https:\/\/www.iltalehti.fi\/kotimaa\/3d7f5d67-4359-4f26-81e5-dab57693d9e1\" rel=\"nofollow noopener\" target=\"_blank\">verij\u00e4ljist\u00e4<\/a> kerrostalon aulassa hissin edess\u00e4. Yksi Iltalehden lukija todisti poliisin operaatiota ja <a href=\"https:\/\/www.iltalehti.fi\/kotimaa\/caea870b-3c47-4804-ab23-d7b6c1fdfa8e\" rel=\"nofollow noopener\" target=\"_blank\">synkk\u00e4\u00e4 n\u00e4ky\u00e4<\/a>, kun kerrostalon rappuk\u00e4yt\u00e4v\u00e4st\u00e4 kannettiin pois ruumis.<\/p>\n<p>Vinkkej\u00e4 kaivataan edelleen<\/p>\n<p>Poliisipartio piipahti rikospaikalla perjantaina aamup\u00e4iv\u00e4ll\u00e4, kun Iltalehti k\u00e4vi paikalla. MATTI MATIKAINEN<\/p>\n<p class=\"paragraph\">Poliisi on pyyt\u00e4nyt Laajaniitynkujan suunnalla kello 20\u201323 liikkuneita ihmisi\u00e4 ottamaan yhteytt\u00e4 poliisiin. Viikonloppuna poliisi pyysi erityisesti koiranulkoiluttajan yhteydenottoa. Pyynn\u00f6n seurauksena poliisille ilmoittautui useampia ihmisi\u00e4.<\/p>\n<p class=\"paragraph\">Poliisi pyyt\u00e4\u00e4 edelleen havaintoja ja muita tietoja tapahtumasta.<\/p>\n<p class=\"paragraph\">\u2013 Kaikilla, jotka sill\u00e4 suunnalla ovat liikkuneet, voi olla meille arvokkaita havaintoja, Rentola sanoo.<\/p>\n<p class=\"paragraph\">Havaintoja ja tietoja tapahtumasta voi ilmoittaa s\u00e4hk\u00f6postitse osoitteeseen vakivalta.ita-uusimaa@poliisi.fi tai puhelimitse numeroon 0295 436 442.<\/p>\n","protected":false},"excerpt":{"rendered":"Poliisi pyysi koiranulkoiluttajan yhteydenottoa. Useita ilmoittautui. Poliisi ep\u00e4ilee, ett\u00e4 parikymppinen mies murhattiin Vantaan Martinlaaksossa keskiviikkona 26.8.2026. MATTI MATIKAINEN&hellip;\n","protected":false},"author":2,"featured_media":341628,"comment_status":"","ping_status":"","sticky":false,"template":"","format":"standard","meta":{"footnotes":"","_share_on_mastodon":"0"},"categories":[5],"tags":[35,22,23,26,27,33,31,30,17,55,53,24,25,28,29,15,18,21,122,54,52,32,19,20,16],"class_list":["post-341627","post","type-post","status-publish","format-standard","has-post-thumbnail","category-otsikot","tag-24h","tag-breaking-news","tag-breakingnews","tag-featured-news","tag-featurednews","tag-fi","tag-finland","tag-finnish","tag-headlines","tag-lainvalvonta","tag-laki-oikeus-ja-rikos","tag-latest-news","tag-latestnews","tag-main-news","tag-mainnews","tag-news","tag-otsikot","tag-paauutiset","tag-pelastaminen","tag-pelastuspalvelut","tag-poliisi","tag-suomi","tag-top-stories","tag-topstories","tag-uutiset"],"share_on_mastodon":{"url":"https:\/\/pubeurope.com\/@fi\/117214906012894610","error":""},"_links":{"self":[{"href":"https:\/\/www.europesays.com\/fi\/wp-json\/wp\/v2\/posts\/341627","targetHints":{"allow":["GET"]}}],"collection":[{"href":"https:\/\/www.europesays.com\/fi\/wp-json\/wp\/v2\/posts"}],"about":[{"href":"https:\/\/www.europesays.com\/fi\/wp-json\/wp\/v2\/types\/post"}],"author":[{"embeddable":true,"href":"https:\/\/www.europesays.com\/fi\/wp-json\/wp\/v2\/users\/2"}],"replies":[{"embeddable":true,"href":"https:\/\/www.europesays.com\/fi\/wp-json\/wp\/v2\/comments?post=341627"}],"version-history":[{"count":0,"href":"https:\/\/www.europesays.com\/fi\/wp-json\/wp\/v2\/posts\/341627\/revisions"}],"wp:featuredmedia":[{"embeddable":true,"href":"https:\/\/www.europesays.com\/fi\/wp-json\/wp\/v2\/media\/341628"}],"wp:attachment":[{"href":"https:\/\/www.europesays.com\/fi\/wp-json\/wp\/v2\/media?parent=341627"}],"wp:term":[{"taxonomy":"category","embeddable":true,"href":"https:\/\/www.europesays.com\/fi\/wp-json\/wp\/v2\/categories?post=341627"},{"taxonomy":"post_tag","embeddable":true,"href":"https:\/\/www.europesays.com\/fi\/wp-json\/wp\/v2\/tags?post=341627"}],"curies":[{"name":"wp","href":"https:\/\/api.w.org\/{rel}","templated":true}]}}