{"id":341631,"date":"2026-09-04T21:47:14","date_gmt":"2026-09-04T21:47:14","guid":{"rendered":"https:\/\/www.europesays.com\/fi\/341631\/"},"modified":"2026-09-04T21:47:14","modified_gmt":"2026-09-04T21:47:14","slug":"yksi-2000-luvun-menestyneimmista-kauhuelokuvista-on-nyt-suoratoistossa-bluray-julkaisu-lukitsi-katsojien-kaukosaatimet","status":"publish","type":"post","link":"https:\/\/www.europesays.com\/fi\/341631\/","title":{"rendered":"Yksi 2000-luvun menestyneimmist\u00e4 kauhuelokuvista on nyt suoratoistossa \u2013 Bluray-julkaisu lukitsi katsojien kaukos\u00e4\u00e4timet"},"content":{"rendered":"<p class=\"wp-block-paragraph\">SkyShowtimessa on nyt katsottavissa kauhuelokuva Ring (The Ring, 2002).<\/p>\n<p class=\"wp-block-paragraph\">Kaikki alkaa nelj\u00e4n teini-ik\u00e4isen kuolemasta. He ovat katsoneet salaper\u00e4isen videonauhan, johon liittyy hyyt\u00e4v\u00e4 legenda. Nauhan katsoja saa puhelun ja kuolee seitsem\u00e4n p\u00e4iv\u00e4n kuluttua.<\/p>\n<p class=\"wp-block-paragraph\">Tapauksesta kiinnostuva toimittaja Rachel Keller (<strong>Naomi Watts<\/strong>) alkaa selvitt\u00e4\u00e4 nauhan arvoitusta ja p\u00e4\u00e4tyy pian itse katsomaan sit\u00e4. Nyt h\u00e4nell\u00e4 on vain viikko aikaa selvitt\u00e4\u00e4, mit\u00e4 nauha oikein tarkoittaa ja miten kirous voidaan pys\u00e4ytt\u00e4\u00e4.<\/p>\n<p class=\"wp-block-paragraph\">Ohjaajana toimii <strong>Gore Verbinski<\/strong>. N\u00e4yttelij\u00f6in\u00e4 Wattsin lis\u00e4ksi <strong>Martin Henderson<\/strong>, <strong>David Dorfman<\/strong>, <strong>Brian Cox<\/strong>, <strong>Jane Alexander<\/strong>, <strong>Lindsay Frost<\/strong>, <strong>Amber Tamblyn<\/strong>, <strong>Rachael Bella<\/strong>, <strong>Daveigh Chase<\/strong> sek\u00e4 <strong>Shannon Cochran<\/strong>.<\/p>\n<p>Lue my\u00f6s: <a href=\"https:\/\/www.episodi.fi\/uutiset\/nyt-suoratoistona-tim-curry-christopher-lloyd-madeline-kahn-ja-eileen-brennan-80-luvun-huippukoori-huippuleffassa\/\" title=\"Nyt suoratoistona: Tim Curry, Christopher Lloyd, Madeline Kahn ja Eileen Brennan \u2013 80-luvun huippuk\u00f6\u00f6ri huippuleffassa\" class=\"underline-custom !font-heading !font-bold !underline-offset-4 !decoration-4 !decoration-accent !text-md\" rel=\"nofollow noopener\" target=\"_blank\">Nyt suoratoistona: Tim Curry, Christopher Lloyd, Madeline Kahn ja Eileen Brennan \u2013 80-luvun huippuk\u00f6\u00f6ri huippuleffassa<\/a><\/p>\n<p><img loading=\"lazy\" height=\"365\" width=\"648\" class=\"wp-image-184616 sp-no-webp perfmatters-lazy\" alt=\"\" decoding=\"async\" src=\"https:\/\/www.europesays.com\/fi\/wp-content\/uploads\/2026\/09\/ring-2002-photo-hero-1-1920x10801-1-648x365.jpg\"  data-\/> <\/p>\n<p class=\"wp-block-paragraph\">Elokuvan DVD- ja Bluray-extroissa on nerokas ominaisuus, sill\u00e4 sis\u00e4ll\u00f6st\u00e4 l\u00f6ytyy piilotettuna elokuvan kirottu video. Jos sen laittaa py\u00f6rim\u00e4\u00e4n, kaukos\u00e4\u00e4din kytkeytyy IMDb:n mukaan toimintakyvytt\u00f6m\u00e4ksi.<\/p>\n<p class=\"wp-block-paragraph\">Video on t\u00e4m\u00e4n j\u00e4lkeen pakko katsoa tai sulkea televisio. Kun video loppuu, puhelimen \u00e4\u00e4ni soi kaksi kertaa, jonka j\u00e4lkeen normaalit valikot palaavat ja kaukos\u00e4\u00e4din palautuu toimivaksi.<\/p>\n<p class=\"wp-block-paragraph\">Elokuva oli menestys, ja se tuotti maailmanlaajuisesti 249,3 miljoonaa dollaria 48 miljoonan dollarin budjetilla, mik\u00e4 oli erinomainen tulos kauhuleffalle. Elokuva menestyi my\u00f6s arvosteluissa, sill\u00e4 se sai enemm\u00e4n positiivisia kuin negatiivisia arvosteluja, ja kriitikot kehuivat erityisesti elokuvan tunnelmaa ja visuaalista tyyli\u00e4.<\/p>\n<p class=\"wp-block-paragraph\">Elokuvan Metacritic-pisteet ovat luvussa 57. Alla traileri.<\/p>\n<p>Lue my\u00f6s: <a href=\"https:\/\/www.episodi.fi\/uutiset\/tama-k18-kauhuleffa-on-niin-taynna-paljasta-pintaa-etta-sita-kutsuttiin-aikuisviihteeksi-nyt-suoratoistossa\/\" title=\"T\u00e4m\u00e4 K18-kauhuleffa on niin t\u00e4ynn\u00e4 paljasta pintaa, ett\u00e4 sit\u00e4 kutsuttiin aikuisviihteeksi \u2013 nyt suoratoistossa\" class=\"underline-custom !font-heading !font-bold !underline-offset-4 !decoration-4 !decoration-accent !text-md\" rel=\"nofollow noopener\" target=\"_blank\">T\u00e4m\u00e4 K18-kauhuleffa on niin t\u00e4ynn\u00e4 paljasta pintaa, ett\u00e4 sit\u00e4 kutsuttiin aikuisviihteeksi \u2013 nyt suoratoistossa<\/a><\/p>\n<p><img loading=\"lazy\" decoding=\"async\" alt=\"Youtube video\" width=\"480\" height=\"360\" data-pin-nopin=\"true\" nopin=\"nopin\" class=\"perfmatters-lazy\" src=\"https:\/\/www.europesays.com\/fi\/wp-content\/uploads\/2026\/09\/1788558434_197_hqdefault.jpg\"\/><\/p>\n<p class=\"wp-block-paragraph\">L\u00e4hde: <a href=\"https:\/\/www.imdb.com\/title\/tt0298130\/trivia?ref_=tt_ql_2\" target=\"_blank\" rel=\"noopener nofollow\">IMDb<\/a>, <a href=\"https:\/\/en.wikipedia.org\/wiki\/The_Ring_(2002_film)\" target=\"_blank\" rel=\"noopener nofollow\">Wikipedia<\/a><\/p>\n","protected":false},"excerpt":{"rendered":"SkyShowtimessa on nyt katsottavissa kauhuelokuva Ring (The Ring, 2002). Kaikki alkaa nelj\u00e4n teini-ik\u00e4isen kuolemasta. He ovat katsoneet salaper\u00e4isen&hellip;\n","protected":false},"author":2,"featured_media":341632,"comment_status":"","ping_status":"","sticky":false,"template":"","format":"standard","meta":{"footnotes":"","_share_on_mastodon":"0"},"categories":[131],"tags":[155,137,33,173,31,30,172,341,32,109],"class_list":["post-341631","post","type-post","status-publish","format-standard","has-post-thumbnail","category-elokuvat","tag-elokuvat","tag-entertainment","tag-fi","tag-film","tag-finland","tag-finnish","tag-movies","tag-skyshowtime","tag-suomi","tag-viihde"],"share_on_mastodon":{"url":"https:\/\/pubeurope.com\/@fi\/117214973379018208","error":""},"_links":{"self":[{"href":"https:\/\/www.europesays.com\/fi\/wp-json\/wp\/v2\/posts\/341631","targetHints":{"allow":["GET"]}}],"collection":[{"href":"https:\/\/www.europesays.com\/fi\/wp-json\/wp\/v2\/posts"}],"about":[{"href":"https:\/\/www.europesays.com\/fi\/wp-json\/wp\/v2\/types\/post"}],"author":[{"embeddable":true,"href":"https:\/\/www.europesays.com\/fi\/wp-json\/wp\/v2\/users\/2"}],"replies":[{"embeddable":true,"href":"https:\/\/www.europesays.com\/fi\/wp-json\/wp\/v2\/comments?post=341631"}],"version-history":[{"count":0,"href":"https:\/\/www.europesays.com\/fi\/wp-json\/wp\/v2\/posts\/341631\/revisions"}],"wp:featuredmedia":[{"embeddable":true,"href":"https:\/\/www.europesays.com\/fi\/wp-json\/wp\/v2\/media\/341632"}],"wp:attachment":[{"href":"https:\/\/www.europesays.com\/fi\/wp-json\/wp\/v2\/media?parent=341631"}],"wp:term":[{"taxonomy":"category","embeddable":true,"href":"https:\/\/www.europesays.com\/fi\/wp-json\/wp\/v2\/categories?post=341631"},{"taxonomy":"post_tag","embeddable":true,"href":"https:\/\/www.europesays.com\/fi\/wp-json\/wp\/v2\/tags?post=341631"}],"curies":[{"name":"wp","href":"https:\/\/api.w.org\/{rel}","templated":true}]}}