{"id":341637,"date":"2026-09-04T21:53:11","date_gmt":"2026-09-04T21:53:11","guid":{"rendered":"https:\/\/www.europesays.com\/fi\/341637\/"},"modified":"2026-09-04T21:53:11","modified_gmt":"2026-09-04T21:53:11","slug":"sahkon-hinta-kay-lauantaina-lahella-nollaa","status":"publish","type":"post","link":"https:\/\/www.europesays.com\/fi\/341637\/","title":{"rendered":"S\u00e4hk\u00f6n hinta k\u00e4y lauantaina l\u00e4hell\u00e4 nollaa"},"content":{"rendered":"<p>My\u00f6s loppukes\u00e4ll\u00e4 s\u00e4hk\u00f6\u00e4 sai viime vuotta halvemmalla.<\/p>\n<p><img decoding=\"async\" src=\"https:\/\/www.europesays.com\/fi\/wp-content\/uploads\/2026\/09\/1788558791_64_468.jpg\" alt=\"S\u00e4hk\u00f6n keskihinta j\u00e4\u00e4 lauantaina alhaiseksi. \" class=\"_Img_1rerz_1\" style=\"aspect-ratio:1920\/1080\" loading=\"eager\"\/><\/p>\n<p class=\"font-(family-name:--picture-caption-font-family) text-(length:--picture-caption-font-size) leading-(--picture-caption-leading) font-(--picture-caption-font-weight) text-(color:--picture-caption-color)\">S\u00e4hk\u00f6n keskihinta j\u00e4\u00e4 lauantaina alhaiseksi.  Kuva:\u00a0Vesa Moilanen \/ Sanoman arkisto<\/p>\n<p>4.9. 21:30<\/p>\n<p class=\"article-body mb-(--paragraph-margin-b) px-nof-16\">P\u00f6rssis\u00e4hk\u00f6n hinta laskee lauantaina selv\u00e4sti perjantain lukemista ja liikkuu alimmillaan nollatasolla.<\/p>\n<p class=\"article-body mb-(--paragraph-margin-b) px-nof-16\">Lauantain halvin vartti alkaa kello 16.30, jolloin s\u00e4hk\u00f6n hinta veroineen j\u00e4\u00e4 0,44 senttiin kilowattitunnilta.<\/p>\n<p class=\"article-body mb-(--paragraph-margin-b) px-nof-16\">Kalleinta on puolestaan y\u00f6ll\u00e4 kello 1.00\u20131.15, jolloin s\u00e4hk\u00f6 maksaa 4,89 sentti\u00e4.<\/p>\n<p class=\"article-body mb-(--paragraph-margin-b) px-nof-16\">Lauantain keskihinta ylt\u00e4\u00e4 vain 1,8 senttiin, kun perjantaina keskihinta on 6,95 sentti\u00e4.<\/p>\n<p class=\"article-body mb-(--paragraph-margin-b) px-nof-16\">Loppukes\u00e4n s\u00e4hk\u00f6 on ollut selv\u00e4sti halvempaa kuin vuotta aikaisemmin.<\/p>\n<p class=\"article-body mb-(--paragraph-margin-b) px-nof-16\">Kuluneen elokuun keskihinta p\u00f6rssis\u00e4hk\u00f6lle oli 5,18 sentti\u00e4. Vuotta aikaisemmin keskihinta oli veroineen 6,94 sentti\u00e4.<\/p>\n<p class=\"article-body mb-(--paragraph-margin-b) px-nof-16\">Tuulivoiman tuotanto ylt\u00e4\u00e4 Fingridin ennusteen mukaan lauantai-iltana parhaimmillaan l\u00e4helle 3700 megawattia.<\/p>\n<p class=\"article-body mb-(--paragraph-margin-b) px-nof-16\">Olkiluoto 3 -ydinreaktoria k\u00e4ytet\u00e4\u00e4n parhaillaan vajaateholla teknisen vian vuoksi. Tehotaso on TVO:n mukaan noin 84 prosenttia t\u00e4ydest\u00e4 tehosta reaktorin vuosihuoltoon eli 10. syyskuuta saakka. Muut reaktorit toimivat normaalisti.<\/p>\n<p class=\"article-body mb-(--paragraph-margin-b) px-nof-16\">Fortumin Loviisa 2 on puolestaan parhaillaan huollossa 21. syyskuuta saakka. Sen j\u00e4lkeen alkaa 26. syyskuuta Loviisa 1:n huolto.<\/p>\n<p class=\"article-body mb-(--paragraph-margin-b) px-nof-16\">Vuosihuollossa tehd\u00e4\u00e4n erilaisia muutos- ja huoltot\u00f6it\u00e4, tarkastuksia sek\u00e4 ladataan polttoainetta.<\/p>\n<p class=\"article-body mb-(--paragraph-margin-b) px-nof-16\">Kakkosyksik\u00f6ss\u00e4 tehd\u00e4\u00e4n t\u00e4ll\u00e4 kertaa laaja, vain kahdeksan vuoden v\u00e4lein toistuva huolto.<\/p>\n","protected":false},"excerpt":{"rendered":"My\u00f6s loppukes\u00e4ll\u00e4 s\u00e4hk\u00f6\u00e4 sai viime vuotta halvemmalla. S\u00e4hk\u00f6n keskihinta j\u00e4\u00e4 lauantaina alhaiseksi. Kuva:\u00a0Vesa Moilanen \/ Sanoman arkisto 4.9.&hellip;\n","protected":false},"author":2,"featured_media":341638,"comment_status":"","ping_status":"","sticky":false,"template":"","format":"standard","meta":{"footnotes":"","_share_on_mastodon":"0"},"categories":[76],"tags":[157,79,77,33,31,30,32,78],"class_list":["post-341637","post","type-post","status-publish","format-standard","has-post-thumbnail","category-talous","tag-aamulehti","tag-business","tag-economy","tag-fi","tag-finland","tag-finnish","tag-suomi","tag-talous"],"share_on_mastodon":{"url":"https:\/\/pubeurope.com\/@fi\/117214997004661600","error":""},"_links":{"self":[{"href":"https:\/\/www.europesays.com\/fi\/wp-json\/wp\/v2\/posts\/341637","targetHints":{"allow":["GET"]}}],"collection":[{"href":"https:\/\/www.europesays.com\/fi\/wp-json\/wp\/v2\/posts"}],"about":[{"href":"https:\/\/www.europesays.com\/fi\/wp-json\/wp\/v2\/types\/post"}],"author":[{"embeddable":true,"href":"https:\/\/www.europesays.com\/fi\/wp-json\/wp\/v2\/users\/2"}],"replies":[{"embeddable":true,"href":"https:\/\/www.europesays.com\/fi\/wp-json\/wp\/v2\/comments?post=341637"}],"version-history":[{"count":0,"href":"https:\/\/www.europesays.com\/fi\/wp-json\/wp\/v2\/posts\/341637\/revisions"}],"wp:featuredmedia":[{"embeddable":true,"href":"https:\/\/www.europesays.com\/fi\/wp-json\/wp\/v2\/media\/341638"}],"wp:attachment":[{"href":"https:\/\/www.europesays.com\/fi\/wp-json\/wp\/v2\/media?parent=341637"}],"wp:term":[{"taxonomy":"category","embeddable":true,"href":"https:\/\/www.europesays.com\/fi\/wp-json\/wp\/v2\/categories?post=341637"},{"taxonomy":"post_tag","embeddable":true,"href":"https:\/\/www.europesays.com\/fi\/wp-json\/wp\/v2\/tags?post=341637"}],"curies":[{"name":"wp","href":"https:\/\/api.w.org\/{rel}","templated":true}]}}