{"id":341639,"date":"2026-09-04T21:54:14","date_gmt":"2026-09-04T21:54:14","guid":{"rendered":"https:\/\/www.europesays.com\/fi\/341639\/"},"modified":"2026-09-04T21:54:14","modified_gmt":"2026-09-04T21:54:14","slug":"trump-britannialle-pelastan-maanne-ydiniskulta","status":"publish","type":"post","link":"https:\/\/www.europesays.com\/fi\/341639\/","title":{"rendered":"Trump Britannialle: Pelastan maanne ydiniskulta"},"content":{"rendered":"<p>\t\t\t\t\t\t\t\t\tUlkomaat<\/p>\n<p class=\"wp-block-paragraph\">Yhdysvaltain presidentti <strong>Donald Trump<\/strong> katsoo \u201dpelastavansa\u201d Ison-Britannian ydiniskulta k\u00e4ym\u00e4ll\u00e4 sotaa Iranissa. Trumpin lausunnosta kertovat <a href=\"https:\/\/www.independent.co.uk\/topic\/gb-news\" rel=\"nofollow noopener\" target=\"_blank\">The Independent<\/a> ja useat muut brittimediat.<\/p>\n<p class=\"wp-block-paragraph\">\u2013 Jos Iranilla olisi ydinase, he k\u00e4ytt\u00e4isiv\u00e4t sit\u00e4 todenn\u00e4k\u00f6isemmin Euroopassa \u2013 miss\u00e4 heill\u00e4 on ohjussuorituskyky\u00e4 \u2013 kuin Amerikassa, miss\u00e4 heill\u00e4 ei sit\u00e4 ole. Min\u00e4 pelastan maanne ongelmalta, koska he k\u00e4ytt\u00e4isiv\u00e4t sit\u00e4 [ydinasetta], Trump totesi.<\/p>\n<p class=\"wp-block-paragraph\">GB News -kanavan haastattelussa Trump vihjasi my\u00f6s, ettei h\u00e4n tukisi Isoa-Britanniaa, jos Argentiina hy\u00f6kk\u00e4isi Falklandinsaarille.<\/p>\n<p class=\"wp-block-paragraph\">\u2013 \u00c4lk\u00e4\u00e4 unohtako, ett\u00e4 saatte ison prosentin \u00f6ljyst\u00e4nne Hormuzinsalmelta, ettek\u00e4 olleet siell\u00e4 auttamassa minua, Trump sanoi, kun h\u00e4nelt\u00e4 kysyttiin Falklandinsaariin liittyv\u00e4st\u00e4 Britannian ja Argentiinan v\u00e4lisest\u00e4 kiistasta.<\/p>\n<p class=\"wp-block-paragraph\">Trump on aiemmin kertonut arvioivansa uudelleen Yhdysvaltain kantaa Ison-Britannian suvereniteettiin Falklandinsaarilla. T\u00e4h\u00e4n viitaten Argentiinan presidentti <strong>Javier Milei<\/strong> <a href=\"https:\/\/www.suomenmaa.fi\/uutiset\/milei-muutoksen-tuulet-suosivat-nyt-argentiinaa-falklandinsaarten-kysymyksessa\/\" rel=\"nofollow noopener\" target=\"_blank\">sanoi<\/a> \u00e4skett\u00e4isess\u00e4 televisiopuheessaan, ett\u00e4 \u201dmuutoksen tuulet suosivat nyt Argentiinaa\u201d.<\/p>\n<p class=\"wp-block-paragraph\">Britannian puolustusministeri\u00a0<strong>Wes Streeting<\/strong>\u00a0<a href=\"https:\/\/www.suomenmaa.fi\/uutiset\/britannia-aikoo-pitaa-kiinni-falklandinsaarista\/\" rel=\"nofollow noopener\" target=\"_blank\">ilmoitti<\/a> puolestaan perjantaina, ett\u00e4 maa aikoo pit\u00e4\u00e4 kiinni Falklandinsaarista.<\/p>\n<p class=\"wp-block-paragraph\">Iso-Britannia kielt\u00e4ytyi osallistumasta Yhdysvaltain ja Israelin hy\u00f6kk\u00e4ykseen Irania vastaan <strong>Keir Starmerin<\/strong> toimiessa p\u00e4\u00e4ministerin\u00e4. <\/p>\n<p class=\"wp-block-paragraph\">Starmer suostui my\u00f6hemmin tukemaan \u201dpuolustuksellisia\u201d iskuja esimerkiksi ohjusj\u00e4rjestelmi\u00e4 vastaan, mutta ei tukenut Trumpin kutsua l\u00e4hett\u00e4\u00e4 laivastoa avaamaan uudelleen Hormuzinsalmea.<\/p>\n<p class=\"wp-block-paragraph\">Vastauksena Trump on hy\u00f6k\u00e4nnyt toistuvasti nyt jo entist\u00e4 p\u00e4\u00e4ministeri\u00e4 Starmeria vastaan. Trumpin mukaan Britannia on matkalla kohti \u201dkatastrofia\u201d, ellei se puutu maahanmuuttoon ja muuta energiapolitiikkaansa.<\/p>\n<p class=\"wp-block-paragraph\">\u2013 Jos ette pys\u00e4yt\u00e4 ihmisten tulvimista maahanne kaikkialta maailmasta, teill\u00e4 ei ole en\u00e4\u00e4 maata j\u00e4ljell\u00e4, h\u00e4n totesi GB Newsille siirtyen kritisoimaan Lontoon pormestaria <strong>Sadiq Khania<\/strong>.<\/p>\n<p class=\"wp-block-paragraph\">\u2013 Teill\u00e4 on kauhea pormestari. H\u00e4n on ilke\u00e4 tyyppi, ilke\u00e4 ihminen. H\u00e4n on eritt\u00e4in huono pormestari.<\/p>\n<p class=\"wp-block-paragraph\">GB Newsin haastattelussa Trump arvosteli lis\u00e4ksi prinssi <strong>Harrya<\/strong> ja t\u00e4m\u00e4n puolisoa <strong>Meghania<\/strong>, jotka ovat muuttaneet takaisin Britanniaan. Trumpin mukaan Meghanilla on ollut \u201dhirve\u00e4\u201d vaikutus puolisoonsa, ja pariskunta on ollut \u201dtodella kauhea\u201d Britannian prinssi <strong>Williamia<\/strong> kohtaan.<\/p>\n<p class=\"wp-block-paragraph\">\u2013 En olisi ottanut ottanut heit\u00e4 takaisin, h\u00e4n totesi pariskunnan Britanniaan-paluuseen viitaten.<\/p>\n","protected":false},"excerpt":{"rendered":"Ulkomaat Yhdysvaltain presidentti Donald Trump katsoo \u201dpelastavansa\u201d Ison-Britannian ydiniskulta k\u00e4ym\u00e4ll\u00e4 sotaa Iranissa. Trumpin lausunnosta kertovat The Independent ja&hellip;\n","protected":false},"author":2,"featured_media":341640,"comment_status":"","ping_status":"","sticky":false,"template":"","format":"standard","meta":{"footnotes":"","_share_on_mastodon":"0"},"categories":[14],"tags":[22,23,585,26,27,33,31,30,17,4897,24,25,28,29,15,18,21,32,19,20,56,16,59,60,61,619],"class_list":["post-341639","post","type-post","status-publish","format-standard","has-post-thumbnail","category-ulkomaat","tag-breaking-news","tag-breakingnews","tag-donald-trump","tag-featured-news","tag-featurednews","tag-fi","tag-finland","tag-finnish","tag-headlines","tag-iso-britannia","tag-latest-news","tag-latestnews","tag-main-news","tag-mainnews","tag-news","tag-otsikot","tag-paauutiset","tag-suomi","tag-top-stories","tag-topstories","tag-ulkomaat","tag-uutiset","tag-world","tag-world-news","tag-worldnews","tag-yhdysvallat"],"share_on_mastodon":{"url":"https:\/\/pubeurope.com\/@fi\/117215000553205805","error":""},"_links":{"self":[{"href":"https:\/\/www.europesays.com\/fi\/wp-json\/wp\/v2\/posts\/341639","targetHints":{"allow":["GET"]}}],"collection":[{"href":"https:\/\/www.europesays.com\/fi\/wp-json\/wp\/v2\/posts"}],"about":[{"href":"https:\/\/www.europesays.com\/fi\/wp-json\/wp\/v2\/types\/post"}],"author":[{"embeddable":true,"href":"https:\/\/www.europesays.com\/fi\/wp-json\/wp\/v2\/users\/2"}],"replies":[{"embeddable":true,"href":"https:\/\/www.europesays.com\/fi\/wp-json\/wp\/v2\/comments?post=341639"}],"version-history":[{"count":0,"href":"https:\/\/www.europesays.com\/fi\/wp-json\/wp\/v2\/posts\/341639\/revisions"}],"wp:featuredmedia":[{"embeddable":true,"href":"https:\/\/www.europesays.com\/fi\/wp-json\/wp\/v2\/media\/341640"}],"wp:attachment":[{"href":"https:\/\/www.europesays.com\/fi\/wp-json\/wp\/v2\/media?parent=341639"}],"wp:term":[{"taxonomy":"category","embeddable":true,"href":"https:\/\/www.europesays.com\/fi\/wp-json\/wp\/v2\/categories?post=341639"},{"taxonomy":"post_tag","embeddable":true,"href":"https:\/\/www.europesays.com\/fi\/wp-json\/wp\/v2\/tags?post=341639"}],"curies":[{"name":"wp","href":"https:\/\/api.w.org\/{rel}","templated":true}]}}