{"id":341641,"date":"2026-09-04T21:55:25","date_gmt":"2026-09-04T21:55:25","guid":{"rendered":"https:\/\/www.europesays.com\/fi\/341641\/"},"modified":"2026-09-04T21:55:25","modified_gmt":"2026-09-04T21:55:25","slug":"perjantain-lukuvinkit-yrittaja-sai-kaavista-tarpeekseen-kuopiossa-kaytetaan-paljon-amfetamiinia-suhteessa-muuhun-maahan-savo","status":"publish","type":"post","link":"https:\/\/www.europesays.com\/fi\/341641\/","title":{"rendered":"Perjantain lukuvinkit | Yritt\u00e4j\u00e4 sai Kaavista tarpeekseen, Kuopiossa k\u00e4ytet\u00e4\u00e4n paljon amfetamiinia suhteessa muuhun maahan | Savo"},"content":{"rendered":"<p>Savon Sanomat julkaisee iltaisin koosteen p\u00e4iv\u00e4n kiinnostavimmista artikkeleista.<\/p>\n<p>Lue ainakin n\u00e4m\u00e4 jutut perjantailta.<\/p>\n<p>\t\t\t\tYritt\u00e4j\u00e4 Olli Nyk\u00e4nen on turhautunut Kaavilla moneen asiaan<\/p>\n<p>Ty\u00f6voimapulasta, meluvalituksista ja pitkist\u00e4 ajomatkoista tarpeekseen saanut Olli Nyk\u00e4nen siirt\u00e4\u00e4 Perinnerakenne oy:n Siilinj\u00e4rvelle.<\/p>\n<p>\t\t\t\t\t<img class=\"diks-card__image\" src=\"https:\/\/www.europesays.com\/fi\/wp-content\/uploads\/2026\/09\/8951668.jpg\"   loading=\"lazy\" decoding=\"sync\" alt=\"\"\/><\/p>\n<p>\t\t\t\tKuopiossa k\u00e4ytet\u00e4\u00e4n asukaslukuun suhteutettuna eniten amfetamiinia<\/p>\n<p>Kuopiossa huumeiden k\u00e4yt\u00f6n voi sanoa viisinkertaistuneen 14 vuodessa. Amfetamiinin k\u00e4yt\u00f6n lis\u00e4ksi Kuopiossa on viime vuosina yleistynyt huomattavasti my\u00f6s kokaiinin k\u00e4ytt\u00f6. <\/p>\n<p>\t\t\t\t\t<img class=\"diks-card__image\" src=\"https:\/\/www.europesays.com\/fi\/wp-content\/uploads\/2026\/09\/11073944.jpg\"   loading=\"lazy\" decoding=\"sync\" alt=\"\"\/><\/p>\n<p>\t\t\t\t800\u2009000 euron urakka on loppusuoralla Lepp\u00e4virralla<\/p>\n<p>Kylpyl\u00e4osaston peruskorjausty\u00f6t k\u00e4ynnistyiv\u00e4t kev\u00e4\u00e4ll\u00e4. Alkuper\u00e4isen vedenk\u00e4sittelytekniikan korvaaminen uudella on remontin vaativin osuus.<\/p>\n<p>\t\t\t\t\t<img class=\"diks-card__image\" src=\"https:\/\/www.europesays.com\/fi\/wp-content\/uploads\/2026\/09\/11653939.jpg\"   loading=\"lazy\" decoding=\"sync\" alt=\"\"\/><\/p>\n<p>\t\t\t\tKahvila Kanelin yritt\u00e4j\u00e4 vaihtui<\/p>\n<p>Oma pieni kahvila olisi unelmien t\u00e4yttymys. T\u00e4m\u00e4 oli se ajatus, joka sai kuopiolaisen Manja Karhusen, 55, ostamaan Kauppakadulla sijaitsevan kahvila Kanelin liiketoiminnan. <\/p>\n<p>\t\t\t\t\t<img class=\"diks-card__image\" src=\"https:\/\/www.europesays.com\/fi\/wp-content\/uploads\/2026\/09\/11656618.jpg\"   loading=\"lazy\" decoding=\"sync\" alt=\"\"\/><\/p>\n","protected":false},"excerpt":{"rendered":"Savon Sanomat julkaisee iltaisin koosteen p\u00e4iv\u00e4n kiinnostavimmista artikkeleista. Lue ainakin n\u00e4m\u00e4 jutut perjantailta. Yritt\u00e4j\u00e4 Olli Nyk\u00e4nen on turhautunut&hellip;\n","protected":false},"author":2,"featured_media":341642,"comment_status":"","ping_status":"","sticky":false,"template":"","format":"standard","meta":{"footnotes":"","_share_on_mastodon":"0"},"categories":[12],"tags":[4358,36,542,22,23,2110,26,27,33,31,30,17,1132,4162,24,25,28,29,15,18,21,13426,32,19,20,16],"class_list":["post-341641","post","type-post","status-publish","format-standard","has-post-thumbnail","category-suomi","tag-aivot","tag-asuintalot-ja-asunnot","tag-asuminen","tag-breaking-news","tag-breakingnews","tag-elamantapa-ja-vapaa-aika","tag-featured-news","tag-featurednews","tag-fi","tag-finland","tag-finnish","tag-headlines","tag-kuopio","tag-kuopion-kaupunki","tag-latest-news","tag-latestnews","tag-main-news","tag-mainnews","tag-news","tag-otsikot","tag-paauutiset","tag-perttu-hyvarinen","tag-suomi","tag-top-stories","tag-topstories","tag-uutiset"],"share_on_mastodon":{"url":"https:\/\/pubeurope.com\/@fi\/117215005019561801","error":""},"_links":{"self":[{"href":"https:\/\/www.europesays.com\/fi\/wp-json\/wp\/v2\/posts\/341641","targetHints":{"allow":["GET"]}}],"collection":[{"href":"https:\/\/www.europesays.com\/fi\/wp-json\/wp\/v2\/posts"}],"about":[{"href":"https:\/\/www.europesays.com\/fi\/wp-json\/wp\/v2\/types\/post"}],"author":[{"embeddable":true,"href":"https:\/\/www.europesays.com\/fi\/wp-json\/wp\/v2\/users\/2"}],"replies":[{"embeddable":true,"href":"https:\/\/www.europesays.com\/fi\/wp-json\/wp\/v2\/comments?post=341641"}],"version-history":[{"count":0,"href":"https:\/\/www.europesays.com\/fi\/wp-json\/wp\/v2\/posts\/341641\/revisions"}],"wp:featuredmedia":[{"embeddable":true,"href":"https:\/\/www.europesays.com\/fi\/wp-json\/wp\/v2\/media\/341642"}],"wp:attachment":[{"href":"https:\/\/www.europesays.com\/fi\/wp-json\/wp\/v2\/media?parent=341641"}],"wp:term":[{"taxonomy":"category","embeddable":true,"href":"https:\/\/www.europesays.com\/fi\/wp-json\/wp\/v2\/categories?post=341641"},{"taxonomy":"post_tag","embeddable":true,"href":"https:\/\/www.europesays.com\/fi\/wp-json\/wp\/v2\/tags?post=341641"}],"curies":[{"name":"wp","href":"https:\/\/api.w.org\/{rel}","templated":true}]}}