{"id":341643,"date":"2026-09-04T21:56:17","date_gmt":"2026-09-04T21:56:17","guid":{"rendered":"https:\/\/www.europesays.com\/fi\/341643\/"},"modified":"2026-09-04T21:56:17","modified_gmt":"2026-09-04T21:56:17","slug":"ktp-otti-askeleen-kohti-veikkausliigaa-tarkea-vierasvoitto-joensuusta-veikkausliiga","status":"publish","type":"post","link":"https:\/\/www.europesays.com\/fi\/341643\/","title":{"rendered":"\u200bKTP otti askeleen kohti Veikkausliigaa &#8211; t\u00e4rke\u00e4 vierasvoitto Joensuusta &#8211; Veikkausliiga"},"content":{"rendered":"<ol>\n<li><a href=\"https:\/\/news.google.com\/rss\/articles\/CBMiugFBVV95cUxQRTBpbU1xOHdMVUlJMjcyR1ZMdmM0R1hkTVl1WWRHamtkTkZoam1QUk10UmJEOEwxeGlrRTVVUnZHdEF3d0hTQjFDYjFydzBzVzdOa1FrZHhlenVGVUNBMFc3U3hUNWxsbjBIaXpXYXVoMWJVWUlTSG5rTlhtQnJVaFlXd2tQZXF4bGRBanYyaWJyZVgyWEdaMTYtLS1lQXJMdTJtVEZMMnc0Z084MnpmclhLQ0JGRl9JWHc?oc=5\" target=\"_blank\" rel=\"nofollow noopener\">\u200bKTP otti askeleen kohti Veikkausliigaa &#8211; t\u00e4rke\u00e4 vierasvoitto Joensuusta<\/a>&nbsp;&nbsp;Veikkausliiga<\/li>\n<li><a href=\"https:\/\/news.google.com\/rss\/articles\/CBMilgFBVV95cUxNaWJsdTc5R2EtR2N4Yko4UWxXVmFLaWtvNUxZNldzMUl4RUpGSk44bkVDYk1IQ2hpdmV2em5qX1YyUE9QelJqM2ttamVBQTdaaEU3VWJ2Rk11X0E4NXpubUVJMjJndGNOX2ZVZ1FqMXBwb0tZNFBxUWpUV1E3VnA5RU91WlZkY2JKakdPLXF2T0V0bHFkREE?oc=5\" target=\"_blank\" rel=\"nofollow noopener\">Katso: Petteri Forsell t\u00e4r\u00e4ytti uskomattoman vapaapotkun<\/a>&nbsp;&nbsp;SuomiFutis<\/li>\n<li><a href=\"https:\/\/news.google.com\/rss\/articles\/CBMisAFBVV95cUxQNmhkT1REWW14ZDNRd0lzUlIzT2t6di1lMEE3RXYwSkRtaDZhbnh4RHZRQVpXUkhkcXRZcHpfdDZGQXR2Q0xlc2N2TXRhM2xWQnlMeUlrR3B5NGtseE0zUjJMTXU0Q3VfVkVWQkhSeG1wYUVNRjlfeExyVEJYNnV3WjhSY25jZEJROXFVcEYwb1k2NVVkWkFsRWs2RDFHRHlxVThnSFoyRXdNWnhwbkZSbA?oc=5\" target=\"_blank\" rel=\"nofollow noopener\">\u200bYkk\u00f6sliigassa t\u00e4ysi kierros viikonloppuna \u2013 ratkaisut l\u00e4hestyv\u00e4t<\/a>&nbsp;&nbsp;Veikkausliiga<\/li>\n<li><a href=\"https:\/\/news.google.com\/rss\/articles\/CBMi2AFBVV95cUxONnBtRjQwY1dWT21hdzh6YWdKOVdrdEhobVFVcjVwc3RkX2YtR0k5YW9GVWhGZzlBeF9XbHVPVGdHbkx1blJKYlF3b3FBbVlJVkNQMG1MTlNON2JUemF2ekpfM2R1NnN3UXVhVHR4dVRtQUFkUERVUWJkRjhocXRMcjZxdUNMUVZuTTRfdXMxc0pGWG9qdkhBNndyR3NlLU1yQ25ZdExGM3FuQWI2cEdvdlZ3TGI3aE9ZYkNSd29OUU4yRU4xbUtHcGRwLUJBU0Iyd3ZHV0VfLVI?oc=5\" target=\"_blank\" rel=\"nofollow noopener\">Kuusi kierrosta ja viisi kierrosta j\u00e4ljell\u00e4 \u2013 kamppailu Veikkausliigapaikoista huipentuu kahdesta suunnasta<\/a>&nbsp;&nbsp;kymppipaikka.fi<\/li>\n<li><a href=\"https:\/\/news.google.com\/rss\/articles\/CBMiVEFVX3lxTE9tSmkwUEJMMXRkVEU1OU5qOWZFcW0yWHlJMFdUOUJpbDF2SkJDcWhybEZFOFlKUXNGSVlJUFRWeG1jNjBPellGRzhPSWkwZnpFNGFBUg?oc=5\" target=\"_blank\" rel=\"nofollow noopener\">Jippo taipui KTP:lle \u2013 &#8221;N\u00e4m\u00e4 pelit ratkeavat usein yksil\u00f6iden suorituksiin&#8221;<\/a>&nbsp;&nbsp;Karjalainen<\/li>\n<\/ol>\n","protected":false},"excerpt":{"rendered":"\u200bKTP otti askeleen kohti Veikkausliigaa &#8211; t\u00e4rke\u00e4 vierasvoitto Joensuusta&nbsp;&nbsp;Veikkausliiga Katso: Petteri Forsell t\u00e4r\u00e4ytti uskomattoman vapaapotkun&nbsp;&nbsp;SuomiFutis \u200bYkk\u00f6sliigassa t\u00e4ysi kierros&hellip;\n","protected":false},"author":2,"featured_media":341644,"comment_status":"","ping_status":"","sticky":false,"template":"","format":"standard","meta":{"footnotes":"","_share_on_mastodon":"0"},"categories":[5],"tags":[22,23,26,27,33,31,30,17,24,25,28,29,15,18,21,32,19,20,16],"class_list":["post-341643","post","type-post","status-publish","format-standard","has-post-thumbnail","category-otsikot","tag-breaking-news","tag-breakingnews","tag-featured-news","tag-featurednews","tag-fi","tag-finland","tag-finnish","tag-headlines","tag-latest-news","tag-latestnews","tag-main-news","tag-mainnews","tag-news","tag-otsikot","tag-paauutiset","tag-suomi","tag-top-stories","tag-topstories","tag-uutiset"],"share_on_mastodon":{"url":"https:\/\/pubeurope.com\/@fi\/117215008217450631","error":""},"_links":{"self":[{"href":"https:\/\/www.europesays.com\/fi\/wp-json\/wp\/v2\/posts\/341643","targetHints":{"allow":["GET"]}}],"collection":[{"href":"https:\/\/www.europesays.com\/fi\/wp-json\/wp\/v2\/posts"}],"about":[{"href":"https:\/\/www.europesays.com\/fi\/wp-json\/wp\/v2\/types\/post"}],"author":[{"embeddable":true,"href":"https:\/\/www.europesays.com\/fi\/wp-json\/wp\/v2\/users\/2"}],"replies":[{"embeddable":true,"href":"https:\/\/www.europesays.com\/fi\/wp-json\/wp\/v2\/comments?post=341643"}],"version-history":[{"count":0,"href":"https:\/\/www.europesays.com\/fi\/wp-json\/wp\/v2\/posts\/341643\/revisions"}],"wp:featuredmedia":[{"embeddable":true,"href":"https:\/\/www.europesays.com\/fi\/wp-json\/wp\/v2\/media\/341644"}],"wp:attachment":[{"href":"https:\/\/www.europesays.com\/fi\/wp-json\/wp\/v2\/media?parent=341643"}],"wp:term":[{"taxonomy":"category","embeddable":true,"href":"https:\/\/www.europesays.com\/fi\/wp-json\/wp\/v2\/categories?post=341643"},{"taxonomy":"post_tag","embeddable":true,"href":"https:\/\/www.europesays.com\/fi\/wp-json\/wp\/v2\/tags?post=341643"}],"curies":[{"name":"wp","href":"https:\/\/api.w.org\/{rel}","templated":true}]}}