{"id":341649,"date":"2026-09-04T22:16:09","date_gmt":"2026-09-04T22:16:09","guid":{"rendered":"https:\/\/www.europesays.com\/fi\/341649\/"},"modified":"2026-09-04T22:16:09","modified_gmt":"2026-09-04T22:16:09","slug":"tassa-ovat-harry-potter-sarjan-dobby-ja-nuori-voldemort-mukaan-saatiin-bafta-voittaja-ja-bring-her-back-tahti","status":"publish","type":"post","link":"https:\/\/www.europesays.com\/fi\/341649\/","title":{"rendered":"T\u00e4ss\u00e4 ovat Harry Potter -sarjan Dobby ja nuori Voldemort &#8211; mukaan saatiin BAFTA-voittaja ja Bring Her Back -t\u00e4hti"},"content":{"rendered":"<p class=\"wp-block-paragraph\">HBO:n tuleva Harry Potter -sarja on saanut lis\u00e4\u00e4 n\u00e4yttelij\u00e4vahvistuksia jo tuotannossa olevalle kakkoskaudelleen.<\/p>\n<p class=\"wp-block-paragraph\">Sarja onkin nyt roolittanut Dobby-kotitontun, nuoren Voldemortin eli Tom Valedron sek\u00e4 l\u00f6yt\u00e4nyt uuden t\u00e4hden Ginny Weasleyn rooliin. Kolmikkoa esitt\u00e4v\u00e4t <strong>Lenny Rush<\/strong>, <strong>Billy Barratt<\/strong> ja <strong>Bonnie Hill<\/strong>.<\/p>\n<p>Lue my\u00f6s: <a href=\"https:\/\/www.episodi.fi\/uutiset\/nicholas-hoult-jattaa-harry-potter-sarjan-game-of-thrones-tahdesta-uusi-gilderoy-lochart\/\" title=\"Nicholas Hoult j\u00e4tt\u00e4\u00e4 Harry Potter -sarjan \u2013\u00a0Game of Thrones -t\u00e4hdest\u00e4 uusi Gilderoy Lochart\" class=\"underline-custom !font-heading !font-bold !underline-offset-4 !decoration-4 !decoration-accent !text-md\" rel=\"nofollow noopener\" target=\"_blank\">Nicholas Hoult j\u00e4tt\u00e4\u00e4 Harry Potter -sarjan \u2013\u00a0Game of Thrones -t\u00e4hdest\u00e4 uusi Gilderoy Lochart<\/a><\/p>\n<p class=\"wp-block-paragraph\">17-vuotias Rush on ehtinyt jo voittaa BAFTA-palkinnon roolity\u00f6st\u00e4\u00e4n draamakomediasta Am I Being Unreasonable? H\u00e4net on voinut bongata my\u00f6s Enola Holmes 2 -elokuvasta ja onpa h\u00e4nell\u00e4 my\u00f6s rooli pian alkavalla Slow Horsesin kuudennella kaudella.<\/p>\n<p class=\"wp-block-paragraph\">Barratt muistetaan parhaiten Apple TV:n Invasion-scifisarjasta sek\u00e4 viime vuoden hienosta kauhuelokuvasta Bring Her Back. Valedron lis\u00e4ksi h\u00e4nell\u00e4 on ty\u00f6n alla my\u00f6s toinen projekti \u2013 nuorukainen tullaan n\u00e4kem\u00e4\u00e4n hittivideopeli Life Is Strangen televisiosarjaversiossa.<\/p>\n<p class=\"wp-block-paragraph\">Hillin aiempiin meriitteihin lukeutuvat televisiosarjat Girl Troopversus Alien sek\u00e4 Film Club ja The Triple Eight Six -elokuva. Ron Weasleyn (<strong>Alastair Stout<\/strong>) pikkusisko Ginnyna n\u00e4hd\u00e4\u00e4n sarjan avauskaudella <strong>Gracie Cochrane<\/strong>, mutta h\u00e4nen kerrottiin toukokuussa j\u00e4tt\u00e4neen tuotannon \u201dyll\u00e4tt\u00e4v\u00e4n esteen\u201d vuoksi. Niinp\u00e4 rooliin, joka muuttuu kausi kaudelta entist\u00e4 t\u00e4rke\u00e4mm\u00e4ksi, oli tarpeellista l\u00f6yt\u00e4\u00e4 uusi n\u00e4yttelij\u00e4.<\/p>\n<p>Lue my\u00f6s: <a href=\"https:\/\/www.episodi.fi\/uutiset\/rupert-grint-palaa-ron-weasleyn-rooliin\/\" title=\"Rupert Grint palaa Ron Weasleyn rooliin\" class=\"underline-custom !font-heading !font-bold !underline-offset-4 !decoration-4 !decoration-accent !text-md\" rel=\"nofollow noopener\" target=\"_blank\">Rupert Grint palaa Ron Weasleyn rooliin<\/a><\/p>\n<p class=\"wp-block-paragraph\">Vuonna 2002 ensi-iltansa saaneessa Harry Potter ja salaisuuksien kammio -elokuvaversioissa Dobbyn, Valedron ja Ginnyn rooleja esittiv\u00e4t <strong>Toby Jones<\/strong>, <strong>Christian Coulson<\/strong> ja <strong>Bonnie Wright<\/strong>.<\/p>\n<p class=\"wp-block-paragraph\">Harry Potter -sarjan ensimm\u00e4inen kausi, lis\u00e4nimelt\u00e4\u00e4n Viisasten kivi, k\u00e4ynnistyy HBO Max -suoratoistopalvelussa jouluna 2026. <\/p>\n<p class=\"wp-block-paragraph\">Alla kuvat tuoreista HBO-t\u00e4hdist\u00e4 sek\u00e4 Harry Potter -sarjan uusin virallinen traileri.<\/p>\n<p><img loading=\"lazy\" decoding=\"async\" alt=\"Youtube video\" width=\"480\" height=\"360\" data-pin-nopin=\"true\" nopin=\"nopin\" class=\"perfmatters-lazy\" src=\"https:\/\/www.europesays.com\/fi\/wp-content\/uploads\/2026\/09\/1788560169_640_hqdefault.jpg\"\/><\/p>\n","protected":false},"excerpt":{"rendered":"HBO:n tuleva Harry Potter -sarja on saanut lis\u00e4\u00e4 n\u00e4yttelij\u00e4vahvistuksia jo tuotannossa olevalle kakkoskaudelleen. Sarja onkin nyt roolittanut Dobby-kotitontun,&hellip;\n","protected":false},"author":2,"featured_media":341650,"comment_status":"","ping_status":"","sticky":false,"template":"","format":"standard","meta":{"footnotes":"","_share_on_mastodon":"0"},"categories":[130],"tags":[137,2616,33,31,30,4207,6730,280,42120,32,570,571,109],"class_list":["post-341649","post","type-post","status-publish","format-standard","has-post-thumbnail","category-viihde","tag-entertainment","tag-fantasia","tag-fi","tag-finland","tag-finnish","tag-harry-potter","tag-hbo","tag-hbo-max","tag-roolitus","tag-suomi","tag-suoratoisto","tag-tv-sarjat","tag-viihde"],"share_on_mastodon":{"url":"https:\/\/pubeurope.com\/@fi\/117215086867528056","error":""},"_links":{"self":[{"href":"https:\/\/www.europesays.com\/fi\/wp-json\/wp\/v2\/posts\/341649","targetHints":{"allow":["GET"]}}],"collection":[{"href":"https:\/\/www.europesays.com\/fi\/wp-json\/wp\/v2\/posts"}],"about":[{"href":"https:\/\/www.europesays.com\/fi\/wp-json\/wp\/v2\/types\/post"}],"author":[{"embeddable":true,"href":"https:\/\/www.europesays.com\/fi\/wp-json\/wp\/v2\/users\/2"}],"replies":[{"embeddable":true,"href":"https:\/\/www.europesays.com\/fi\/wp-json\/wp\/v2\/comments?post=341649"}],"version-history":[{"count":0,"href":"https:\/\/www.europesays.com\/fi\/wp-json\/wp\/v2\/posts\/341649\/revisions"}],"wp:featuredmedia":[{"embeddable":true,"href":"https:\/\/www.europesays.com\/fi\/wp-json\/wp\/v2\/media\/341650"}],"wp:attachment":[{"href":"https:\/\/www.europesays.com\/fi\/wp-json\/wp\/v2\/media?parent=341649"}],"wp:term":[{"taxonomy":"category","embeddable":true,"href":"https:\/\/www.europesays.com\/fi\/wp-json\/wp\/v2\/categories?post=341649"},{"taxonomy":"post_tag","embeddable":true,"href":"https:\/\/www.europesays.com\/fi\/wp-json\/wp\/v2\/tags?post=341649"}],"curies":[{"name":"wp","href":"https:\/\/api.w.org\/{rel}","templated":true}]}}