{"id":341651,"date":"2026-09-04T22:17:14","date_gmt":"2026-09-04T22:17:14","guid":{"rendered":"https:\/\/www.europesays.com\/fi\/341651\/"},"modified":"2026-09-04T22:17:14","modified_gmt":"2026-09-04T22:17:14","slug":"tuhannet-lampaat-katosivat-australiassa","status":"publish","type":"post","link":"https:\/\/www.europesays.com\/fi\/341651\/","title":{"rendered":"Tuhannet lampaat katosivat Australiassa"},"content":{"rendered":"<p>Varastetut lampaat ovat arvoltaan yhteens\u00e4 yli miljoona\u00a0euroa.<\/p>\n<p><img decoding=\"async\" class=\"image image-show image-preview\" src=\"https:\/\/www.europesays.com\/fi\/wp-content\/uploads\/2026\/09\/ad52faa385f08d84d6a2cc89f3e9779e0248a6edd0b417f2672f864cbabf8812.jpg\" alt=\"\"\/><img decoding=\"async\" class=\"image image-show\" src=\"https:\/\/www.europesays.com\/fi\/wp-content\/uploads\/2026\/09\/1788560234_313_ad52faa385f08d84d6a2cc89f3e9779e0248a6edd0b417f2672f864cbabf8812.jpg\" alt=\"\"\/><\/p>\n<p>Dorper-lampaita kasvatetaan niiden lihan vuoksi. Kuvituskuva. ZumaWire \/ MVPHOTOS<\/p>\n<p class=\"paragraph\">Poliisi tutkii massiivista lammasvarkautta Australian Queenslandissa.<\/p>\n<p class=\"paragraph\">Blackallin kunnassa sijaitsevalta tilalta on varastettu noin 5\u00a0500\u00a0dorper-lammasta. Niiden yhteenlaskettu arvo on noin 1,7\u00a0miljoonaa Australian dollaria eli noin 1,1\u00a0miljoonaa euroa.<\/p>\n<p class=\"paragraph\">Australian poliisi pyyt\u00e4\u00e4 kansalaisilta havaintoja \u201dep\u00e4ilytt\u00e4vist\u00e4 karjan siirroista, karjankuljetuksista tai muusta poikkeavasta toiminnasta\u201d alueella.<\/p>\n<p class=\"paragraph\">Tutkijat ep\u00e4ilev\u00e4t, ett\u00e4 lampaat on varastettu helmi- ja toukokuun v\u00e4lisen\u00e4 aikana.<\/p>\n<p class=\"paragraph\">Karjavarkaudet teett\u00e4v\u00e4t poliisille paljon ty\u00f6t\u00e4 Queenslandin syrj\u00e4seuduilla, kertoo poliisin edustaja Australian yleisradioyhti\u00f6 <a href=\"https:\/\/www.abc.net.au\/news\/2026-09-02\/qld-5500-sheep-stolen-blackall\/107106352\" target=\"_blank\" rel=\"noopener nofollow\">ABC<\/a>:n mukaan.<\/p>\n<p class=\"paragraph\">Varkauksien m\u00e4\u00e4r\u00e4 on nousussa, sanoo maataloustuottajia edustavan Agforce-j\u00e4rjest\u00f6n puheenjohtaja <strong>Shane McCarthy<\/strong>.<\/p>\n<p class=\"paragraph\">\u2013 N\u00e4emme huolestuttavaa kasvua t\u00e4m\u00e4nkaltaisten tapausten m\u00e4\u00e4r\u00e4ss\u00e4, McCarthy sanoo <a href=\"https:\/\/www.theguardian.com\/australia-news\/2026\/sep\/02\/queensland-police-investigate-after-5500-sheep-worth-17m-stolen-from-farm-ntwnfb\" target=\"_blank\" rel=\"noopener nofollow\">The Guardianin<\/a> mukaan.<\/p>\n<p class=\"paragraph\">Dorper-lampaat ovat lihakarjaa eli niit\u00e4 kasvatetaan niiden lihan vuoksi, ei villan.<\/p>\n","protected":false},"excerpt":{"rendered":"Varastetut lampaat ovat arvoltaan yhteens\u00e4 yli miljoona\u00a0euroa. Dorper-lampaita kasvatetaan niiden lihan vuoksi. Kuvituskuva. ZumaWire \/ MVPHOTOS Poliisi tutkii&hellip;\n","protected":false},"author":2,"featured_media":341652,"comment_status":"","ping_status":"","sticky":false,"template":"","format":"standard","meta":{"footnotes":"","_share_on_mastodon":"0"},"categories":[112],"tags":[35,404,33,31,30,72,1445,785,118,591,32,119],"class_list":["post-341651","post","type-post","status-publish","format-standard","has-post-thumbnail","category-tiede","tag-24h","tag-elaimet","tag-fi","tag-finland","tag-finnish","tag-luonto","tag-maatalous","tag-nisakkaat","tag-science","tag-selkarankaiset","tag-suomi","tag-tiede"],"share_on_mastodon":{"url":"https:\/\/pubeurope.com\/@fi\/117215090886046438","error":""},"_links":{"self":[{"href":"https:\/\/www.europesays.com\/fi\/wp-json\/wp\/v2\/posts\/341651","targetHints":{"allow":["GET"]}}],"collection":[{"href":"https:\/\/www.europesays.com\/fi\/wp-json\/wp\/v2\/posts"}],"about":[{"href":"https:\/\/www.europesays.com\/fi\/wp-json\/wp\/v2\/types\/post"}],"author":[{"embeddable":true,"href":"https:\/\/www.europesays.com\/fi\/wp-json\/wp\/v2\/users\/2"}],"replies":[{"embeddable":true,"href":"https:\/\/www.europesays.com\/fi\/wp-json\/wp\/v2\/comments?post=341651"}],"version-history":[{"count":0,"href":"https:\/\/www.europesays.com\/fi\/wp-json\/wp\/v2\/posts\/341651\/revisions"}],"wp:featuredmedia":[{"embeddable":true,"href":"https:\/\/www.europesays.com\/fi\/wp-json\/wp\/v2\/media\/341652"}],"wp:attachment":[{"href":"https:\/\/www.europesays.com\/fi\/wp-json\/wp\/v2\/media?parent=341651"}],"wp:term":[{"taxonomy":"category","embeddable":true,"href":"https:\/\/www.europesays.com\/fi\/wp-json\/wp\/v2\/categories?post=341651"},{"taxonomy":"post_tag","embeddable":true,"href":"https:\/\/www.europesays.com\/fi\/wp-json\/wp\/v2\/tags?post=341651"}],"curies":[{"name":"wp","href":"https:\/\/api.w.org\/{rel}","templated":true}]}}