{"id":341657,"date":"2026-09-04T22:21:12","date_gmt":"2026-09-04T22:21:12","guid":{"rendered":"https:\/\/www.europesays.com\/fi\/341657\/"},"modified":"2026-09-04T22:21:12","modified_gmt":"2026-09-04T22:21:12","slug":"iakas-nainen-jai-puristuksiin-auton-alle-ja-kuoli-etela-savo","status":"publish","type":"post","link":"https:\/\/www.europesays.com\/fi\/341657\/","title":{"rendered":"I\u00e4k\u00e4s nainen j\u00e4i puristuksiin auton alle ja kuoli | Etel\u00e4-Savo"},"content":{"rendered":"<p class=\"aw__sc-1qwuw0s-0 aw__sc-1vg2sqm-0 epAWpq ecELkD yle__article__paragraph\">Poliisi ei ep\u00e4ile asiassa rikosta.<\/p>\n<p class=\"aw__sc-1qwuw0s-0 aw__sc-ngllmo-0 epAWpq fzYpjk yle__article__paragraph\">Mikkelin Rahulassa i\u00e4k\u00e4s nainen kuoli j\u00e4\u00e4ty\u00e4\u00e4n auton alle perjantaina.<\/p>\n<p class=\"aw__sc-1qwuw0s-0 aw__sc-ngllmo-0 epAWpq fzYpjk yle__article__paragraph\">It\u00e4-Suomen poliisi kertoi STT:lle, ett\u00e4 auton oletetaan l\u00e4hteneen valumaan taaksep\u00e4in ja nainen j\u00e4i puristuksiin. Nainen kuoli tapahtumapaikalla.<\/p>\n<p class=\"aw__sc-1qwuw0s-0 aw__sc-ngllmo-0 epAWpq fzYpjk yle__article__paragraph\">Etel\u00e4-Savon pelastuslaitos kertoi omassa tiedotteessaan nostaneensa ajoneuvoa, jotta sen alle j\u00e4\u00e4nyt ihminen saatiin pois ajoneuvon alta.<\/p>\n<p class=\"aw__sc-1qwuw0s-0 aw__sc-ngllmo-0 epAWpq fzYpjk yle__article__paragraph\">H\u00e4lytys Kuvaalantielle tuli noin puoli yhdeks\u00e4n aikoihin perjantai-iltana.<\/p>\n<p class=\"aw__sc-1qwuw0s-0 aw__sc-ngllmo-0 epAWpq fzYpjk yle__article__paragraph\">Poliisi ei ep\u00e4ile asiassa rikosta.<\/p>\n","protected":false},"excerpt":{"rendered":"Poliisi ei ep\u00e4ile asiassa rikosta. Mikkelin Rahulassa i\u00e4k\u00e4s nainen kuoli j\u00e4\u00e4ty\u00e4\u00e4n auton alle perjantaina. It\u00e4-Suomen poliisi kertoi STT:lle,&hellip;\n","protected":false},"author":2,"featured_media":341658,"comment_status":"","ping_status":"","sticky":false,"template":"","format":"standard","meta":{"footnotes":"","_share_on_mastodon":"0"},"categories":[12],"tags":[22,23,184,26,27,33,31,30,17,71,683,24,25,8907,28,29,685,15,837,18,21,32,19,20,16],"class_list":["post-341657","post","type-post","status-publish","format-standard","has-post-thumbnail","category-suomi","tag-breaking-news","tag-breakingnews","tag-etela-savo","tag-featured-news","tag-featurednews","tag-fi","tag-finland","tag-finnish","tag-headlines","tag-kotimaa","tag-kuolema","tag-latest-news","tag-latestnews","tag-liikenneonnettomuus","tag-main-news","tag-mainnews","tag-mikkeli","tag-news","tag-onnettomuudet","tag-otsikot","tag-paauutiset","tag-suomi","tag-top-stories","tag-topstories","tag-uutiset"],"share_on_mastodon":{"url":"https:\/\/pubeurope.com\/@fi\/117215106571959075","error":""},"_links":{"self":[{"href":"https:\/\/www.europesays.com\/fi\/wp-json\/wp\/v2\/posts\/341657","targetHints":{"allow":["GET"]}}],"collection":[{"href":"https:\/\/www.europesays.com\/fi\/wp-json\/wp\/v2\/posts"}],"about":[{"href":"https:\/\/www.europesays.com\/fi\/wp-json\/wp\/v2\/types\/post"}],"author":[{"embeddable":true,"href":"https:\/\/www.europesays.com\/fi\/wp-json\/wp\/v2\/users\/2"}],"replies":[{"embeddable":true,"href":"https:\/\/www.europesays.com\/fi\/wp-json\/wp\/v2\/comments?post=341657"}],"version-history":[{"count":0,"href":"https:\/\/www.europesays.com\/fi\/wp-json\/wp\/v2\/posts\/341657\/revisions"}],"wp:featuredmedia":[{"embeddable":true,"href":"https:\/\/www.europesays.com\/fi\/wp-json\/wp\/v2\/media\/341658"}],"wp:attachment":[{"href":"https:\/\/www.europesays.com\/fi\/wp-json\/wp\/v2\/media?parent=341657"}],"wp:term":[{"taxonomy":"category","embeddable":true,"href":"https:\/\/www.europesays.com\/fi\/wp-json\/wp\/v2\/categories?post=341657"},{"taxonomy":"post_tag","embeddable":true,"href":"https:\/\/www.europesays.com\/fi\/wp-json\/wp\/v2\/tags?post=341657"}],"curies":[{"name":"wp","href":"https:\/\/api.w.org\/{rel}","templated":true}]}}