{"id":341665,"date":"2026-09-04T22:42:15","date_gmt":"2026-09-04T22:42:15","guid":{"rendered":"https:\/\/www.europesays.com\/fi\/341665\/"},"modified":"2026-09-04T22:42:15","modified_gmt":"2026-09-04T22:42:15","slug":"sean-ono-lennon-ja-charlotte-kemp-muhl-saivat-lapsen-john-lennonin-ensimmainen-lapsenlapsi","status":"publish","type":"post","link":"https:\/\/www.europesays.com\/fi\/341665\/","title":{"rendered":"Sean Ono Lennon ja Charlotte Kemp Muhl saivat lapsen &#8211; John Lennonin ensimm\u00e4inen lapsenlapsi"},"content":{"rendered":"<p>            Ron Adar\/Shutterstock\/All Over Press\n        <\/p>\n<p class=\"subtitle \">Beatles-legendan nuorempi poika Sean Ono Lennon on saanut lapsen.<\/p>\n<p class=\"article-content article-content-width !bg-background\"> ja  ainoa yhteinen lapsi  on saanut kumppaninsa kanssa vauvan.<\/p>\n<p class=\"font-weight-bold m-font-weight-bold article-content article-content-width !bg-background\">Video: Marion paljastaa hyv\u00e4n kuntonsa salaisuuden.<\/p>\n<p class=\"article-content article-content-width !bg-background\">Vuonna 1980 kuolleen Johnin ja 93-vuotiaan Yokon poika\u00a0Sean sai ensimm\u00e4isen lapsensa yhdess\u00e4 pitk\u00e4aikaisen puolisonsa\u00a0 kanssa.<\/p>\n<p>        <a itemprop=\"url\" href=\"https:\/\/www.seiska.fi\/ulkomaat\/murhamysteeri-ratkesi-tupac-shakurin-tappajalle-tuomio\/2250458\" rel=\"nofollow noopener\" target=\"_blank\"><\/p>\n<p>\nTuomio Tupacin tappajalle\n<\/p>\n<p class=\"section-date\">\n        <strong class=\"article-section\" data-section=\"ulkomaat\"><br \/>\n            ulkomaat<br \/>\n        <\/strong><br \/>\n        1.9. 21:00\n    <\/p>\n<p>Murhamysteeri ratkesi: Tupac Shakurin tappajalle tuomio\n    <\/p>\n<p itemprop=\"description\" class=\"subtitle \">\n    Pahamaineisen Crips-jengin ex-pomo joutuu telkien taakse kukaties loppui\u00e4kseen.\n<\/p>\n<p>        <\/a><\/p>\n<p>Erikoinen nimivalinta<\/p>\n<p class=\"article-content article-content-width !bg-background\">Sean, 50, kertoi ilouutisesta puolisonsa Charlotten, 39, kanssa Instagramissa. Seanin ilmoitus on lyhyt ja ytimek\u00e4s.<\/p>\n<p class=\"article-content article-content-width !bg-background\">\u2013 Charlotte and I have created a Human Bean! His name is Aurelius! Thank you! Sean kirjoittaa.\u00a0<\/p>\n<p class=\"article-content article-content-width !bg-background\">\u201cIhmispavuksi\u201d lastaan leikillisesti kutsuva Sean paljastaa my\u00f6s vastasyntyneen nimen, eik\u00e4 nimi ole lainkaan vaatimaton. Pojan nimeksi on tullut , kenties Rooman entisen keisari  mukaan.<\/p>\n<p>        <a itemprop=\"url\" href=\"https:\/\/www.seiska.fi\/ulkomaat\/nicole-kidmanin-ulkonako-puhuttaa-pitaisi-tosissaan-lopettaa\/2250289\" rel=\"nofollow noopener\" target=\"_blank\"><\/p>\n<p>\n&#8221;Pit\u00e4isi tosissaan lopettaa&#8221;\n<\/p>\n<p class=\"section-date\">\n        <strong class=\"article-section\" data-section=\"ulkomaat\"><br \/>\n            ulkomaat<br \/>\n        <\/strong><br \/>\n        1.9. 19:30\n    <\/p>\n<p>Nicole Kidmanin ulkon\u00e4k\u00f6 puhuttaa: &#8221;Pit\u00e4isi tosissaan lopettaa&#8221;\n    <\/p>\n<p itemprop=\"description\" class=\"subtitle \">\n    Nicole Kidmanin ulkon\u00e4k\u00f6 jakoi mielipiteit\u00e4 sosiaalisessa mediassa.\n<\/p>\n<p>        <\/a><\/p>\n<p>Johnin jalanj\u00e4ljiss\u00e4<\/p>\n<p class=\"article-content article-content-width !bg-background\">Is\u00e4ns\u00e4 tavoin my\u00f6s Sean tekee musiikkia, ja monet alan kollegat ovat k\u00e4yneet j\u00e4tt\u00e4m\u00e4ss\u00e4 onnittelunsa tuoreelle is\u00e4lle, muun muassa laulaja  ja .<\/p>\n<p class=\"article-content article-content-width !bg-background\">Sean kertoi <a href=\"https:\/\/people.com\/sean-ono-lennon-says-reconnecting-with-dad-john-lennon-music-filled-void-exclusive-8748946\" target=\"_blank\" rel=\"nofollow noopener\">People<\/a>-lehdelle vuonna 2024 suhteestaan musiikkiin.<\/p>\n<p class=\"article-content article-content-width !bg-background\">\u2013 En ole koskaan soittanut musiikkia, koska olisin siin\u00e4 hyv\u00e4. Menetin is\u00e4ni enk\u00e4 tiennyt, miten t\u00e4ytt\u00e4isin sen tyhji\u00f6n. H\u00e4nen kappaleidensa opetteleminen kitaralla oli keino k\u00e4sitell\u00e4 menetyst\u00e4 tavalla, joka sai minut tuntemaan yhteyden h\u00e4neen, Sean kuvaili.<\/p>\n<p>                <img decoding=\"async\" src=\"https:\/\/www.europesays.com\/fi\/wp-content\/uploads\/2026\/09\/2251696.webp\" width=\"576\" height=\"500\" alt=\"Sean Ono Lennon ja Charlotte-puoliso ovat olleet yhdess\u00e4 vuodesta 2007 l\u00e4htien.\" loading=\"lazy\" \/>            <\/p>\n<p>\n            Sean Ono Lennon ja Charlotte-puoliso ovat olleet yhdess\u00e4 vuodesta 2007 l\u00e4htien.<br \/>\n            Johns PKI \/ SplashNews.com\n        <\/p>\n<p class=\"article-content article-content-width !bg-background\">Muusikkona ja tuottajana ty\u00f6skentelev\u00e4 Sean on tehnyt nelj\u00e4 levy\u00e4 my\u00f6s \u00e4itins\u00e4 Yokon kanssa<\/p>\n<p class=\"article-content article-content-width !bg-background\">My\u00f6s muita kuuluisuuksia on k\u00e4ynyt onnittelemassa Seania. n ja  onnittelivat tuoreita vanhempia. Sean, Paris ja Lindsay tuntevat toisensa jo vuosien takaa, kun kolmikko on py\u00f6rinyt samoissa sosiaalisissa piireiss\u00e4 2000-luvun alussa.\u00a0<\/p>\n<p class=\"article-content article-content-width !bg-background\">Sean jakoi my\u00f6s kuvan puolisostaan sairaalassa uuden perheenj\u00e4senen kanssa. Kuvassa John Lennonin lapsenlapsella on p\u00e4\u00e4ss\u00e4\u00e4n pieni, raidallinen pipo.<\/p>\n<p>        <a itemprop=\"url\" href=\"https:\/\/www.seiska.fi\/ulkomaat\/vakavasti-sairastunut-celine-dion-palasi-julkisuuteen-2-vuoden-tauon-jalkeen-kuvat\/2248268\" rel=\"nofollow noopener\" target=\"_blank\"><\/p>\n<p>\nVakavasti sairastunut C\u00e9line Dion\n<\/p>\n<p class=\"section-date\">\n        <strong class=\"article-section\" data-section=\"ulkomaat\"><br \/>\n            ulkomaat<br \/>\n        <\/strong><br \/>\n        30.8. 16:30\n    <\/p>\n<p>Vakavasti sairastunut C\u00e9line Dion palasi julkisuuteen 2 vuoden tauon j\u00e4lkeen \u2013 kuvat!\n    <\/p>\n<p itemprop=\"description\" class=\"subtitle \">\n    C\u00e9line palaa syyskuussa lavalle Pariisissa.\n<\/p>\n<p>        <\/a><\/p>\n","protected":false},"excerpt":{"rendered":"Ron Adar\/Shutterstock\/All Over Press Beatles-legendan nuorempi poika Sean Ono Lennon on saanut lapsen. ja ainoa yhteinen lapsi on&hellip;\n","protected":false},"author":2,"featured_media":341666,"comment_status":"","ping_status":"","sticky":false,"template":"","format":"standard","meta":{"footnotes":"","_share_on_mastodon":"0"},"categories":[130],"tags":[42121,42122,137,33,31,30,18873,42123,32,109,25343],"class_list":["post-341665","post","type-post","status-publish","format-standard","has-post-thumbnail","category-viihde","tag-aurelius","tag-charlotte-kemp-muhl","tag-entertainment","tag-fi","tag-finland","tag-finnish","tag-john-lennon","tag-sean-ono-lennon","tag-suomi","tag-viihde","tag-yoko-ono"],"share_on_mastodon":{"url":"https:\/\/pubeurope.com\/@fi\/117215189585417426","error":""},"_links":{"self":[{"href":"https:\/\/www.europesays.com\/fi\/wp-json\/wp\/v2\/posts\/341665","targetHints":{"allow":["GET"]}}],"collection":[{"href":"https:\/\/www.europesays.com\/fi\/wp-json\/wp\/v2\/posts"}],"about":[{"href":"https:\/\/www.europesays.com\/fi\/wp-json\/wp\/v2\/types\/post"}],"author":[{"embeddable":true,"href":"https:\/\/www.europesays.com\/fi\/wp-json\/wp\/v2\/users\/2"}],"replies":[{"embeddable":true,"href":"https:\/\/www.europesays.com\/fi\/wp-json\/wp\/v2\/comments?post=341665"}],"version-history":[{"count":0,"href":"https:\/\/www.europesays.com\/fi\/wp-json\/wp\/v2\/posts\/341665\/revisions"}],"wp:featuredmedia":[{"embeddable":true,"href":"https:\/\/www.europesays.com\/fi\/wp-json\/wp\/v2\/media\/341666"}],"wp:attachment":[{"href":"https:\/\/www.europesays.com\/fi\/wp-json\/wp\/v2\/media?parent=341665"}],"wp:term":[{"taxonomy":"category","embeddable":true,"href":"https:\/\/www.europesays.com\/fi\/wp-json\/wp\/v2\/categories?post=341665"},{"taxonomy":"post_tag","embeddable":true,"href":"https:\/\/www.europesays.com\/fi\/wp-json\/wp\/v2\/tags?post=341665"}],"curies":[{"name":"wp","href":"https:\/\/api.w.org\/{rel}","templated":true}]}}