{"id":341669,"date":"2026-09-04T22:46:18","date_gmt":"2026-09-04T22:46:18","guid":{"rendered":"https:\/\/www.europesays.com\/fi\/341669\/"},"modified":"2026-09-04T22:46:18","modified_gmt":"2026-09-04T22:46:18","slug":"salainen-hanke-paljastui-saksa-testasi-uutta-israelilaista-ohjusta","status":"publish","type":"post","link":"https:\/\/www.europesays.com\/fi\/341669\/","title":{"rendered":"Salainen hanke paljastui: Saksa testasi uutta israelilaista ohjusta"},"content":{"rendered":"<p>Saksan merivoimien fregatti laukaisi kaksi Israelissa kehitetty\u00e4 ballistista ohjusta Pohjois-Atlantilla.<\/p>\n<p><img decoding=\"async\" src=\"https:\/\/www.europesays.com\/fi\/wp-content\/uploads\/2026\/09\/1788561978_334_468.jpg\" alt=\"Israelilaisen IAI:n kehitt\u00e4m\u00e4n LORA-ohjuksen kantamaksi ilmoitetaan yli 500 kilometri\u00e4. Valmistajan arkistokuva.\" class=\"_Img_1rerz_1\" style=\"aspect-ratio:1920\/1080\" loading=\"eager\"\/><\/p>\n<p class=\"font-(family-name:--picture-caption-font-family) text-(length:--picture-caption-font-size) leading-(--picture-caption-leading) font-(--picture-caption-font-weight) text-(color:--picture-caption-color)\">Israelilaisen IAI:n kehitt\u00e4m\u00e4n LORA-ohjuksen kantamaksi ilmoitetaan yli 500 kilometri\u00e4. Valmistajan arkistokuva. Kuva:\u00a0Israel Aerospace Industries<\/p>\n<p>4.9. 18:10<\/p>\n<p class=\"article-body mb-(--paragraph-margin-b) px-nof-16\">Saksan asevoimat kehitt\u00e4\u00e4 pitk\u00e4n kantaman iskukyky\u00e4\u00e4n vastauksena Ven\u00e4j\u00e4n uhkaan. Hankinta\u00adohjelmaan tulee mahdollisesti ballistinen ohjus, jollaista Bundeswehrin arsenaalissa ei t\u00e4ll\u00e4 hetkell\u00e4 ole.<\/p>\n<p class=\"article-body mb-(--paragraph-margin-b) px-nof-16\">Merivoimien fregatti Sachsen-Anhalt teki onnistuneen ohjuskokeen Atlantin valtamerell\u00e4, ilmoittivat Bundeswehr ja <a class=\"underline underline-offset-[0.12em] [text-decoration-thickness:var(--generic-link-underline-thickness)] [text-decoration-color:var(--generic-link-underline-color)] [text-decoration-skip-ink:var(--generic-link-underline-skip-ink)] break-words\" href=\"https:\/\/www.iai.co.il\/press\/the-bundeswehr-navy-completed-a-successful-firing-trial-with-iais-lora-ballistic-weapon-system\/\" rel=\"nofollow noopener\" target=\"_blank\">Israel Aerospace Industries -yhti\u00f6<\/a> (IAI) keskiviikkona. Testist\u00e4 kertoi viestipalvelu X:ss\u00e4 my\u00f6s puolustusliitto Naton yhteis\u00adoperaatio\u00adjohtoporras Brunssumissa.<\/p>\n<p class=\"article-body mb-(--paragraph-margin-b) px-nof-16\">Ohjuskokeen valmistelut pidettiin salassa viimeiseen saakka. <a class=\"underline underline-offset-[0.12em] [text-decoration-thickness:var(--generic-link-underline-thickness)] [text-decoration-color:var(--generic-link-underline-color)] [text-decoration-skip-ink:var(--generic-link-underline-skip-ink)] break-words\" href=\"https:\/\/www.dw.com\/en\/german-secret-lora-ballistic-missile-system-test-north-atlantic-explained\/video-78837242\" rel=\"nofollow noopener\" target=\"_blank\">Deutsche Wellen haastatteleman<\/a> asiantuntijan <a class=\"font-bold underline-offset-[0.12em] [text-decoration:var(--person-link-text-decoration)] [text-decoration-color:var(--person-link-text-decoration-color)]!\" href=\"https:\/\/www.is.fi\/haku\/?query=Olaf%20B%C3%B6hnken\" rel=\"nofollow noopener\" target=\"_blank\">Olaf B\u00f6hnken<\/a> mukaan ei ollut sattumaa, ett\u00e4 asiasta kerrottiin julkisuuteen pian sen j\u00e4lkeen, kun Saksa oli syytt\u00e4nyt Ven\u00e4j\u00e4\u00e4 drooni-iskun valmistelusta Leipzig-Hallen lentokent\u00e4lle.<\/p>\n<p class=\"article-body mb-(--paragraph-margin-b) px-nof-16\">Saksa varaa pitk\u00e4n kantaman aseiden hankintaan yhteens\u00e4 noin 12 miljardia euroa, <a class=\"underline underline-offset-[0.12em] [text-decoration-thickness:var(--generic-link-underline-thickness)] [text-decoration-color:var(--generic-link-underline-color)] [text-decoration-skip-ink:var(--generic-link-underline-skip-ink)] break-words\" href=\"https:\/\/www.politico.eu\/article\/germany-missile-program-deter-russia-vladimirputin\/\" rel=\"nofollow noopener\" target=\"_blank\">kertoi Politico elokuussa<\/a>.<\/p>\n<p class=\"article-body mb-(--paragraph-margin-b) px-nof-16\">Lue lis\u00e4\u00e4: <a class=\"underline underline-offset-[0.12em] [text-decoration-thickness:var(--generic-link-underline-thickness)] [text-decoration-color:var(--generic-link-underline-color)] [text-decoration-skip-ink:var(--generic-link-underline-skip-ink)] break-words\" href=\"https:\/\/www.is.fi\/paakirjoitus\/art-2000012250016.html\" rel=\"nofollow noopener\" target=\"_blank\">P\u00e4\u00e4kirjoitus: Ven\u00e4j\u00e4 haluaa lis\u00e4t\u00e4 pelkoa Euroopassa<\/a><\/p>\n<p class=\"article-body mb-(--paragraph-margin-b) px-nof-16\">Lue lis\u00e4\u00e4: <a class=\"underline underline-offset-[0.12em] [text-decoration-thickness:var(--generic-link-underline-thickness)] [text-decoration-color:var(--generic-link-underline-color)] [text-decoration-skip-ink:var(--generic-link-underline-skip-ink)] break-words\" href=\"https:\/\/www.is.fi\/ulkomaat\/art-2000012248173.html\" rel=\"nofollow noopener\" target=\"_blank\">Saksalaislehti: Toisella Leipzigin drooni-iskun yrityksest\u00e4 ep\u00e4illyll\u00e4 kytk\u00f6s Suomeen<\/a><\/p>\n<p class=\"article-body mb-(--paragraph-margin-b) px-nof-16\">Sachsen-Anhalt laukaisi Irlannin ja Islannin v\u00e4lisell\u00e4 merialueella kaksi IAI:n kehitt\u00e4m\u00e4\u00e4 ballistista LORA-ohjusta, joiden kantaman kerrotaan ylitt\u00e4v\u00e4n 500 kilometri\u00e4. Kirjainlyhenne LORA tulee sanoista Long Range Artillery.<\/p>\n<p class=\"article-body mb-(--paragraph-margin-b) px-nof-16\">LORA on konttiin sijoitettava, kiinte\u00e4\u00e4 poltto\u00adainetta k\u00e4ytt\u00e4v\u00e4 ohjus, joka valmistajan mukaan voidaan ampua vain minuuttien kuluttua sen j\u00e4lkeen kun maalin koordinaatit on sy\u00f6tetty sen suunnistusj\u00e4rjestelm\u00e4\u00e4n. Ohjus on 5,2 metri\u00e4 pitk\u00e4 ja se painaa 1\u202f600 kiloa. Lentorata on suhteellisen matala, ja ohjus tekee sen aikana ennalta arvaamattomia liikkeit\u00e4 torjunnan vaikeuttamiseksi.<\/p>\n<p><img decoding=\"async\" src=\"https:\/\/www.europesays.com\/fi\/wp-content\/uploads\/2026\/09\/1788561978_80_468.jpg\" alt=\"Fregatti Sachsen-Anhalt on Saksan merivoimien moderneimpia aluksia. Se otettiin k\u00e4ytt\u00f6\u00f6n vuonna 2021.\" class=\"_Img_1rerz_1\" style=\"aspect-ratio:1920\/1080\" loading=\"eager\"\/><\/p>\n<p class=\"font-(family-name:--picture-caption-font-family) text-(length:--picture-caption-font-size) leading-(--picture-caption-leading) font-(--picture-caption-font-weight) text-(color:--picture-caption-color) picture-with-caption__caption picture-with-caption__caption--default-full\">Fregatti Sachsen-Anhalt on Saksan merivoimien moderneimpia aluksia. Se otettiin k\u00e4ytt\u00f6\u00f6n vuonna 2021. Kuva:\u00a0Bundeswehr<\/p>\n<p class=\"article-body mb-(--paragraph-margin-b) px-nof-16\">Lue lis\u00e4\u00e4: <a class=\"underline underline-offset-[0.12em] [text-decoration-thickness:var(--generic-link-underline-thickness)] [text-decoration-color:var(--generic-link-underline-color)] [text-decoration-skip-ink:var(--generic-link-underline-skip-ink)] break-words\" href=\"https:\/\/www.is.fi\/ulkomaat\/art-2000012199627.html\" rel=\"nofollow noopener\" target=\"_blank\">Saksa teroittaa jo kyber\u00adasetta \u2013 liittohallitus esitt\u00e4\u00e4 kovia vastatoimia Ven\u00e4j\u00e4n hybridi\u00adsodank\u00e4yntiin<\/a><\/p>\n<p class=\"article-body mb-(--paragraph-margin-b) px-nof-16\">Saksa ei ole viel\u00e4 tehnyt hankintap\u00e4\u00e4t\u00f6st\u00e4 LORA-ohjuksista. IAI:n odotetaan kuitenkin tarjoavan j\u00e4rjestelm\u00e4\u00e4 Saksalle mahdollisessa satojen miljoonien eurojen asekaupassa.<\/p>\n<p class=\"article-body mb-(--paragraph-margin-b) px-nof-16\">Israel on Saksalle jo tuttu kumppani puolustus\u00adyhteisty\u00f6ss\u00e4. Saksa sopi syyskuussa 2023 israelilaisen Arrow 3 -ilmapuolustusj\u00e4rjestelm\u00e4n hankinnasta, ja kauppaa t\u00e4ydennettiin lis\u00e4\u00adostoin vuonna 2025. Ballististen ohjusten torjuntaan kykenev\u00e4n j\u00e4rjestelm\u00e4n kauppahinta nousee noin kuuteen miljardiin euroon.<\/p>\n","protected":false},"excerpt":{"rendered":"Saksan merivoimien fregatti laukaisi kaksi Israelissa kehitetty\u00e4 ballistista ohjusta Pohjois-Atlantilla. Israelilaisen IAI:n kehitt\u00e4m\u00e4n LORA-ohjuksen kantamaksi ilmoitetaan yli 500&hellip;\n","protected":false},"author":2,"featured_media":341670,"comment_status":"","ping_status":"","sticky":false,"template":"","format":"standard","meta":{"footnotes":"","_share_on_mastodon":"0"},"categories":[14],"tags":[22,23,26,27,33,31,30,17,34,24,25,28,29,15,18,21,32,19,20,56,16,59,60,61],"class_list":["post-341669","post","type-post","status-publish","format-standard","has-post-thumbnail","category-ulkomaat","tag-breaking-news","tag-breakingnews","tag-featured-news","tag-featurednews","tag-fi","tag-finland","tag-finnish","tag-headlines","tag-ilta-sanomat","tag-latest-news","tag-latestnews","tag-main-news","tag-mainnews","tag-news","tag-otsikot","tag-paauutiset","tag-suomi","tag-top-stories","tag-topstories","tag-ulkomaat","tag-uutiset","tag-world","tag-world-news","tag-worldnews"],"share_on_mastodon":{"url":"https:\/\/pubeurope.com\/@fi\/117215204734844989","error":""},"_links":{"self":[{"href":"https:\/\/www.europesays.com\/fi\/wp-json\/wp\/v2\/posts\/341669","targetHints":{"allow":["GET"]}}],"collection":[{"href":"https:\/\/www.europesays.com\/fi\/wp-json\/wp\/v2\/posts"}],"about":[{"href":"https:\/\/www.europesays.com\/fi\/wp-json\/wp\/v2\/types\/post"}],"author":[{"embeddable":true,"href":"https:\/\/www.europesays.com\/fi\/wp-json\/wp\/v2\/users\/2"}],"replies":[{"embeddable":true,"href":"https:\/\/www.europesays.com\/fi\/wp-json\/wp\/v2\/comments?post=341669"}],"version-history":[{"count":0,"href":"https:\/\/www.europesays.com\/fi\/wp-json\/wp\/v2\/posts\/341669\/revisions"}],"wp:featuredmedia":[{"embeddable":true,"href":"https:\/\/www.europesays.com\/fi\/wp-json\/wp\/v2\/media\/341670"}],"wp:attachment":[{"href":"https:\/\/www.europesays.com\/fi\/wp-json\/wp\/v2\/media?parent=341669"}],"wp:term":[{"taxonomy":"category","embeddable":true,"href":"https:\/\/www.europesays.com\/fi\/wp-json\/wp\/v2\/categories?post=341669"},{"taxonomy":"post_tag","embeddable":true,"href":"https:\/\/www.europesays.com\/fi\/wp-json\/wp\/v2\/tags?post=341669"}],"curies":[{"name":"wp","href":"https:\/\/api.w.org\/{rel}","templated":true}]}}