{"id":341673,"date":"2026-09-04T22:48:14","date_gmt":"2026-09-04T22:48:14","guid":{"rendered":"https:\/\/www.europesays.com\/fi\/341673\/"},"modified":"2026-09-04T22:48:14","modified_gmt":"2026-09-04T22:48:14","slug":"yk-aanesti-oikeudenmukaisemman-kartan-puolesta-uutisia-lyhyesti","status":"publish","type":"post","link":"https:\/\/www.europesays.com\/fi\/341673\/","title":{"rendered":"YK \u00e4\u00e4nesti oikeudenmukaisemman kartan puolesta | Uutisia lyhyesti"},"content":{"rendered":"<p class=\"aw__sc-1qwuw0s-0 aw__sc-1vg2sqm-0 epAWpq ecELkD yle__article__paragraph\">Uusi kartta heijastaa tarkemmin maiden todellista kokoa kuin 1500-luvulta per\u00e4isin oleva Mercator-projektio.<\/p>\n<p><img decoding=\"async\" alt=\"Maailman karttaa Mercator-projektiossa. Gr\u00f6nlanti ja Afrikka korostettuna\" src=\"https:\/\/www.europesays.com\/fi\/wp-content\/uploads\/2026\/09\/1495626031.jpeg\" class=\"aw__sc-dklauk-0 LPzKX\"\/><\/p>\n<p>Avaa kuvien katselu<\/p>\n<p>Vanhassa Mercator-projektion kartassa Gr\u00f6nlanti ja Afrikka n\u00e4ytt\u00e4v\u00e4t olevan yht\u00e4 suuria, vaikka oikeasti Afrikan manner on noin 14 suurempi kuin Gr\u00f6nlanti. Kuva: Kuva CC0. Kuvank\u00e4sittely YLE.<\/p>\n<p class=\"aw__sc-1qwuw0s-0 aw__sc-ngllmo-0 epAWpq fzYpjk yle__article__paragraph\">YK:n yleiskokous on \u00e4\u00e4nest\u00e4nyt uuden maailmankartan hyv\u00e4ksymisen puolesta. Uusi kartta heijastaa tarkemmin maiden todellista kokoa.<\/p>\n<p class=\"aw__sc-1qwuw0s-0 aw__sc-ngllmo-0 epAWpq fzYpjk yle__article__paragraph\">Tarkoitus on, ett\u00e4 vuodelta 1569 per\u00e4isin oleva Mercator-projektio maailmankartasta poistetaan vaiheittain k\u00e4yt\u00f6st\u00e4.<\/p>\n<p class=\"aw__sc-1qwuw0s-0 aw__sc-ngllmo-0 epAWpq fzYpjk yle__article__paragraph\">Nykyisin k\u00e4yt\u00f6ss\u00e4 olevassa maailmankartassa kaukana p\u00e4iv\u00e4ntasaajasta sijaitsevat maat n\u00e4ytt\u00e4v\u00e4t suuremmilta ja p\u00e4iv\u00e4ntasaajan l\u00e4hell\u00e4 olevat maat n\u00e4ytt\u00e4v\u00e4t pienemmilt\u00e4 kuin ne todellisuudessa ovat. Esimerkiksi Afrikka n\u00e4ytt\u00e4\u00e4 olevan yht\u00e4 suuri kuin Gr\u00f6nlanti. Todellisuudessa Afrikan manner on noin 14 kertaa suurempi kuin Gr\u00f6nlannin saari.<\/p>\n<p class=\"aw__sc-1qwuw0s-0 aw__sc-ngllmo-0 epAWpq fzYpjk yle__article__paragraph\">Mercator-kartan esitteli flaamilainen kartografi <strong class=\"aw__sc-ngllmo-2 gdRrun yle__article__strong\">Gerardus Mercator<\/strong> auttaakseen merimiehi\u00e4 navigoimaan merill\u00e4.<\/p>\n<p class=\"aw__sc-1qwuw0s-0 aw__sc-ngllmo-0 epAWpq fzYpjk yle__article__paragraph\">Togo johti Afrikan unionin kampanjaa uuden kartan puolesta. Togon ministeri\u00f6 totesi lausunnossaan, ett\u00e4 Mercator-projketio sopii edelleen t\u00e4ydellisesti meri- ja lentonavigointiin.<\/p>\n<p class=\"aw__sc-1qwuw0s-0 aw__sc-ngllmo-0 epAWpq fzYpjk yle__article__paragraph\">\u2013 Oikeudenmukainen maailma alkaa oikeudenmukaisesta kartasta, sanoi Togon ulkoministeri <strong class=\"aw__sc-ngllmo-2 gdRrun yle__article__strong\">Robert Dussey<\/strong> ennen \u00e4\u00e4nestyst\u00e4.<\/p>\n<p class=\"aw__sc-1qwuw0s-0 aw__sc-ngllmo-0 epAWpq fzYpjk yle__article__paragraph\">P\u00e4\u00e4t\u00f6slauselma hyv\u00e4ksyttiin YK:n yleiskokouksessa perjantaina \u00e4\u00e4nin 164\u20131, kuusi pid\u00e4ttyi \u00e4\u00e4nest\u00e4m\u00e4st\u00e4. Yhdysvallat oli ainoa maa, joka \u00e4\u00e4nesti uuden kartan hyv\u00e4ksymist\u00e4 vastaan. Yhdysvaltojen mielest\u00e4 uusi kartta edist\u00e4\u00e4 ideologista agendaa.<\/p>\n<p class=\"aw__sc-1qwuw0s-0 aw__sc-ngllmo-0 epAWpq fzYpjk yle__article__paragraph\">P\u00e4\u00e4t\u00f6s ei kiell\u00e4 vanhojen karttojen k\u00e4ytt\u00e4mist\u00e4, mutta YK toivoo hallitusten ja organisaatioiden kannustavan karttojen vaihtamiseen.<\/p>\n<p class=\"aw__sc-1qwuw0s-0 aw__sc-ngllmo-0 epAWpq fzYpjk yle__article__paragraph\">L\u00e4nsi-Afrikassa sijaitseva Togo aikoo ottaa Equal Earth -kartan k\u00e4ytt\u00f6\u00f6n kouluissaan vuoden loppuun menness\u00e4.<\/p>\n<p class=\"aw__sc-1qwuw0s-0 aw__sc-ngllmo-0 epAWpq fzYpjk yle__article__paragraph\">L\u00e4hde: Reuters<\/p>\n","protected":false},"excerpt":{"rendered":"Uusi kartta heijastaa tarkemmin maiden todellista kokoa kuin 1500-luvulta per\u00e4isin oleva Mercator-projektio. Avaa kuvien katselu Vanhassa Mercator-projektion kartassa&hellip;\n","protected":false},"author":2,"featured_media":341674,"comment_status":"","ping_status":"","sticky":false,"template":"","format":"standard","meta":{"footnotes":"","_share_on_mastodon":"0"},"categories":[5],"tags":[8630,22,23,26,27,33,31,30,17,17714,24,25,28,29,15,18,21,32,19,20,16,7274,7272],"class_list":["post-341673","post","type-post","status-publish","format-standard","has-post-thumbnail","category-otsikot","tag-afrikka","tag-breaking-news","tag-breakingnews","tag-featured-news","tag-featurednews","tag-fi","tag-finland","tag-finnish","tag-headlines","tag-kartat","tag-latest-news","tag-latestnews","tag-main-news","tag-mainnews","tag-news","tag-otsikot","tag-paauutiset","tag-suomi","tag-top-stories","tag-topstories","tag-uutiset","tag-yhdistyneiden-kansakuntien-yleiskokous","tag-yk"],"share_on_mastodon":{"url":"https:\/\/pubeurope.com\/@fi\/117215213175385568","error":""},"_links":{"self":[{"href":"https:\/\/www.europesays.com\/fi\/wp-json\/wp\/v2\/posts\/341673","targetHints":{"allow":["GET"]}}],"collection":[{"href":"https:\/\/www.europesays.com\/fi\/wp-json\/wp\/v2\/posts"}],"about":[{"href":"https:\/\/www.europesays.com\/fi\/wp-json\/wp\/v2\/types\/post"}],"author":[{"embeddable":true,"href":"https:\/\/www.europesays.com\/fi\/wp-json\/wp\/v2\/users\/2"}],"replies":[{"embeddable":true,"href":"https:\/\/www.europesays.com\/fi\/wp-json\/wp\/v2\/comments?post=341673"}],"version-history":[{"count":0,"href":"https:\/\/www.europesays.com\/fi\/wp-json\/wp\/v2\/posts\/341673\/revisions"}],"wp:featuredmedia":[{"embeddable":true,"href":"https:\/\/www.europesays.com\/fi\/wp-json\/wp\/v2\/media\/341674"}],"wp:attachment":[{"href":"https:\/\/www.europesays.com\/fi\/wp-json\/wp\/v2\/media?parent=341673"}],"wp:term":[{"taxonomy":"category","embeddable":true,"href":"https:\/\/www.europesays.com\/fi\/wp-json\/wp\/v2\/categories?post=341673"},{"taxonomy":"post_tag","embeddable":true,"href":"https:\/\/www.europesays.com\/fi\/wp-json\/wp\/v2\/tags?post=341673"}],"curies":[{"name":"wp","href":"https:\/\/api.w.org\/{rel}","templated":true}]}}