{"id":341683,"date":"2026-09-04T23:12:23","date_gmt":"2026-09-04T23:12:23","guid":{"rendered":"https:\/\/www.europesays.com\/fi\/341683\/"},"modified":"2026-09-04T23:12:23","modified_gmt":"2026-09-04T23:12:23","slug":"parnun-kaupunkiin-julistettiin-hatatila-tulvien-vuoksi-2","status":"publish","type":"post","link":"https:\/\/www.europesays.com\/fi\/341683\/","title":{"rendered":"P\u00e4rnun kaupunkiin julistettiin h\u00e4t\u00e4tila tulvien vuoksi"},"content":{"rendered":"<p>P\u00e4rnu on kehottanut asukkaita ja muita kaupungissa oleilevia varovaisuuteen.<\/p>\n<p><img decoding=\"async\" src=\"https:\/\/www.europesays.com\/fi\/wp-content\/uploads\/2026\/09\/1788563542_663_468.jpg\" alt=\"P\u00e4rnun alueella satoi torstain ja perjantain v\u00e4lisen\u00e4 y\u00f6n\u00e4 vett\u00e4 114 millimetri\u00e4. Kaupungin kadut tulvivat perjantaina.\" class=\"_Img_1rerz_1\" style=\"aspect-ratio:1920\/1440\" loading=\"eager\"\/><\/p>\n<p class=\"font-(family-name:--picture-caption-font-family) text-(length:--picture-caption-font-size) leading-(--picture-caption-leading) font-(--picture-caption-font-weight) text-(color:--picture-caption-color)\">P\u00e4rnun alueella satoi torstain ja perjantain v\u00e4lisen\u00e4 y\u00f6n\u00e4 vett\u00e4 114 millimetri\u00e4. Kaupungin kadut tulvivat perjantaina. Kuva:\u00a0Urmas Luik \/ Scanpix<\/p>\n<p>4.9. 19:15<\/p>\n<p>Lue tiivistelm\u00e4<\/p>\n<p class=\"article-body mb-(--paragraph-margin-b) px-nof-16 sndp-summary-bullet-point-font\">P\u00e4rnun kaupunkiin Virossa julistettiin h\u00e4t\u00e4tila tulvien vuoksi.<\/p>\n<p class=\"article-body mb-(--paragraph-margin-b) px-nof-16 sndp-summary-bullet-point-font\">Tulvat aiheutuivat sadeveden tukittua viem\u00e4rit.<\/p>\n<p class=\"article-body mb-(--paragraph-margin-b) px-nof-16 sndp-summary-bullet-point-font\">Apulaispormestari Sander Kilk kertoo tilanteen olevan harvinainen.<\/p>\n<p class=\"article-body mb-(--paragraph-margin-b) px-nof-16\">P\u00e4rnun kaupunkiin Virossa on julistettu h\u00e4t\u00e4tila tulvien vuoksi. H\u00e4t\u00e4tila julistettiin perjantaiaamuna enn\u00e4tyksellisten sateiden j\u00e4lkeen.<\/p>\n<p class=\"article-body mb-(--paragraph-margin-b) px-nof-16\">Asiasta kertovat Viron yleisradioyhti\u00f6 <a class=\"underline underline-offset-[0.12em] [text-decoration-thickness:var(--generic-link-underline-thickness)] [text-decoration-color:var(--generic-link-underline-color)] [text-decoration-skip-ink:var(--generic-link-underline-skip-ink)] break-words\" href=\"https:\/\/news.err.ee\/1610128339\/video-emergency-situation-declared-in-parnu-after-heavy-rain-floods-streets\" rel=\"nofollow noopener\" target=\"_blank\">ERR <\/a>ja virolaislehti <a class=\"underline underline-offset-[0.12em] [text-decoration-thickness:var(--generic-link-underline-thickness)] [text-decoration-color:var(--generic-link-underline-color)] [text-decoration-skip-ink:var(--generic-link-underline-skip-ink)] break-words\" href=\"https:\/\/maaleht.delfi.ee\/artikkel\/120608307\/fotod-ja-videod-parnu-linn-on-uleujutatud-vett-on-kohati-pool-meetrit\" rel=\"nofollow noopener\" target=\"_blank\">Maaleht<\/a>.<\/p>\n<p class=\"article-body mb-(--paragraph-margin-b) px-nof-16\">P\u00e4rnun alueella satoi torstain ja perjantain v\u00e4lisen\u00e4 y\u00f6n\u00e4 vett\u00e4 114 millimetri\u00e4, kaupunki kertoo verkkosivuillaan. Tulvat aiheutuivat sadeveden tukittua viem\u00e4rit.<\/p>\n<p class=\"article-body mb-(--paragraph-margin-b) px-nof-16\">Sadevett\u00e4 on virrannut rakennusten kellareihin. My\u00f6s autoja on vaurioitunut. Tulvat eiv\u00e4t ole kuitenkaan vaatineet kuolonuhreja.<\/p>\n<p class=\"article-body mb-(--paragraph-margin-b) px-nof-16\">P\u00e4rnu on kehottanut asukkaita ja muita kaupungissa oleilevia varovaisuuteen.<\/p>\n<p class=\"article-body mb-(--paragraph-margin-b) px-nof-16\">P\u00e4rnun apulaispormestari <a class=\"font-bold underline-offset-[0.12em] [text-decoration:var(--person-link-text-decoration)] [text-decoration-color:var(--person-link-text-decoration-color)]!\" href=\"https:\/\/www.satakunnankansa.fi\/haku\/?query=Sander%20Kilk\" rel=\"nofollow noopener\" target=\"_blank\">Sander Kilk<\/a> sanoo kaupungin tiedotteessa, ett\u00e4 tilanne on harvinainen.<\/p>\n<p class=\"article-body mb-(--paragraph-margin-b) px-nof-16\">\u201dPoikkeuksellisen suuri vesim\u00e4\u00e4r\u00e4, joka on satanut lyhyess\u00e4 ajassa, on ylitt\u00e4nyt hulevesij\u00e4rjestelmien ja viem\u00e4riverkoston kapasiteetin. T\u00e4ll\u00e4 hetkell\u00e4 t\u00e4rkein teht\u00e4v\u00e4mme on suojella ihmisten henke\u00e4, terveytt\u00e4 ja omaisuutta sek\u00e4 ohjata apua alueille, joilla tilanne on vaikein\u201d, Kilk sanoo tiedotteessa.<\/p>\n<p class=\"article-body mb-(--paragraph-margin-b) px-nof-16\">Kylpyl\u00e4kaupunkinakin tunnettu P\u00e4rnu on suomalaisten suosima turistikohde. P\u00e4rnun kaupungissa asuu noin 40\u202f000 ihmist\u00e4.<\/p>\n<p><img decoding=\"async\" src=\"https:\/\/www.europesays.com\/fi\/wp-content\/uploads\/2026\/09\/1788563543_957_468.jpg\" alt=\"P\u00e4rnu on kehottanut asukkaita ja muita kaupungissa oleilevia varovaisuuteen. Kaksi lasta potkulautaili tulvivilla kaduilla perjantaina.\" class=\"_Img_1rerz_1\" style=\"aspect-ratio:1920\/1280\" loading=\"eager\"\/><\/p>\n<p class=\"font-(family-name:--picture-caption-font-family) text-(length:--picture-caption-font-size) leading-(--picture-caption-leading) font-(--picture-caption-font-weight) text-(color:--picture-caption-color) picture-with-caption__caption picture-with-caption__caption--default-full\">P\u00e4rnu on kehottanut asukkaita ja muita kaupungissa oleilevia varovaisuuteen. Kaksi lasta potkulautaili tulvivilla kaduilla perjantaina. Kuva:\u00a0Mailiis Ollino \/ Scanpix<\/p>\n","protected":false},"excerpt":{"rendered":"P\u00e4rnu on kehottanut asukkaita ja muita kaupungissa oleilevia varovaisuuteen. P\u00e4rnun alueella satoi torstain ja perjantain v\u00e4lisen\u00e4 y\u00f6n\u00e4 vett\u00e4&hellip;\n","protected":false},"author":2,"featured_media":341684,"comment_status":"","ping_status":"","sticky":false,"template":"","format":"standard","meta":{"footnotes":"","_share_on_mastodon":"0"},"categories":[14],"tags":[22,23,26,27,33,31,30,17,24,25,28,29,15,18,21,80,32,19,20,56,16,59,60,61],"class_list":["post-341683","post","type-post","status-publish","format-standard","has-post-thumbnail","category-ulkomaat","tag-breaking-news","tag-breakingnews","tag-featured-news","tag-featurednews","tag-fi","tag-finland","tag-finnish","tag-headlines","tag-latest-news","tag-latestnews","tag-main-news","tag-mainnews","tag-news","tag-otsikot","tag-paauutiset","tag-satakunnan-kansa","tag-suomi","tag-top-stories","tag-topstories","tag-ulkomaat","tag-uutiset","tag-world","tag-world-news","tag-worldnews"],"share_on_mastodon":{"url":"https:\/\/pubeurope.com\/@fi\/117215307394881794","error":""},"_links":{"self":[{"href":"https:\/\/www.europesays.com\/fi\/wp-json\/wp\/v2\/posts\/341683","targetHints":{"allow":["GET"]}}],"collection":[{"href":"https:\/\/www.europesays.com\/fi\/wp-json\/wp\/v2\/posts"}],"about":[{"href":"https:\/\/www.europesays.com\/fi\/wp-json\/wp\/v2\/types\/post"}],"author":[{"embeddable":true,"href":"https:\/\/www.europesays.com\/fi\/wp-json\/wp\/v2\/users\/2"}],"replies":[{"embeddable":true,"href":"https:\/\/www.europesays.com\/fi\/wp-json\/wp\/v2\/comments?post=341683"}],"version-history":[{"count":0,"href":"https:\/\/www.europesays.com\/fi\/wp-json\/wp\/v2\/posts\/341683\/revisions"}],"wp:featuredmedia":[{"embeddable":true,"href":"https:\/\/www.europesays.com\/fi\/wp-json\/wp\/v2\/media\/341684"}],"wp:attachment":[{"href":"https:\/\/www.europesays.com\/fi\/wp-json\/wp\/v2\/media?parent=341683"}],"wp:term":[{"taxonomy":"category","embeddable":true,"href":"https:\/\/www.europesays.com\/fi\/wp-json\/wp\/v2\/categories?post=341683"},{"taxonomy":"post_tag","embeddable":true,"href":"https:\/\/www.europesays.com\/fi\/wp-json\/wp\/v2\/tags?post=341683"}],"curies":[{"name":"wp","href":"https:\/\/api.w.org\/{rel}","templated":true}]}}