{"id":341687,"date":"2026-09-04T23:14:14","date_gmt":"2026-09-04T23:14:14","guid":{"rendered":"https:\/\/www.europesays.com\/fi\/341687\/"},"modified":"2026-09-04T23:14:14","modified_gmt":"2026-09-04T23:14:14","slug":"nhln-supertahdesta-tylya-puhetta-laastari-irti-iltalehti","status":"publish","type":"post","link":"https:\/\/www.europesays.com\/fi\/341687\/","title":{"rendered":"NHL:n supert\u00e4hdest\u00e4 tyly\u00e4 puhetta \u2013 \u201dLaastari irti\u201d &#8211; Iltalehti"},"content":{"rendered":"<ol>\n<li><a href=\"https:\/\/news.google.com\/rss\/articles\/CBMidkFVX3lxTE1qX3ZyM0RDYmUxMlBNUlZaNDVhcUJtZlpXdHlGLWN2dzJJWjRZWHpfc1F6Y0t4LTRGRUx1dWZqNTJqOHpiNUM2MmxuTzhZMjVpTE5ER1lDZ2hSVDh5NmZpZ3VYRGtLZnBsYVh0aUYzb3EwS3ljTVE?oc=5\" target=\"_blank\" rel=\"nofollow noopener\">NHL:n supert\u00e4hdest\u00e4 tyly\u00e4 puhetta \u2013 \u201dLaastari irti\u201d<\/a>&nbsp;&nbsp;Iltalehti<\/li>\n<li><a href=\"https:\/\/news.google.com\/rss\/articles\/CBMiYEFVX3lxTE5LbGhnQmlnZ2FCQkFuYjVYZEJsNDdXN040Sy1SVTZJclpDUFZoNUhxamhRS0tnM2NLek1VR3pha1ZUUEJOdEVqcE9kN3lmT183NFRFUDl1VmJKMWVLTkZPcQ?oc=5\" target=\"_blank\" rel=\"nofollow noopener\">N\u00e4k\u00f6kulma | Yksi sopimus muutti NHL:n \u2013 supert\u00e4htien palkat karkaavat k\u00e4sist\u00e4<\/a>&nbsp;&nbsp;Aamulehti<\/li>\n<li><a href=\"https:\/\/news.google.com\/rss\/articles\/CBMiV0FVX3lxTE9TbWI3dDVmeWltMGU5Z0dDWGJOSEJlZXdSQjNLSERVekhPVkI5UEhxVHFRRF83WmpaeXZJQWx0MGZFNVhnLTBkeF92aHduTHo3UTIza2xvYw?oc=5\" target=\"_blank\" rel=\"nofollow noopener\">Cale Makarin j\u00e4ttisopimus j\u00e4rkytt\u00e4\u00e4 NHL-faneja \u2013 uskomaton ero Miro Heiskaseen: \u201dMit\u00e4 helvetti\u00e4\u201d<\/a>&nbsp;&nbsp;Ilta-Sanomat<\/li>\n<li><a href=\"https:\/\/news.google.com\/rss\/articles\/CBMiekFVX3lxTE9jeFo5bC1TRW1xSnJ0UUpyOGhNWnFDUEJxQ2pPVVhQVGhpRmlWYVAzWnozZGFqam1IV1R5QmpWcG9CeUJEbi0tR2NDT1RNdDRZMEZQTFhRUEhOMVhpOC1vbkNEc0ZMVmU1QnFlV3NDQlc0VngtR011YXdB?oc=5\" target=\"_blank\" rel=\"nofollow noopener\">Cale Makar pysyy Avalanchen kulmakiven\u00e4 vuoteen 2035 saakka<\/a>&nbsp;&nbsp;NHL.com<\/li>\n<li><a href=\"https:\/\/news.google.com\/rss\/articles\/CBMipwFBVV95cUxNMTVQNGJyRjJZLVplVlNuTjJuQXctUDZVSXBvcnk3MTZPTnN1blBpVTJqYlhhX0VEemowa0tQQzBhSXpKUTh3MTdnUks4X1BjSldMN19RQ1dFWmt2cGtzUlVTNFlNUE41TjdBcmZsa2hrbHFiUGpKU0kzMzZDRWFBLW9mMzZfbkN0WXdWYW51Z2I5SmhpQjFfdXlxUUdkQXM5a29QaXZYTQ?oc=5\" target=\"_blank\" rel=\"nofollow noopener\">&#8221;Olen luottavainen&#8221; \u2013 Quinn Hughesin tilanteesta kajahti suora v\u00e4ite<\/a>&nbsp;&nbsp;LeijonaUutiset<\/li>\n<\/ol>\n","protected":false},"excerpt":{"rendered":"NHL:n supert\u00e4hdest\u00e4 tyly\u00e4 puhetta \u2013 \u201dLaastari irti\u201d&nbsp;&nbsp;Iltalehti N\u00e4k\u00f6kulma | Yksi sopimus muutti NHL:n \u2013 supert\u00e4htien palkat karkaavat k\u00e4sist\u00e4&nbsp;&nbsp;Aamulehti&hellip;\n","protected":false},"author":2,"featured_media":341688,"comment_status":"","ping_status":"","sticky":false,"template":"","format":"standard","meta":{"footnotes":"","_share_on_mastodon":"0"},"categories":[5],"tags":[35,1274,22,23,26,27,33,31,30,17,1143,24,25,41,28,29,15,18,21,2127,32,1145,19,20,16],"class_list":["post-341687","post","type-post","status-publish","format-standard","has-post-thumbnail","category-otsikot","tag-24h","tag-ammattiurheilu","tag-breaking-news","tag-breakingnews","tag-featured-news","tag-featurednews","tag-fi","tag-finland","tag-finnish","tag-headlines","tag-jaakiekko","tag-latest-news","tag-latestnews","tag-liikunta-ja-urheilu","tag-main-news","tag-mainnews","tag-news","tag-otsikot","tag-paauutiset","tag-pohjois-amerikan-jaakiekko","tag-suomi","tag-talviurheilu","tag-top-stories","tag-topstories","tag-uutiset"],"share_on_mastodon":{"url":"https:\/\/pubeurope.com\/@fi\/117215314944502666","error":""},"_links":{"self":[{"href":"https:\/\/www.europesays.com\/fi\/wp-json\/wp\/v2\/posts\/341687","targetHints":{"allow":["GET"]}}],"collection":[{"href":"https:\/\/www.europesays.com\/fi\/wp-json\/wp\/v2\/posts"}],"about":[{"href":"https:\/\/www.europesays.com\/fi\/wp-json\/wp\/v2\/types\/post"}],"author":[{"embeddable":true,"href":"https:\/\/www.europesays.com\/fi\/wp-json\/wp\/v2\/users\/2"}],"replies":[{"embeddable":true,"href":"https:\/\/www.europesays.com\/fi\/wp-json\/wp\/v2\/comments?post=341687"}],"version-history":[{"count":0,"href":"https:\/\/www.europesays.com\/fi\/wp-json\/wp\/v2\/posts\/341687\/revisions"}],"wp:featuredmedia":[{"embeddable":true,"href":"https:\/\/www.europesays.com\/fi\/wp-json\/wp\/v2\/media\/341688"}],"wp:attachment":[{"href":"https:\/\/www.europesays.com\/fi\/wp-json\/wp\/v2\/media?parent=341687"}],"wp:term":[{"taxonomy":"category","embeddable":true,"href":"https:\/\/www.europesays.com\/fi\/wp-json\/wp\/v2\/categories?post=341687"},{"taxonomy":"post_tag","embeddable":true,"href":"https:\/\/www.europesays.com\/fi\/wp-json\/wp\/v2\/tags?post=341687"}],"curies":[{"name":"wp","href":"https:\/\/api.w.org\/{rel}","templated":true}]}}