{"id":341697,"date":"2026-09-04T23:38:16","date_gmt":"2026-09-04T23:38:16","guid":{"rendered":"https:\/\/www.europesays.com\/fi\/341697\/"},"modified":"2026-09-04T23:38:16","modified_gmt":"2026-09-04T23:38:16","slug":"zelenskyi-venajan-drooni-iski-turvallisuuspalvelun-paamajaan","status":"publish","type":"post","link":"https:\/\/www.europesays.com\/fi\/341697\/","title":{"rendered":"Zelenskyi: Ven\u00e4j\u00e4n drooni iski turvallisuuspalvelun p\u00e4\u00e4majaan"},"content":{"rendered":"<p><strong class=\"typography-bold\">Ukrainan presidentti kertoo asiasta X-viestipalvelussa.<\/strong><\/p>\n<p>Ven\u00e4j\u00e4 iski perjantaina drooneilla Ukrainan turvallissupalvelun (SBU) p\u00e4\u00e4majaan Kiovassa, kertoo Ukrainan presidentti <strong class=\"typography-bold\">Volodymyr Zelenskyi<\/strong> viestipalvelu X:ss\u00e4.<\/p>\n<p>\u2013 Drooni oli ohjattu suoraan turvallisuuspalvelun johtajan toimistoon, Zelenskyi sanoo.<\/p>\n<p>Ainakin 12 henkil\u00f6\u00e4 on loukkaantunut iskussa, kertoo<a class=\"underline\" data-testid=\"external-link\" href=\"https:\/\/kyivindependent.com\/breaking-russian-drone-hits-kyivs-center\/\" rel=\"noopener nofollow\" target=\"_blank\"> Kyiv Independent-lehti.<\/a><\/p>\n<p>Zelenskyi kertoo, ett\u00e4 on ohjeistanut vastaamaan iskuun sopivalla tavalla.<\/p>\n<p>Kyiv Independent-lehden mukaan Kiovassa asnnettiin ilmah\u00e4lytys noin kello 15, jonka j\u00e4lkeen kaupungin keskustassa kuultiin r\u00e4j\u00e4hdyksi\u00e4.\u00a0<\/p>\n<p>My\u00f6s entinen ukrainalainen tiedustelu-upseeri on vahvistanut, ett\u00e4 drooni on osunut SBU:n johtajan toimistoon. My\u00f6s SBU vahvisti t\u00e4m\u00e4n lehdelle.\u00a0<\/p>\n<p>Isku ei kuitenkaan SBU:n mukaan onnistunut, eik\u00e4 johtaja loukkaantunut. SBU:n mukaan &#8221;ven\u00e4l\u00e4iset saavat tuskallisen vastauksen iskuihinsa.&#8221;<\/p>\n","protected":false},"excerpt":{"rendered":"Ukrainan presidentti kertoo asiasta X-viestipalvelussa. Ven\u00e4j\u00e4 iski perjantaina drooneilla Ukrainan turvallissupalvelun (SBU) p\u00e4\u00e4majaan Kiovassa, kertoo Ukrainan presidentti Volodymyr&hellip;\n","protected":false},"author":2,"featured_media":341698,"comment_status":"","ping_status":"","sticky":false,"template":"","format":"standard","meta":{"footnotes":"","_share_on_mastodon":"0"},"categories":[14],"tags":[22,23,26,27,33,31,30,17,24,25,28,29,15,18,21,32,19,20,56,16,59,60,61],"class_list":["post-341697","post","type-post","status-publish","format-standard","has-post-thumbnail","category-ulkomaat","tag-breaking-news","tag-breakingnews","tag-featured-news","tag-featurednews","tag-fi","tag-finland","tag-finnish","tag-headlines","tag-latest-news","tag-latestnews","tag-main-news","tag-mainnews","tag-news","tag-otsikot","tag-paauutiset","tag-suomi","tag-top-stories","tag-topstories","tag-ulkomaat","tag-uutiset","tag-world","tag-world-news","tag-worldnews"],"share_on_mastodon":{"url":"https:\/\/pubeurope.com\/@fi\/117215409435993175","error":""},"_links":{"self":[{"href":"https:\/\/www.europesays.com\/fi\/wp-json\/wp\/v2\/posts\/341697","targetHints":{"allow":["GET"]}}],"collection":[{"href":"https:\/\/www.europesays.com\/fi\/wp-json\/wp\/v2\/posts"}],"about":[{"href":"https:\/\/www.europesays.com\/fi\/wp-json\/wp\/v2\/types\/post"}],"author":[{"embeddable":true,"href":"https:\/\/www.europesays.com\/fi\/wp-json\/wp\/v2\/users\/2"}],"replies":[{"embeddable":true,"href":"https:\/\/www.europesays.com\/fi\/wp-json\/wp\/v2\/comments?post=341697"}],"version-history":[{"count":0,"href":"https:\/\/www.europesays.com\/fi\/wp-json\/wp\/v2\/posts\/341697\/revisions"}],"wp:featuredmedia":[{"embeddable":true,"href":"https:\/\/www.europesays.com\/fi\/wp-json\/wp\/v2\/media\/341698"}],"wp:attachment":[{"href":"https:\/\/www.europesays.com\/fi\/wp-json\/wp\/v2\/media?parent=341697"}],"wp:term":[{"taxonomy":"category","embeddable":true,"href":"https:\/\/www.europesays.com\/fi\/wp-json\/wp\/v2\/categories?post=341697"},{"taxonomy":"post_tag","embeddable":true,"href":"https:\/\/www.europesays.com\/fi\/wp-json\/wp\/v2\/tags?post=341697"}],"curies":[{"name":"wp","href":"https:\/\/api.w.org\/{rel}","templated":true}]}}