{"id":341699,"date":"2026-09-04T23:39:12","date_gmt":"2026-09-04T23:39:12","guid":{"rendered":"https:\/\/www.europesays.com\/fi\/341699\/"},"modified":"2026-09-04T23:39:12","modified_gmt":"2026-09-04T23:39:12","slug":"poliisi-tyhjensi-alppipuiston-nuorista-helsingissa-useita-pahoinpitelyita-yksi-joutui-sairaalaan","status":"publish","type":"post","link":"https:\/\/www.europesays.com\/fi\/341699\/","title":{"rendered":"Poliisi tyhjensi Alppipuiston nuorista Helsingiss\u00e4 \u2013 useita pahoinpitelyit\u00e4, yksi joutui sairaalaan"},"content":{"rendered":"<p>Paikalla oli silminn\u00e4kij\u00e4n mukaan ainakin kymmenen poliisiautoa.<\/p>\n<p><img decoding=\"async\" src=\"https:\/\/www.europesays.com\/fi\/wp-content\/uploads\/2026\/09\/1788565152_157_468.jpg\" alt=\"Alppipuistossa kirjattiin perjantai-iltana kolme pahoinpitely\u00e4, kun poliisi tyhjensi puiston levottomista nuorista.\" class=\"_Img_1rerz_1\" style=\"aspect-ratio:1920\/1080\" loading=\"eager\"\/><\/p>\n<p class=\"font-(family-name:--picture-caption-font-family) text-(length:--picture-caption-font-size) leading-(--picture-caption-leading) font-(--picture-caption-font-weight) text-(color:--picture-caption-color)\">Alppipuistossa kirjattiin perjantai-iltana kolme pahoinpitely\u00e4, kun poliisi tyhjensi puiston levottomista nuorista. Kuva:\u00a0Laura Talvitie<\/p>\n<p class=\"article-body mb-(--paragraph-margin-b) px-nof-16\">Poliisi tyhjensi Helsingin Alppipuiston my\u00f6h\u00e4\u00e4n perjantaina illalla levottomista nuorista, kerrotaan Helsingin poliisilaitoksen johtokeskuksesta Ilta-Sanomille. Paikalla kirjattiin kolme pahoinpitely\u00e4. Yksi nuori vietiin sairaalaan ja toinen otettiin kiinni.<\/p>\n<p class=\"article-body mb-(--paragraph-margin-b) px-nof-16\">Alppipuistossa oli paikalla olleen silminn\u00e4kij\u00e4n mukaan ainakin kymmenen poliisiautoa. Silminn\u00e4kij\u00e4 kuvaili tapausta suureksi tappeluksi.<\/p>\n<p class=\"article-body mb-(--paragraph-margin-b) px-nof-16\">Puistossa oli paikalla satoja nuoria viett\u00e4m\u00e4ss\u00e4 alkanutta viikonloppua, kertoo komisario <a class=\"font-bold underline-offset-[0.12em] [text-decoration:var(--person-link-text-decoration)] [text-decoration-color:var(--person-link-text-decoration-color)]!\" href=\"https:\/\/www.is.fi\/haku\/?query=Esa%20Pennanen\" rel=\"nofollow noopener\" target=\"_blank\">Esa Pennanen<\/a> Helsingin poliisista Ilta-Sanomille. Paikalla oli sek\u00e4 ala- ett\u00e4 t\u00e4ysi-ik\u00e4isi\u00e4 nuoria, ja mukana oli p\u00e4ihteidenk\u00e4ytt\u00f6\u00e4.<\/p>\n<p class=\"article-body mb-(--paragraph-margin-b) px-nof-16\">\u2013 Aina on levotonta, kun paikalle kokoontuu suuri joukko nuoria, ja mukana on p\u00e4ihteiden k\u00e4ytt\u00f6\u00e4. Silloin tilanne voi \u00e4ity\u00e4 pahimmillaan pahoinpitelyksi, Pennanen sanoo.<\/p>\n<p class=\"article-body mb-(--paragraph-margin-b) px-nof-16\">Poliisi tyhjensi puiston noin kello 22\u201324, Pennanen kertoo.<\/p>\n<p class=\"article-body mb-(--paragraph-margin-b) px-nof-16\">Paikalla otettiin kiinni yksi aggressiivisesti k\u00e4ytt\u00e4ytynyt nuori, koska h\u00e4n oli Pennasen mukaan potkaissut poliisia. Kiinniotettu ei liittynyt paikalla kirjattuihin pahoinpitelyihin.<\/p>\n","protected":false},"excerpt":{"rendered":"Paikalla oli silminn\u00e4kij\u00e4n mukaan ainakin kymmenen poliisiautoa. Alppipuistossa kirjattiin perjantai-iltana kolme pahoinpitely\u00e4, kun poliisi tyhjensi puiston levottomista nuorista.&hellip;\n","protected":false},"author":2,"featured_media":341700,"comment_status":"","ping_status":"","sticky":false,"template":"","format":"standard","meta":{"footnotes":"","_share_on_mastodon":"0"},"categories":[12],"tags":[22,23,26,27,33,31,30,17,34,24,25,28,29,15,18,21,32,19,20,16],"class_list":["post-341699","post","type-post","status-publish","format-standard","has-post-thumbnail","category-suomi","tag-breaking-news","tag-breakingnews","tag-featured-news","tag-featurednews","tag-fi","tag-finland","tag-finnish","tag-headlines","tag-ilta-sanomat","tag-latest-news","tag-latestnews","tag-main-news","tag-mainnews","tag-news","tag-otsikot","tag-paauutiset","tag-suomi","tag-top-stories","tag-topstories","tag-uutiset"],"share_on_mastodon":{"url":"https:\/\/pubeurope.com\/@fi\/117215413543015528","error":""},"_links":{"self":[{"href":"https:\/\/www.europesays.com\/fi\/wp-json\/wp\/v2\/posts\/341699","targetHints":{"allow":["GET"]}}],"collection":[{"href":"https:\/\/www.europesays.com\/fi\/wp-json\/wp\/v2\/posts"}],"about":[{"href":"https:\/\/www.europesays.com\/fi\/wp-json\/wp\/v2\/types\/post"}],"author":[{"embeddable":true,"href":"https:\/\/www.europesays.com\/fi\/wp-json\/wp\/v2\/users\/2"}],"replies":[{"embeddable":true,"href":"https:\/\/www.europesays.com\/fi\/wp-json\/wp\/v2\/comments?post=341699"}],"version-history":[{"count":0,"href":"https:\/\/www.europesays.com\/fi\/wp-json\/wp\/v2\/posts\/341699\/revisions"}],"wp:featuredmedia":[{"embeddable":true,"href":"https:\/\/www.europesays.com\/fi\/wp-json\/wp\/v2\/media\/341700"}],"wp:attachment":[{"href":"https:\/\/www.europesays.com\/fi\/wp-json\/wp\/v2\/media?parent=341699"}],"wp:term":[{"taxonomy":"category","embeddable":true,"href":"https:\/\/www.europesays.com\/fi\/wp-json\/wp\/v2\/categories?post=341699"},{"taxonomy":"post_tag","embeddable":true,"href":"https:\/\/www.europesays.com\/fi\/wp-json\/wp\/v2\/tags?post=341699"}],"curies":[{"name":"wp","href":"https:\/\/api.w.org\/{rel}","templated":true}]}}