{"id":341713,"date":"2026-09-05T00:04:15","date_gmt":"2026-09-05T00:04:15","guid":{"rendered":"https:\/\/www.europesays.com\/fi\/341713\/"},"modified":"2026-09-05T00:04:15","modified_gmt":"2026-09-05T00:04:15","slug":"saksassa-taas-uusia-sabotaasiepailyja","status":"publish","type":"post","link":"https:\/\/www.europesays.com\/fi\/341713\/","title":{"rendered":"Saksassa taas uusia sabotaasiep\u00e4ilyj\u00e4"},"content":{"rendered":"<p>Saksassa on t\u00e4ll\u00e4 viikolla tapahtunut useita kriittiseen infrastruktuuriin kohdistuneita iskuyrityksi\u00e4.<\/p>\n<p><img decoding=\"async\" class=\"image image-show image-preview\" src=\"https:\/\/www.europesays.com\/fi\/wp-content\/uploads\/2026\/09\/edceda673263e7c414a7d7b21ca2ae362491bd581791758e9309cd0e451dc037.jpg\" alt=\"\"\/><img decoding=\"async\" class=\"image image-show\" src=\"https:\/\/www.europesays.com\/fi\/wp-content\/uploads\/2026\/09\/1788566655_206_edceda673263e7c414a7d7b21ca2ae362491bd581791758e9309cd0e451dc037.jpg\" alt=\"\"\/><\/p>\n<p>Ty\u00f6ntekij\u00e4 huoltamassa videovalvontaj\u00e4rjestelm\u00e4\u00e4 Gohrpunktin muuntoasemalla Saksan Dormagenissa 4. syyskuuta. ZumaWire \/ MVPHOTOS<\/p>\n<p class=\"paragraph\">Saksan viranomaiset tutkivat uusia ep\u00e4iltyj\u00e4 sabotaasiyrityksi\u00e4 s\u00e4hk\u00f6verkkoa ja kriittist\u00e4 infrastruktuuria vastaan Nordrhein-Westfalenin osavaltiossa, kertovat useat saksalaismediat.<\/p>\n<p class=\"paragraph\">Uutissivusto Tagesschaun <a href=\"https:\/\/www.tagesschau.de\/inland\/innenpolitik\/sabotage-stromnetz-dormagen-aachen-ganderkesee-100.html\" target=\"_blank\" rel=\"noopener nofollow\">mukaan<\/a> poliisi keskitt\u00e4\u00e4 suurimmat operaationsa D\u00fcsseldorfin ja K\u00f6lnin v\u00e4liss\u00e4 sijaitsevaan Dormageniin sek\u00e4 Aachenin l\u00e4hell\u00e4 sijaitsevaan Weisweileriin.<\/p>\n<p class=\"paragraph\">K\u00e4velij\u00e4 l\u00f6ysi Dormagenin muuntoasemalta torstai-iltana ep\u00e4ilytt\u00e4v\u00e4n laitteen. Poliisin mukaan tekij\u00e4 pyrki aiheuttamaan tahallisesti oikosulun, mutta asema s\u00e4\u00e4styi vahingoilta.<\/p>\n<p class=\"paragraph\">Samaan aikaan runsaasti poliisivoimia on siirretty Weisweilerin voimalaitoksen ja Eschweilerin muuntoaseman ymp\u00e4rist\u00f6\u00f6n l\u00e4helle Belgian ja Alankomaiden rajaa.<\/p>\n<p class=\"paragraph\">Rikostekniset tutkijat haravoivat maastoa suojapuvuissa kahden julkisuuteen tulleen tunnustuskirjeen seurauksena.<\/p>\n<p class=\"paragraph\">Kirjeiss\u00e4 mies ilmoittautui syylliseksi Brandenburgin ja Nordrhein-Westfalenin s\u00e4hk\u00f6verkkoiskuihin ja nimesi Weisweilerin seuraavaksi kohteeksi. T\u00e4h\u00e4n menness\u00e4 alueelta ei ole vahvistettu l\u00f6yt\u00f6j\u00e4.<\/p>\n<p class=\"paragraph\">Lis\u00e4ksi poliisi sai perjantain vastaisena y\u00f6n\u00e4 h\u00e4lytyksen my\u00f6s Ala-Saksin osavaltion Ganderkeseess\u00e4, jossa muuntoaseman s\u00e4hk\u00f6kaappi oli j\u00e4\u00e4nyt auki.<\/p>\n<p class=\"paragraph\">Alue tarkastettiin helikopterin ja poliisikoirien avulla, mutta merkkej\u00e4 sabotaasista tai vaurioista ei havaittu.<\/p>\n<p class=\"paragraph\">Aiemmin t\u00e4ll\u00e4 viikolla K\u00f6lnin l\u00e4hell\u00e4 Bergheimissa sek\u00e4 Brandenburgin osavaltiossa muuntoasemiin ammuttiin kuparilankaa ja metallijohtoja, mik\u00e4 aiheutti oikosulkuja.<\/p>\n","protected":false},"excerpt":{"rendered":"Saksassa on t\u00e4ll\u00e4 viikolla tapahtunut useita kriittiseen infrastruktuuriin kohdistuneita iskuyrityksi\u00e4. Ty\u00f6ntekij\u00e4 huoltamassa videovalvontaj\u00e4rjestelm\u00e4\u00e4 Gohrpunktin muuntoasemalla Saksan Dormagenissa 4.&hellip;\n","protected":false},"author":2,"featured_media":341714,"comment_status":"","ping_status":"","sticky":false,"template":"","format":"standard","meta":{"footnotes":"","_share_on_mastodon":"0"},"categories":[14],"tags":[35,22,23,124,1628,26,27,33,31,30,17,24,25,28,29,15,18,21,122,54,32,19,20,546,56,16,59,60,61],"class_list":["post-341713","post","type-post","status-publish","format-standard","has-post-thumbnail","category-ulkomaat","tag-24h","tag-breaking-news","tag-breakingnews","tag-energia-sektori","tag-energia-ja-energiavarat","tag-featured-news","tag-featurednews","tag-fi","tag-finland","tag-finnish","tag-headlines","tag-latest-news","tag-latestnews","tag-main-news","tag-mainnews","tag-news","tag-otsikot","tag-paauutiset","tag-pelastaminen","tag-pelastuspalvelut","tag-suomi","tag-top-stories","tag-topstories","tag-turvallisuus","tag-ulkomaat","tag-uutiset","tag-world","tag-world-news","tag-worldnews"],"share_on_mastodon":{"url":"https:\/\/pubeurope.com\/@fi\/117215512089532975","error":""},"_links":{"self":[{"href":"https:\/\/www.europesays.com\/fi\/wp-json\/wp\/v2\/posts\/341713","targetHints":{"allow":["GET"]}}],"collection":[{"href":"https:\/\/www.europesays.com\/fi\/wp-json\/wp\/v2\/posts"}],"about":[{"href":"https:\/\/www.europesays.com\/fi\/wp-json\/wp\/v2\/types\/post"}],"author":[{"embeddable":true,"href":"https:\/\/www.europesays.com\/fi\/wp-json\/wp\/v2\/users\/2"}],"replies":[{"embeddable":true,"href":"https:\/\/www.europesays.com\/fi\/wp-json\/wp\/v2\/comments?post=341713"}],"version-history":[{"count":0,"href":"https:\/\/www.europesays.com\/fi\/wp-json\/wp\/v2\/posts\/341713\/revisions"}],"wp:featuredmedia":[{"embeddable":true,"href":"https:\/\/www.europesays.com\/fi\/wp-json\/wp\/v2\/media\/341714"}],"wp:attachment":[{"href":"https:\/\/www.europesays.com\/fi\/wp-json\/wp\/v2\/media?parent=341713"}],"wp:term":[{"taxonomy":"category","embeddable":true,"href":"https:\/\/www.europesays.com\/fi\/wp-json\/wp\/v2\/categories?post=341713"},{"taxonomy":"post_tag","embeddable":true,"href":"https:\/\/www.europesays.com\/fi\/wp-json\/wp\/v2\/tags?post=341713"}],"curies":[{"name":"wp","href":"https:\/\/api.w.org\/{rel}","templated":true}]}}