{"id":341715,"date":"2026-09-05T00:05:18","date_gmt":"2026-09-05T00:05:18","guid":{"rendered":"https:\/\/www.europesays.com\/fi\/341715\/"},"modified":"2026-09-05T00:05:18","modified_gmt":"2026-09-05T00:05:18","slug":"ketjukolari-valtatie-4lla-orimattilassa-aiheutti-liikennehaittaa-paijat-hame","status":"publish","type":"post","link":"https:\/\/www.europesays.com\/fi\/341715\/","title":{"rendered":"Ketjukolari valtatie 4:ll\u00e4 Orimattilassa aiheutti liikennehaittaa | P\u00e4ij\u00e4t-H\u00e4me"},"content":{"rendered":"<p class=\"aw__sc-1qwuw0s-0 aw__sc-1vg2sqm-0 epAWpq ecELkD yle__article__paragraph\">Kukaan ei loukkaantunut vakavasti nelj\u00e4n auton kolarissa perjantaina.<\/p>\n<p><img decoding=\"async\" alt=\"L\u00e4hikuvassa on paloauton etuovi, jossa on punaista, valkoista sek\u00e4 sinikeltainen vaakunta. Tekstin\u00e4 lukee www.phpela.fi.\" src=\"https:\/\/www.europesays.com\/fi\/wp-content\/uploads\/2026\/09\/1782291986.jpeg\" class=\"aw__sc-dklauk-0 LPzKX\"\/><\/p>\n<p>Avaa kuvien katselu<\/p>\n<p>Kuvituskuva. Kuva: Petri Niemi \/ Yle<\/p>\n<p>4.9. 17:31\u2022P\u00e4ivitetty 4.9. 18:26<\/p>\n<p class=\"aw__sc-1qwuw0s-0 aw__sc-ngllmo-0 epAWpq fzYpjk yle__article__paragraph\">Orimattilassa valtatie nelj\u00e4ll\u00e4 tapahtui nelj\u00e4n henkil\u00f6auton kolari perjantaina iltap\u00e4iv\u00e4ll\u00e4.<\/p>\n<p class=\"aw__sc-1qwuw0s-0 aw__sc-ngllmo-0 epAWpq fzYpjk yle__article__paragraph\">Pelastuslaitos sai h\u00e4lytyksen puoli viiden j\u00e4lkeen. Autoissa oli yhteens\u00e4 10 ihmist\u00e4, mutta kukaan ei loukkaantunut vakavasti.<\/p>\n<p class=\"aw__sc-1qwuw0s-0 aw__sc-ngllmo-0 epAWpq fzYpjk yle__article__paragraph\">Onnettomuuspaikan raivaus ja autojen siirto aiheuttivat liikennehaittaa Lahden suuntaan.<\/p>\n<p class=\"aw__sc-1qwuw0s-0 aw__sc-ngllmo-0 epAWpq fzYpjk yle__article__paragraph\">Pelastuslaitos poistui paikalta pian iltakuuden j\u00e4lkeen<\/p>\n<p class=\"aw__sc-1qwuw0s-0 aw__sc-ngllmo-0 epAWpq fzYpjk yle__article__paragraph\">Muokattu 4.9. 2026 klo 18.26: P\u00e4ivitetty tieto liikennehaitasta ja pelastuslaitoksen poistumisesta onnettomuuspaikalta.<\/p>\n","protected":false},"excerpt":{"rendered":"Kukaan ei loukkaantunut vakavasti nelj\u00e4n auton kolarissa perjantaina. Avaa kuvien katselu Kuvituskuva. Kuva: Petri Niemi \/ Yle 4.9.&hellip;\n","protected":false},"author":2,"featured_media":341716,"comment_status":"","ping_status":"","sticky":false,"template":"","format":"standard","meta":{"footnotes":"","_share_on_mastodon":"0"},"categories":[12],"tags":[22,23,26,27,33,31,30,17,24,25,28,29,15,837,7277,18,21,1268,32,19,20,16],"class_list":["post-341715","post","type-post","status-publish","format-standard","has-post-thumbnail","category-suomi","tag-breaking-news","tag-breakingnews","tag-featured-news","tag-featurednews","tag-fi","tag-finland","tag-finnish","tag-headlines","tag-latest-news","tag-latestnews","tag-main-news","tag-mainnews","tag-news","tag-onnettomuudet","tag-orimattila","tag-otsikot","tag-paauutiset","tag-paijat-hame","tag-suomi","tag-top-stories","tag-topstories","tag-uutiset"],"share_on_mastodon":{"url":"https:\/\/pubeurope.com\/@fi\/117215515683643490","error":""},"_links":{"self":[{"href":"https:\/\/www.europesays.com\/fi\/wp-json\/wp\/v2\/posts\/341715","targetHints":{"allow":["GET"]}}],"collection":[{"href":"https:\/\/www.europesays.com\/fi\/wp-json\/wp\/v2\/posts"}],"about":[{"href":"https:\/\/www.europesays.com\/fi\/wp-json\/wp\/v2\/types\/post"}],"author":[{"embeddable":true,"href":"https:\/\/www.europesays.com\/fi\/wp-json\/wp\/v2\/users\/2"}],"replies":[{"embeddable":true,"href":"https:\/\/www.europesays.com\/fi\/wp-json\/wp\/v2\/comments?post=341715"}],"version-history":[{"count":0,"href":"https:\/\/www.europesays.com\/fi\/wp-json\/wp\/v2\/posts\/341715\/revisions"}],"wp:featuredmedia":[{"embeddable":true,"href":"https:\/\/www.europesays.com\/fi\/wp-json\/wp\/v2\/media\/341716"}],"wp:attachment":[{"href":"https:\/\/www.europesays.com\/fi\/wp-json\/wp\/v2\/media?parent=341715"}],"wp:term":[{"taxonomy":"category","embeddable":true,"href":"https:\/\/www.europesays.com\/fi\/wp-json\/wp\/v2\/categories?post=341715"},{"taxonomy":"post_tag","embeddable":true,"href":"https:\/\/www.europesays.com\/fi\/wp-json\/wp\/v2\/tags?post=341715"}],"curies":[{"name":"wp","href":"https:\/\/api.w.org\/{rel}","templated":true}]}}