{"id":341717,"date":"2026-09-05T00:06:17","date_gmt":"2026-09-05T00:06:17","guid":{"rendered":"https:\/\/www.europesays.com\/fi\/341717\/"},"modified":"2026-09-05T00:06:17","modified_gmt":"2026-09-05T00:06:17","slug":"armand-duplantis-ulos-sekaisin","status":"publish","type":"post","link":"https:\/\/www.europesays.com\/fi\/341717\/","title":{"rendered":"Armand Duplantis ulos: \u201dSekaisin\u201d"},"content":{"rendered":"<p>Seiv\u00e4shypyn suurmies ei kilpaillut lainkaan Timanttiliigan finaalissa.<\/p>\n<p><img decoding=\"async\" class=\"image image-show image-preview\" src=\"https:\/\/www.europesays.com\/fi\/wp-content\/uploads\/2026\/09\/689bc110a33497ef804cfdb91a2fcc1df06eb95a74927bd8ff56bae790773aa3.jpg\" alt=\"\"\/><img decoding=\"async\" class=\"image image-show\" src=\"https:\/\/www.europesays.com\/fi\/wp-content\/uploads\/2026\/09\/1788566777_76_689bc110a33497ef804cfdb91a2fcc1df06eb95a74927bd8ff56bae790773aa3.jpg\" alt=\"\"\/><\/p>\n<p>Armand Duplantis ei kilpaillut Timanttiliigan finaalissa. AOP<\/p>\n<p class=\"paragraph\">Seiv\u00e4shypyn suurmies <strong>Armand Duplantis<\/strong> vet\u00e4ytyi Timanttiliigan finaalista ilman ensimm\u00e4ist\u00e4k\u00e4\u00e4n kisahyppy\u00e4.<\/p>\n<p class=\"paragraph\">Yhdysvalloissa varttunut ruotsalainen piti verkkarit p\u00e4\u00e4ll\u00e4 ja pisti seip\u00e4\u00e4t pussiin ennen perjantai-illan Brysselin mittel\u00f6\u00e4.<\/p>\n<p class=\"paragraph\">Duplantis on k\u00e4rsinyt viime viikkoina liev\u00e4st\u00e4 jalkavammasta.<\/p>\n<p class=\"paragraph\">\u2013 Kamalaa, etten voi kilpailla, Duplantis kommentoi Ruotsin yleisradiolle SVT:lle.<\/p>\n<p class=\"paragraph\">Syyn\u00e4 keskeytykseen on l\u00e4mmittelyn aikana tuntunut vihlaisu nivusessa. Kyseess\u00e4 on sama vamma, jonka h\u00e4n sai Lontoossa hein\u00e4kuussa. Duplantis tunsi kireytt\u00e4 ja p\u00e4\u00e4tti j\u00e4tt\u00e4\u00e4 kilpailun v\u00e4liin, jos tunne ei hellitt\u00e4isi.<\/p>\n<p class=\"paragraph\">\u2013 Tunsin vamman my\u00f6s Z\u00fcrichiss\u00e4 viikko ja halusin lopettaa kilpailemisen, mutta kaikki sujui niin hyvin, ett\u00e4 jatkoin silti \u2013 vaikka tunne ei ollutkaan miellytt\u00e4v\u00e4, Duplantis ilmoitti.<\/p>\n<p>Miten huippukisan k\u00e4y?<\/p>\n<p class=\"paragraph\">Duplantis sanoi uutistoimisto Reutersille, ettei ole viel\u00e4 varma ensi viikolla Budapestissa kilpailtavan Ultimate Championship -tapahtuman kohtalosta.<\/p>\n<p class=\"paragraph\">\u2013 On pahinta vet\u00e4yty\u00e4 kilpailusta. P\u00e4\u00e4ni on sekaisin, mutta t\u00e4llaista urheilijan el\u00e4m\u00e4 on. Yrit\u00e4n pysy\u00e4 rauhallisena ja my\u00f6nteisen\u00e4.<\/p>\n<p class=\"paragraph\">Vuosina 2024\u201325 kaikki kilpailunsa voittanut Duplantis on t\u00e4ll\u00e4 kaudella ottanut siipeens\u00e4. Kes\u00e4kuun alussa Tukholman Timanttiliigassa mies j\u00e4i kakkoseksi (580 senttimetri\u00e4), kun Australian <strong>Kurtis Marschall<\/strong> voitti (590).<\/p>\n<p class=\"paragraph\">Lontoon Timanttiliigassa hein\u00e4kuun puoliv\u00e4liss\u00e4, kun nivunen ensimm\u00e4isen kerran oireili, Duplantis j\u00e4i my\u00f6s toiseksi. USA:n <strong>Sam Kendricks<\/strong> voitti samalla tuloksella mutta paremmalla p\u00f6yt\u00e4kirjalla (595).<\/p>\n","protected":false},"excerpt":{"rendered":"Seiv\u00e4shypyn suurmies ei kilpaillut lainkaan Timanttiliigan finaalissa. Armand Duplantis ei kilpaillut Timanttiliigan finaalissa. AOP Seiv\u00e4shypyn suurmies Armand Duplantis&hellip;\n","protected":false},"author":2,"featured_media":341718,"comment_status":"","ping_status":"","sticky":false,"template":"","format":"standard","meta":{"footnotes":"","_share_on_mastodon":"0"},"categories":[5],"tags":[35,722,22,23,26,27,33,31,30,17,24,25,41,28,29,15,18,21,32,167,19,20,161,16,162],"class_list":["post-341717","post","type-post","status-publish","format-standard","has-post-thumbnail","category-otsikot","tag-24h","tag-amerikka","tag-breaking-news","tag-breakingnews","tag-featured-news","tag-featurednews","tag-fi","tag-finland","tag-finnish","tag-headlines","tag-latest-news","tag-latestnews","tag-liikunta-ja-urheilu","tag-main-news","tag-mainnews","tag-news","tag-otsikot","tag-paauutiset","tag-suomi","tag-terveys","tag-top-stories","tag-topstories","tag-urheilutapahtumat","tag-uutiset","tag-yleisurheilu"],"share_on_mastodon":{"url":"https:\/\/pubeurope.com\/@fi\/117215519845140595","error":""},"_links":{"self":[{"href":"https:\/\/www.europesays.com\/fi\/wp-json\/wp\/v2\/posts\/341717","targetHints":{"allow":["GET"]}}],"collection":[{"href":"https:\/\/www.europesays.com\/fi\/wp-json\/wp\/v2\/posts"}],"about":[{"href":"https:\/\/www.europesays.com\/fi\/wp-json\/wp\/v2\/types\/post"}],"author":[{"embeddable":true,"href":"https:\/\/www.europesays.com\/fi\/wp-json\/wp\/v2\/users\/2"}],"replies":[{"embeddable":true,"href":"https:\/\/www.europesays.com\/fi\/wp-json\/wp\/v2\/comments?post=341717"}],"version-history":[{"count":0,"href":"https:\/\/www.europesays.com\/fi\/wp-json\/wp\/v2\/posts\/341717\/revisions"}],"wp:featuredmedia":[{"embeddable":true,"href":"https:\/\/www.europesays.com\/fi\/wp-json\/wp\/v2\/media\/341718"}],"wp:attachment":[{"href":"https:\/\/www.europesays.com\/fi\/wp-json\/wp\/v2\/media?parent=341717"}],"wp:term":[{"taxonomy":"category","embeddable":true,"href":"https:\/\/www.europesays.com\/fi\/wp-json\/wp\/v2\/categories?post=341717"},{"taxonomy":"post_tag","embeddable":true,"href":"https:\/\/www.europesays.com\/fi\/wp-json\/wp\/v2\/tags?post=341717"}],"curies":[{"name":"wp","href":"https:\/\/api.w.org\/{rel}","templated":true}]}}