{"id":341729,"date":"2026-09-05T00:32:19","date_gmt":"2026-09-05T00:32:19","guid":{"rendered":"https:\/\/www.europesays.com\/fi\/341729\/"},"modified":"2026-09-05T00:32:19","modified_gmt":"2026-09-05T00:32:19","slug":"60-vuotias-mies-loytyi-kuolleena-kotoaan-riihimaella-poliisilla-synkin-mahdollinen-epaily","status":"publish","type":"post","link":"https:\/\/www.europesays.com\/fi\/341729\/","title":{"rendered":"60-vuotias mies l\u00f6ytyi kuolleena kotoaan Riihim\u00e4ell\u00e4 \u2013 Poliisilla synkin mahdollinen ep\u00e4ily"},"content":{"rendered":"<p>Ep\u00e4ilty henkirikos tapahtui uhrin kotona, Riihim\u00e4en Peltosaaressa sijaitsevassa kerrostaloasunnossa.<\/p>\n<p><a href=\"https:\/\/www.iltalehti.fi\/kirjoittajat\/Eevi Karvinen\" rel=\"nofollow noopener\" target=\"_blank\"><img decoding=\"async\" class=\"author-image-img\" alt=\"Tekij\u00e4n kuva\" src=\"https:\/\/www.europesays.com\/fi\/wp-content\/uploads\/2026\/09\/7b5c4ae1a58bb6e5c651235d5f74113dfe89fc326d25b2dc8743da22b808b858.png\"\/><\/a><a href=\"https:\/\/www.iltalehti.fi\/kirjoittajat\/Janne Niiranen\" rel=\"nofollow noopener\" target=\"_blank\"><img decoding=\"async\" class=\"author-image-img\" alt=\"Tekij\u00e4n kuva\" src=\"https:\/\/www.europesays.com\/fi\/wp-content\/uploads\/2026\/09\/ac3bf3b09f4da34b2072e01a650031415191bd9811df035031a0b557e67cafb5.png\"\/><\/a><\/p>\n<p>Eilen klo 11:40 (p\u00e4ivitetty eilen klo 18:22)<\/p>\n<p class=\"paragraph\">H\u00e4meen poliisi tutkii Riihim\u00e4ell\u00e4 tapahtunutta henkirikosta murhana.<\/p>\n<p class=\"paragraph\">Iltalehden tietojen mukaan torstaisessa v\u00e4kivallanteossa sai surmansa paikallinen 60-vuotias mies.<\/p>\n<p class=\"paragraph\">IL:n tietojen mukaan mies kuoli puukotuksen uhrina omassa kodissaan, Riihim\u00e4en Peltosaaressa sijaitsevassa kerrostaloasunnossa.<\/p>\n<p class=\"paragraph\">Poliisi ei ole kommentoinut tapausta juuri lainkaan.<\/p>\n<p class=\"paragraph\">H\u00e4meen poliisi vahvisti Iltalehdelle tuoreeltaan, ett\u00e4 kerrostaloasunnosta on l\u00f6ytynyt eloton ihminen. Poliisi oli kirjannut rikosilmoituksen nimikkeell\u00e4 tappo.<\/p>\n<p class=\"paragraph\">Tutkinnanjohtaja, rikoskomisario <strong>Marko M\u00e4kinen<\/strong> vahvistaa Iltalehdelle perjantaina aamup\u00e4iv\u00e4ll\u00e4, ett\u00e4 nimike on koventunut murhaksi.<\/p>\n<p class=\"paragraph\">Uusi rikosnimike viittaa siihen, ett\u00e4 henkirikos on tehty vakaasti harkiten tai erityisen raa\u2019alla tai julmalla tavalla.<\/p>\n<p class=\"paragraph\">M\u00e4kinen ei ota asiaan kantaa vedoten siihen, ett\u00e4 esitutkinta on vasta alkuvaiheessa.<\/p>\n<p><img decoding=\"async\" class=\"image image-show image-preview\" src=\"https:\/\/www.europesays.com\/fi\/wp-content\/uploads\/2026\/09\/ec6970b6028f038c5b2697a9c342bc94072e082dee7ce4ba02b2883047ca6ae1.jpg\" alt=\"\"\/><img decoding=\"async\" class=\"image image-show\" src=\"https:\/\/www.europesays.com\/fi\/wp-content\/uploads\/2026\/09\/1788568339_881_ec6970b6028f038c5b2697a9c342bc94072e082dee7ce4ba02b2883047ca6ae1.jpg\" alt=\"\"\/><\/p>\n<p>Poliisin nauhat asunnon ovella kertoivat synk\u00e4st\u00e4 tapahtumasta Riihim\u00e4en Peltosaaressa. Tomi Natri<\/p>\n<p class=\"paragraph\">Iltalehden kuvaaja vieraili tapahtumapaikalla torstaina iltap\u00e4iv\u00e4ll\u00e4.<\/p>\n<p class=\"paragraph\">Poliisit olivat yh\u00e4 paikalla lopettelemassa tutkintatoimia.<\/p>\n<p class=\"paragraph\">Synkist\u00e4 tapahtumista muistutti uhrin kotioveen kiinnitetty eristysnauha.<\/p>\n","protected":false},"excerpt":{"rendered":"Ep\u00e4ilty henkirikos tapahtui uhrin kotona, Riihim\u00e4en Peltosaaressa sijaitsevassa kerrostaloasunnossa. Eilen klo 11:40 (p\u00e4ivitetty eilen klo 18:22) H\u00e4meen poliisi&hellip;\n","protected":false},"author":2,"featured_media":341730,"comment_status":"","ping_status":"","sticky":false,"template":"","format":"standard","meta":{"footnotes":"","_share_on_mastodon":"0"},"categories":[12],"tags":[35,36,542,22,23,26,27,33,31,30,17,24,25,28,29,15,18,21,122,54,52,32,19,20,16],"class_list":["post-341729","post","type-post","status-publish","format-standard","has-post-thumbnail","category-suomi","tag-24h","tag-asuintalot-ja-asunnot","tag-asuminen","tag-breaking-news","tag-breakingnews","tag-featured-news","tag-featurednews","tag-fi","tag-finland","tag-finnish","tag-headlines","tag-latest-news","tag-latestnews","tag-main-news","tag-mainnews","tag-news","tag-otsikot","tag-paauutiset","tag-pelastaminen","tag-pelastuspalvelut","tag-poliisi","tag-suomi","tag-top-stories","tag-topstories","tag-uutiset"],"share_on_mastodon":{"url":"https:\/\/pubeurope.com\/@fi\/117215622332179275","error":""},"_links":{"self":[{"href":"https:\/\/www.europesays.com\/fi\/wp-json\/wp\/v2\/posts\/341729","targetHints":{"allow":["GET"]}}],"collection":[{"href":"https:\/\/www.europesays.com\/fi\/wp-json\/wp\/v2\/posts"}],"about":[{"href":"https:\/\/www.europesays.com\/fi\/wp-json\/wp\/v2\/types\/post"}],"author":[{"embeddable":true,"href":"https:\/\/www.europesays.com\/fi\/wp-json\/wp\/v2\/users\/2"}],"replies":[{"embeddable":true,"href":"https:\/\/www.europesays.com\/fi\/wp-json\/wp\/v2\/comments?post=341729"}],"version-history":[{"count":0,"href":"https:\/\/www.europesays.com\/fi\/wp-json\/wp\/v2\/posts\/341729\/revisions"}],"wp:featuredmedia":[{"embeddable":true,"href":"https:\/\/www.europesays.com\/fi\/wp-json\/wp\/v2\/media\/341730"}],"wp:attachment":[{"href":"https:\/\/www.europesays.com\/fi\/wp-json\/wp\/v2\/media?parent=341729"}],"wp:term":[{"taxonomy":"category","embeddable":true,"href":"https:\/\/www.europesays.com\/fi\/wp-json\/wp\/v2\/categories?post=341729"},{"taxonomy":"post_tag","embeddable":true,"href":"https:\/\/www.europesays.com\/fi\/wp-json\/wp\/v2\/tags?post=341729"}],"curies":[{"name":"wp","href":"https:\/\/api.w.org\/{rel}","templated":true}]}}