{"id":341751,"date":"2026-09-05T01:22:32","date_gmt":"2026-09-05T01:22:32","guid":{"rendered":"https:\/\/www.europesays.com\/fi\/341751\/"},"modified":"2026-09-05T01:22:32","modified_gmt":"2026-09-05T01:22:32","slug":"missa-viipyvat-metsateollisuuden-uudet-tuotteet-suomeen-on-noussut-yksi-biopolttoainetehdas-ja-moni-hanke-on-kaatunut-talous","status":"publish","type":"post","link":"https:\/\/www.europesays.com\/fi\/341751\/","title":{"rendered":"Miss\u00e4 viipyv\u00e4t mets\u00e4\u00adteollisuuden uudet tuotteet? Suomeen on noussut yksi bio\u00adpolttoainetehdas ja moni hanke on kaatunut | Talous"},"content":{"rendered":"<ul class=\"aw__sc-1yb43iq-0 gFXHv yle__article__list yle__article__list--ul\">\n<li class=\"aw__sc-1yb43iq-1 gVAzbt\">Uusien tuotteiden on odotettu nostavan mets\u00e4teollisuus kukoistukseen. Tuloksia on syntynyt kuitenkin v\u00e4h\u00e4n.<\/li>\n<li class=\"aw__sc-1yb43iq-1 gVAzbt\">Uusien tuotteiden merkitys alan liikevaihtoon on yh\u00e4 hyvin pieni.<\/li>\n<li class=\"aw__sc-1yb43iq-1 gVAzbt\">Suomeen on noussut vasta yksi yh\u00e4 toimiva iso tehdas.<\/li>\n<\/ul>\n<p class=\"aw__sc-1qwuw0s-0 aw__sc-ngllmo-0 epAWpq fzYpjk yle__article__paragraph\">Uusien ennenn\u00e4kem\u00e4tt\u00f6mien tuotteiden piti nostaa Suomen mets\u00e4teollisuus uuteen kukoistukseen. Puusta saa tehty\u00e4 h\u00e4kellytt\u00e4v\u00e4n m\u00e4\u00e4r\u00e4n etenkin \u00f6ljytuotteita korvaavia tuotteita.<\/p>\n<p class=\"aw__sc-1qwuw0s-0 aw__sc-ngllmo-0 epAWpq fzYpjk yle__article__paragraph\">Alalla on yritetty paljon, mutta tulosta on syntynyt vasta v\u00e4h\u00e4n.<\/p>\n<p class=\"aw__sc-1qwuw0s-0 aw__sc-ngllmo-0 epAWpq fzYpjk yle__article__paragraph\">\u2013 Uusien tuotteiden merkitys alan liikevaihtoon on l\u00e4hes mit\u00e4t\u00f6n, mets\u00e4teollisuuden tutkija <strong class=\"aw__sc-ngllmo-2 gdRrun yle__article__strong\">Jakob Donner-Amnell<\/strong> kuvaa tilannetta. Donner-Amnell on tutkinut mets\u00e4teollisuutta 30 vuotta ja ty\u00f6skentelee It\u00e4-Suomen yliopistossa Joensuussa.<\/p>\n<p class=\"aw__sc-1qwuw0s-0 aw__sc-ngllmo-0 epAWpq fzYpjk yle__article__paragraph\">Odotukset ovat olleet suuret pian 20 vuotta.<\/p>\n<p class=\"aw__sc-1qwuw0s-0 aw__sc-ngllmo-0 epAWpq fzYpjk yle__article__paragraph\">Listasimme t\u00e4h\u00e4n juttuun n\u00e4ytt\u00e4vimm\u00e4t hankkeet kolmelta suurelta suomalaiselta mets\u00e4teollisuuyritykselt\u00e4 eli Mets\u00e4 Groupilta, UPM:lt\u00e4 ja Stora Ensolta.<\/p>\n<p class=\"aw__sc-1qwuw0s-0 aw__sc-ngllmo-0 epAWpq fzYpjk yle__article__paragraph\">Listaus kertoo, ett\u00e4 Suomeen on noussut vasta yksi toimiva uusien tuotteiden tehdas. Osa hankkeista on kuopattu. Yksi tehdas on k\u00e4ynnistym\u00e4ss\u00e4 Suomen sijaan Saksassa.<\/p>\n<p class=\"aw__sc-1qwuw0s-0 aw__sc-ngllmo-0 epAWpq fzYpjk yle__article__paragraph\">Alan t\u00e4m\u00e4n hetkisen ahdingon n\u00e4kee mets\u00e4teollisuusyhti\u00f6iden arvostuksessa ja osakkeiden hinnoissa. P\u00f6rssikurssit ovat tulleet alas kolmanneksen, jopa kaksi kolmannesta edellisen viiden vuoden aikana. Samaan aikaan Helsingin p\u00f6rssiss\u00e4 on n\u00e4hty jykev\u00e4 p\u00f6rssikurssien yl\u00e4m\u00e4ki muissa teollisuusyrityksiss\u00e4.<\/p>\n<p>1. Tekstiilikuitutehdas Kemiin &#8211; ei kannata<img decoding=\"async\" alt=\"P\u00f6yd\u00e4ll\u00e4 on sininen farkkutakki ja sen vieress\u00e4 ker\u00e4 ohutta valkoista lankaa sek\u00e4 pieni laatikko, jossa on valkoista pehme\u00e4\u00e4 kuitua. Henkil\u00f6n k\u00e4det pitelev\u00e4t takkia.\" src=\"https:\/\/www.europesays.com\/fi\/wp-content\/uploads\/2026\/09\/1787736049.png\" loading=\"lazy\" class=\"aw__sc-dklauk-0 LPzKX\"\/><\/p>\n<p>Avaa kuvien katselu<\/p>\n<p>Koetehdaan kuidusta on valmistettu ensin lankaa, sitten kangasta ja lopulta takki. Kuva: Seppo Samuli \/ Yle, kuvank\u00e4sittely: Eetu Pietarinen \/ Yle<\/p>\n<p class=\"aw__sc-1qwuw0s-0 aw__sc-ngllmo-0 epAWpq fzYpjk yle__article__paragraph\">Viel\u00e4 syksyll\u00e4 2025 n\u00e4ytti lupaavalta.<\/p>\n<p class=\"aw__sc-1qwuw0s-0 aw__sc-ngllmo-0 epAWpq fzYpjk yle__article__paragraph\">Mets\u00e4 Groupin kertoi, ett\u00e4 se suunnittelee rakentavansa 400 miljoonalla eurolla tekstiilikuitutehtaan Kemiin. P\u00e4\u00e4johtaja <strong class=\"aw__sc-ngllmo-2 gdRrun yle__article__strong\">Ilkka H\u00e4m\u00e4l\u00e4<\/strong> piti asiaa todenn\u00e4k\u00f6isen\u00e4.<\/p>\n<p class=\"aw__sc-1qwuw0s-0 aw__sc-ngllmo-0 epAWpq fzYpjk yle__article__paragraph\">\u00c4\u00e4nekoskella Keski-Suomessa oli toiminut jo monta vuotta koetehdas, joka jalosti sellusta kuitua vaateteollisuutta varten. Japanilainen kumppaniyritys valmistutti kuidusta lankaa, josta saattoi tehd\u00e4 vaikkapa takkeja.<\/p>\n<p class=\"aw__sc-1qwuw0s-0 aw__sc-ngllmo-0 epAWpq fzYpjk yle__article__paragraph\">Nyt elokuussa suunnitelmat muuttuivat. Hankkeesta vastannut <strong class=\"aw__sc-ngllmo-2 gdRrun yle__article__strong\">Niklas von Weymarn<\/strong> kertoi, ett\u00e4 Kemiin ei nousekaan uutta tehdasta. Weymarn johtaa Mets\u00e4 Groupin innovaatioyhti\u00f6t\u00e4 Mets\u00e4 Springi\u00e4.<\/p>\n<p class=\"aw__sc-1qwuw0s-0 aw__sc-ngllmo-0 epAWpq fzYpjk yle__article__paragraph\">Aasia p\u00e4\u00e4si yll\u00e4tt\u00e4m\u00e4\u00e4n.<\/p>\n<p class=\"aw__sc-1qwuw0s-0 aw__sc-ngllmo-0 epAWpq fzYpjk yle__article__paragraph\">\u2013 Ihan viimeisten vuosien aikana Aasiaan on rakennettu niin paljon uutta kapasiteettia, ett\u00e4 puupohjaisen kuidun kysynt\u00e4 ei pysy per\u00e4ss\u00e4, Weymarn kertoo videohaastattelussa.<\/p>\n<p class=\"aw__sc-1qwuw0s-0 aw__sc-ngllmo-0 epAWpq fzYpjk yle__article__paragraph\">Tarjontaa on siis liikaa ja kuidun hinta laskee.<\/p>\n<p class=\"aw__sc-1qwuw0s-0 aw__sc-ngllmo-0 epAWpq fzYpjk yle__article__paragraph\">Kiina, mutta my\u00f6s Intia ja Thaimaa valmistavat puusta liukosellua ja siit\u00e4 Lyocell-nimist\u00e4 kuitua.<\/p>\n<p class=\"aw__sc-1qwuw0s-0 aw__sc-ngllmo-0 epAWpq fzYpjk yle__article__paragraph\">Kemin tehdas ei olisi en\u00e4\u00e4 kannattava. Se ei pysty kilpailemaan halvan Aasian kuidun kanssa.<\/p>\n<p><img decoding=\"async\" alt=\"Tekstiilikuitukoetehtaan MI Demon toimitusjohtaja Heli Kuorikoski tutkailee tehtaan tuottamaa pumpulinomaista kuitua.\" src=\"https:\/\/www.europesays.com\/fi\/wp-content\/uploads\/2026\/09\/1693311614.jpeg\" loading=\"lazy\" class=\"aw__sc-dklauk-0 LPzKX\"\/><\/p>\n<p>Avaa kuvien katselu<\/p>\n<p>Toimitusjohtaja Heli Kuorikoski ihaili paaleja, joihin on pakattu koetehtaan tekstiilikuitua. Kuorikoski vastasi koetehtaan py\u00f6ritt\u00e4misest\u00e4 \u00c4\u00e4nekoskella. Kuva: Jarkko Riikonen \/ Yle2. Uimaharjun viskoosisellu \u2013 suljettu<img decoding=\"async\" alt=\"Uimaharjun sellutehtaan alue.\" src=\"https:\/\/www.europesays.com\/fi\/wp-content\/uploads\/2026\/09\/1787741383.png\" loading=\"lazy\" class=\"aw__sc-dklauk-0 LPzKX\"\/><\/p>\n<p>Avaa kuvien katselu<\/p>\n<p>Kuva: Pyry Sarkiola \/ Yle, kuvank\u00e4sittely: Eetu Pietarinen \/ Yle<\/p>\n<p class=\"aw__sc-1qwuw0s-0 aw__sc-ngllmo-0 epAWpq fzYpjk yle__article__paragraph\">Vaateteollisuuden palveleminen on tuottanut pettymyksen my\u00f6s toiselle alan yrityksist\u00e4.<\/p>\n<p class=\"aw__sc-1qwuw0s-0 aw__sc-ngllmo-0 epAWpq fzYpjk yle__article__paragraph\">Joensuun Uimaharjusta, Stora Enson tehtaalta, l\u00e4hti Aasian tekstiiliteollisuudelle liukosellua kymmenen vuoden ajan.<\/p>\n<p class=\"aw__sc-1qwuw0s-0 aw__sc-ngllmo-0 epAWpq fzYpjk yle__article__paragraph\">Liukosellusta valmistettiin Kiinassa ja muissa Aasian maissa tekstiilikuitua viskoosikankaisiin.<\/p>\n<p class=\"aw__sc-1qwuw0s-0 aw__sc-ngllmo-0 epAWpq fzYpjk yle__article__paragraph\">Vuonna 2022 liukosellun tekeminen loppui.<\/p>\n<p class=\"aw__sc-1qwuw0s-0 aw__sc-ngllmo-0 epAWpq fzYpjk yle__article__paragraph\">\u2013 Meid\u00e4n t\u00e4ytyy pohtia aina, miss\u00e4 tuotteissa meill\u00e4 on kilpailuetua, uusien tuotteiden liiketoiminnasta vastaava <strong class=\"aw__sc-ngllmo-2 gdRrun yle__article__strong\">Juuso Konttinen<\/strong> perustelee tuotannon lopettamista ep\u00e4suorasti.<\/p>\n<p class=\"aw__sc-1qwuw0s-0 aw__sc-ngllmo-0 epAWpq fzYpjk yle__article__paragraph\">Toisin sanoen, aasialaiset valmistavat itse edullisempaa liukosellua.<\/p>\n<p class=\"aw__sc-1qwuw0s-0 aw__sc-ngllmo-0 epAWpq fzYpjk yle__article__paragraph\">Liukosellun tuotantoon liittyi my\u00f6s muita ongelmia. Viskoosin valmistamiseen k\u00e4ytet\u00e4\u00e4n ensinn\u00e4kin myrkyllisi\u00e4 kemikaaleja. Toiseksi liukosellusta valmistettiin viskoosia Kiinan uiguurialueella. Oli vankka ep\u00e4ily, ett\u00e4 Stora Enson asiakkaan tehtaassa k\u00e4ytettiin hyv\u00e4ksi v\u00e4hemmist\u00f6kansaa.<\/p>\n<p class=\"aw__sc-1qwuw0s-0 aw__sc-ngllmo-0 epAWpq fzYpjk yle__article__paragraph\">Nyt Uimaharjun tehdas tuottaa muita selluvalmisteita, kuten valkaisematonta sellua s\u00e4hk\u00f6kaapeleiden erist\u00e4miseen.<\/p>\n<p>3. Akut ja patterit vasta kokeilussa<img decoding=\"async\" alt=\"kaksi l\u00e4pin\u00e4kyv\u00e4\u00e4 pulloa vierekk\u00e4in tasolla. Vaaleaa jauhetta sis\u00e4lt\u00e4v\u00e4ss\u00e4 pullossa lukee tuotemerkki Lineo. \" src=\"https:\/\/www.europesays.com\/fi\/wp-content\/uploads\/2026\/09\/1787740970.png\" loading=\"lazy\" class=\"aw__sc-dklauk-0 LPzKX\"\/><\/p>\n<p>Avaa kuvien katselu<\/p>\n<p> Kun puusta valmistetaan sellua, sivutuotteena irtoaa liima-ainetta ligniini\u00e4. Stora Enso opetteli jalostamaan siit\u00e4 akkuihin tarkoitettua  hiilimateriaalia. Kuva: Pyry Sarkiola \/ Yle, kuvank\u00e4sittely: Eetu Pietarinen \/ Yle<\/p>\n<p class=\"aw__sc-1qwuw0s-0 aw__sc-ngllmo-0 epAWpq fzYpjk yle__article__paragraph\">Puusta saa jalostettua jopa akkujen raaka-aineita.<\/p>\n<p class=\"aw__sc-1qwuw0s-0 aw__sc-ngllmo-0 epAWpq fzYpjk yle__article__paragraph\">Stora Enso rakensi viisi vuotta sitten <a class=\"aw__sc-ngllmo-1 bTDnwX yle__article__link\" href=\"https:\/\/yle.fi\/a\/3-12028681\" role=\"link\" rel=\"nofollow noopener\" target=\"_blank\">Kotkaan koelaitoksen<\/a>, joka tekee puusta jalostettua hiilimateriaalia. Se soveltuu s\u00e4hk\u00f6\u00e4 varastoivien akkujen ja patterien materiaaliksi.<\/p>\n<p class=\"aw__sc-1qwuw0s-0 aw__sc-ngllmo-0 epAWpq fzYpjk yle__article__paragraph\">Tehtaan piti jo laajentua, mutta toistaiseksi se on yh\u00e4 koelaitosasteella.<\/p>\n<p class=\"aw__sc-1qwuw0s-0 aw__sc-ngllmo-0 epAWpq fzYpjk yle__article__paragraph\">\u2013 Ollaan edelleen tyytyv\u00e4isi\u00e4 koelaitokseen ja odotetaan, ett\u00e4 l\u00e4hitulevaisuudessa p\u00e4\u00e4st\u00e4\u00e4n seuraavaan mittakaavaan, Juuso Konttinen kertoo.<\/p>\n<p class=\"aw__sc-1qwuw0s-0 aw__sc-ngllmo-0 epAWpq fzYpjk yle__article__paragraph\">Seuraava mittakaava tarkoittaisi isompaa ja tekniikaltaan valmiimpaa tehdasta.<\/p>\n<p class=\"aw__sc-1qwuw0s-0 aw__sc-ngllmo-0 epAWpq fzYpjk yle__article__paragraph\">Koelaitos valmistaa kovahiilt\u00e4 ligniinist\u00e4, jota irtoaa puusta sellunteon yhteydess\u00e4. Ligniini on puiden liima-ainetta ja sit\u00e4 irtoaa runsaasti.<\/p>\n<p>4. Biokemikaaleja tulossa muovipulloihin ja renkaisiin<img decoding=\"async\" alt=\"Kuvan vasemmassa laidassa biokemikaalien jalostulaitosta ulkoa p\u00e4in kuvattuna. Metalliset putket kiemurtelevbat ter\u00e4ksisten kerrosten ulkopuollella. Oikeassa laidassa seisoo henkil\u00f6, jonka takissa lukee UPM.\" src=\"https:\/\/www.europesays.com\/fi\/wp-content\/uploads\/2026\/09\/1787740964.png\" loading=\"lazy\" class=\"aw__sc-dklauk-0 LPzKX\"\/><\/p>\n<p>Avaa kuvien katselu<\/p>\n<p>Py\u00f6kist\u00e4 valmistuu Saksan Leunassa biokemikaaleja, jotka korvaavat fossiilisia kemikaaleja. Kuva syksylt\u00e4 2025. Kuva: Jens Schlueter \/ AFP, kuvank\u00e4sittely: Eetu Pietarinen \/ Yle<\/p>\n<p class=\"aw__sc-1qwuw0s-0 aw__sc-ngllmo-0 epAWpq fzYpjk yle__article__paragraph\">Saksan Leunassa tapahtuu jotain uraa uurtavaa.<\/p>\n<p class=\"aw__sc-1qwuw0s-0 aw__sc-ngllmo-0 epAWpq fzYpjk yle__article__paragraph\">UPM on rakentanut sinne yli miljardilla eurolla tehtaan, jossa tuotetaan suoraan puusta kemikaaleja. Uudet tuotteet syntyv\u00e4t siis ilman sellutehdasta.<\/p>\n<p class=\"aw__sc-1qwuw0s-0 aw__sc-ngllmo-0 epAWpq fzYpjk yle__article__paragraph\">Tehdas valmistaa kemikaaleja muulle teollisuudelle. Niit\u00e4 voidaan k\u00e4ytt\u00e4\u00e4 esimerkiksi muovipulloissa, autonrenkaissa ja tekstiileiss\u00e4.<\/p>\n<p class=\"aw__sc-1qwuw0s-0 aw__sc-ngllmo-0 epAWpq fzYpjk yle__article__paragraph\">\u2013 T\u00e4ss\u00e4 on tavallaan asiakkaiden kysynt\u00e4 kest\u00e4v\u00e4mmille tuotteille draiverina, yhteiskuntasuhdejohtaja <strong class=\"aw__sc-ngllmo-2 gdRrun yle__article__strong\">Stefan Sundman<\/strong> sanoo.<\/p>\n<p class=\"aw__sc-1qwuw0s-0 aw__sc-ngllmo-0 epAWpq fzYpjk yle__article__paragraph\">Paine v\u00e4hent\u00e4\u00e4 ilmastop\u00e4\u00e4st\u00f6j\u00e4 ja tehd\u00e4 tuotteista kierr\u00e4tett\u00e4v\u00e4mpi\u00e4 koskee kaikkia aloja. Biokemikaalitehtaan tuotteet korvaavat fossiilisia kemikaaleja.<\/p>\n<p class=\"aw__sc-1qwuw0s-0 aw__sc-ngllmo-0 epAWpq fzYpjk yle__article__paragraph\">Tehtaan rakentaminen ja k\u00e4ynnist\u00e4minen ei sujunut aivan kevyesti. Tehtaasta tuli kaksi kertaa kalliimpi kuin piti ja se on viel\u00e4kin k\u00e4ynnist\u00e4misvaiheessa.<\/p>\n<p>5. Pian lentokoneet lent\u00e4v\u00e4t puupolttoaineella<img decoding=\"async\" alt=\"UPM Biofuels biojalostamo Lappeenrannassa 7.8.2025.\" src=\"https:\/\/www.europesays.com\/fi\/wp-content\/uploads\/2026\/09\/1787741880.png\" loading=\"lazy\" class=\"aw__sc-dklauk-0 LPzKX\"\/><\/p>\n<p>Avaa kuvien katselu<\/p>\n<p>Lappeenrannan biojalostamon putkistoissa syntyy m\u00e4nty\u00f6ljyst\u00e4 polttoainetta.  Kuva: Mikko Savolainen \/ Yle, kuvank\u00e4sittely: Eetu Pietarinen \/ Yle<\/p>\n<p class=\"aw__sc-1qwuw0s-0 aw__sc-ngllmo-0 epAWpq fzYpjk yle__article__paragraph\">Merkitt\u00e4v\u00e4 uusien tuotteiden laitos nousi Lappeenrantaan 11 vuotta sitten. Se on toistaiseksi ainut toimiva selke\u00e4sti uusien tuotteiden tehdas Suomessa.<\/p>\n<p class=\"aw__sc-1qwuw0s-0 aw__sc-ngllmo-0 epAWpq fzYpjk yle__article__paragraph\">UPM rakensi sinne autojen polttoainetta valmistavan laitoksen. Polttoainetta valmistuu jalostamalla sellutehtaan sivutuotteena syntyv\u00e4\u00e4 m\u00e4nty\u00f6ljy\u00e4.<\/p>\n<p class=\"aw__sc-1qwuw0s-0 aw__sc-ngllmo-0 epAWpq fzYpjk yle__article__paragraph\">Biopolttoaine on kalliimpaa kuin fossiilisesta \u00f6ljyst\u00e4 tehty polttoaine.<\/p>\n<p class=\"aw__sc-1qwuw0s-0 aw__sc-ngllmo-0 epAWpq fzYpjk yle__article__paragraph\">Silti sit\u00e4 ostetaan.<\/p>\n<p class=\"aw__sc-1qwuw0s-0 aw__sc-ngllmo-0 epAWpq fzYpjk yle__article__paragraph\">EU:n laajuinen lains\u00e4\u00e4d\u00e4nt\u00f6 pakottaa sekoittamaan fossiiliseen bensaan ja dieseliin uusiutuvaa polttoainetta. Poliittiset p\u00e4\u00e4t\u00f6ksen ilmastonmuutoksen torjumiseksi siis loivat kysynt\u00e4\u00e4.<\/p>\n<p class=\"aw__sc-1qwuw0s-0 aw__sc-ngllmo-0 epAWpq fzYpjk yle__article__paragraph\">Yhteiskuntasuhdejohtaja <strong class=\"aw__sc-ngllmo-2 gdRrun yle__article__strong\">Stefan Sundman<\/strong> kertoo, ett\u00e4 Lappeenrannan tehdasta muunnetaan nyt uusille markkinoille sopivaksi.<\/p>\n<p class=\"aw__sc-1qwuw0s-0 aw__sc-ngllmo-0 epAWpq fzYpjk yle__article__paragraph\">\u2013 Meill\u00e4 on tahtotila valmistaa siell\u00e4 my\u00f6s uusiutuvia lentopolttoaineita.<\/p>\n<p class=\"aw__sc-1qwuw0s-0 aw__sc-ngllmo-0 epAWpq fzYpjk yle__article__paragraph\">EU:ssa lentopolttoaineisiin on pit\u00e4nyt sekoittaa uusiutuvaa polttoainetta t\u00e4m\u00e4n vuoden alusta.<\/p>\n<p class=\"aw__sc-1qwuw0s-0 aw__sc-ngllmo-0 epAWpq fzYpjk yle__article__paragraph\">Lappeenrannan polttoainetehdas on j\u00e4\u00e4nyt kuitenkin UPM:n ainokaiseksi alan tehtaaksi.<\/p>\n<p class=\"aw__sc-1qwuw0s-0 aw__sc-ngllmo-0 epAWpq fzYpjk yle__article__paragraph\">My\u00f6s Mets\u00e4 Group ja Stora Enso selvitteliv\u00e4t vastaavien tehtaiden pystytt\u00e4mist\u00e4. Hankkeet kuitenkin raukesivat.<\/p>\n<p class=\"aw__sc-1qwuw0s-0 aw__sc-ngllmo-0 epAWpq fzYpjk yle__article__paragraph\">\u2013 Biopolttonesteet pys\u00e4htyiv\u00e4t aikoinaan paljolti \u00f6ljynhinnan laskuun ja s\u00e4hk\u00f6isen liikenteen l\u00e4pimurtoon, tutkija Jakob Donner-Amnell sanoo.<\/p>\n<p class=\"aw__sc-1qwuw0s-0 aw__sc-ngllmo-0 epAWpq fzYpjk yle__article__paragraph\">Suuri vaikutus on ollut kuitenkin poliittisilla p\u00e4\u00e4t\u00f6ksill\u00e4. Vaatimukset lis\u00e4t\u00e4 uusiutuvan polttoaineen k\u00e4ytt\u00f6\u00e4 ovat h\u00f6llentyneet Suomessa ja Ruotsissa mutta my\u00f6s koko EU:ssa.<\/p>\n<p>6. Polttoainetta piti tehd\u00e4 my\u00f6s Rotterdamissa<img decoding=\"async\" alt=\"Rahtilaivoja seisoo satamassa lastauslaitteiden lomassa. Etualalla merta.\" src=\"https:\/\/www.europesays.com\/fi\/wp-content\/uploads\/2026\/09\/1788571351_384_1787741383.png\" loading=\"lazy\" class=\"aw__sc-dklauk-0 LPzKX\"\/><\/p>\n<p>Avaa kuvien katselu<\/p>\n<p>Kuva: Heikki Saukkomaa \/ Lehtikuva, kuvank\u00e4sittely: Eetu Pietarinen \/ Yle<\/p>\n<p class=\"aw__sc-1qwuw0s-0 aw__sc-ngllmo-0 epAWpq fzYpjk yle__article__paragraph\">Kev\u00e4\u00e4ll\u00e4 2025 UPM nosti k\u00e4tens\u00e4 pystyyn. Hollannin Rotterdamiin <a class=\"aw__sc-ngllmo-1 bTDnwX yle__article__link\" href=\"https:\/\/yle.fi\/a\/74-20164289\" role=\"link\" rel=\"nofollow noopener\" target=\"_blank\">ei nousekaan<\/a> biopolttoainetehdasta. Se olisi l\u00e4hes nelinkertaistanut yhti\u00f6n biopolttoaineiden tuotannon.<\/p>\n<p class=\"aw__sc-1qwuw0s-0 aw__sc-ngllmo-0 epAWpq fzYpjk yle__article__paragraph\">Rakennuskustannukset nousivat ja markkinat muuttuivat monella tavalla.<\/p>\n<p class=\"aw__sc-1qwuw0s-0 aw__sc-ngllmo-0 epAWpq fzYpjk yle__article__paragraph\">Valtiot ryhtyiv\u00e4t h\u00f6llent\u00e4m\u00e4\u00e4n vaatimuksiaan velvoitteesta sekoittaa uusiutuvaa fossiilisen polttoaineen joukkoon. Tuotteen hinta halpeni, kun erilaiset kilpailijat ryhtyiv\u00e4t valmistamaan vastaavaa tuotetta.<\/p>\n<p>7. Muovipakkauksen kilpailija \u2013 tehdas nousee<img decoding=\"async\" alt=\"Valkoisia kuitupakkauksia, joiden pahvisineteiss\u00e4 lukee Muoto.\" src=\"https:\/\/www.europesays.com\/fi\/wp-content\/uploads\/2026\/09\/1787740956.png\" loading=\"lazy\" class=\"aw__sc-dklauk-0 LPzKX\"\/><\/p>\n<p>Avaa kuvien katselu<\/p>\n<p>Kuva: Soila Ojanen \/ Yle, kuvank\u00e4sittely: Eetu Pietarinen \/ Yle<\/p>\n<p class=\"aw__sc-1qwuw0s-0 aw__sc-ngllmo-0 epAWpq fzYpjk yle__article__paragraph\">Jos Kemiin ei nousekaan Mets\u00e4 Groupin uutta tehdasta, \u00c4\u00e4nekoskelle Keski-Suomeen nousee.<\/p>\n<p class=\"aw__sc-1qwuw0s-0 aw__sc-ngllmo-0 epAWpq fzYpjk yle__article__paragraph\">Se puristaa maailmaan pian kovaa tahtia sellusta jalostettuja astioita. Ne ovat kertak\u00e4ytt\u00f6isi\u00e4 pakkauksia ruokakauppoihin ja -teollisuuteen.<\/p>\n<p class=\"aw__sc-1qwuw0s-0 aw__sc-ngllmo-0 epAWpq fzYpjk yle__article__paragraph\">Elintarvikepakkausten markkinat toimivat toisin kuin tekstiilikuitukauppa.<\/p>\n<p class=\"aw__sc-1qwuw0s-0 aw__sc-ngllmo-0 epAWpq fzYpjk yle__article__paragraph\">\u2013 N\u00e4it\u00e4 muotoon puristettuja elintarvikepakkaustuotteita myyd\u00e4\u00e4n EU-markkinalle, Niklas von Weymarn kertoo.<\/p>\n<p class=\"aw__sc-1qwuw0s-0 aw__sc-ngllmo-0 epAWpq fzYpjk yle__article__paragraph\">Asiakkailla on painetta v\u00e4hent\u00e4\u00e4 ilmastop\u00e4\u00e4st\u00f6j\u00e4\u00e4n. Poliittinen s\u00e4\u00e4ntely EU-alueella on luonut markkinoita puupohjaiselle uusiutuvalle pakkaukselle.<\/p>\n<p class=\"aw__sc-1qwuw0s-0 aw__sc-ngllmo-0 epAWpq fzYpjk yle__article__paragraph\">Kilpailu asiakkaista on kovaa.<\/p>\n<p class=\"aw__sc-1qwuw0s-0 aw__sc-ngllmo-0 epAWpq fzYpjk yle__article__paragraph\">\u2013 Me pyrit\u00e4\u00e4n kilpailemaan muovituotteita vastaan, ja muovituotteiden hintatasohan on laskenut hyvin alas.<\/p>\n<p class=\"aw__sc-1qwuw0s-0 aw__sc-ngllmo-0 epAWpq fzYpjk yle__article__paragraph\">Uusi tuotantolinja nousee \u00c4\u00e4nekoskella toimivan koetehtaan jatkeeksi.<\/p>\n<p>Sellu ja kartonki s\u00e4ilyv\u00e4t p\u00e4\u00e4tuotteina<\/p>\n<p class=\"aw__sc-1qwuw0s-0 aw__sc-ngllmo-0 epAWpq fzYpjk yle__article__paragraph\">Puusta tehd\u00e4\u00e4n yh\u00e4 iso osa Suomen vientituotteista. Tarkemmin ottaen 17 prosenttia.<\/p>\n<p class=\"aw__sc-1qwuw0s-0 aw__sc-ngllmo-0 epAWpq fzYpjk yle__article__paragraph\">Alla olevasta grafiikasta n\u00e4kee, ett\u00e4 arvokkaan paperin vienti on tippunut huippulukemista murto-osaan. Sit\u00e4 halvempaa sellua l\u00e4htee Suomesta aikaisempaa enemm\u00e4n. Paperivienti\u00e4 on korvannut kuitenkin kartonki.<\/p>\n<p class=\"aw__sc-1qwuw0s-0 aw__sc-ngllmo-0 epAWpq fzYpjk yle__article__paragraph\">Uusille tuotteille ei ole omaa tilastoa &#8211; ainakaan viel\u00e4.<\/p>\n<p class=\"aw__sc-1qwuw0s-0 aw__sc-ngllmo-0 epAWpq fzYpjk yle__article__paragraph\">\u2013 Kyll\u00e4 realismia on, ett\u00e4 viel\u00e4 kymmenen vuoden kuluttua suomalaisen mets\u00e4teollisuuden p\u00e4\u00e4tuotteet ovat samat kuin nyt, toimitusjohtaja Niklas von Weymarn Mets\u00e4 Springilt\u00e4 toteaa lakonisesti.<\/p>\n<p class=\"aw__sc-1qwuw0s-0 aw__sc-ngllmo-0 epAWpq fzYpjk yle__article__paragraph\">Weymarnin johtama Mets\u00e4 Spring on Mets\u00e4 Groupiin kuuluva uusia tuotteita kehitt\u00e4v\u00e4 yhti\u00f6. H\u00e4nen vastuullaan on siis etsi\u00e4 uusia sellua kalliimpia tuotteita yritykselle.<\/p>\n<p class=\"aw__sc-1qwuw0s-0 aw__sc-ngllmo-0 epAWpq fzYpjk yle__article__paragraph\">Toisaalta Stora Enson Juuso Konttinen on vakuuttunut, ett\u00e4 kymmenen vuoden kuluttua mets\u00e4teollisuus tekee my\u00f6s lukuisia uusia tuotteita.<\/p>\n<p class=\"aw__sc-1qwuw0s-0 aw__sc-ngllmo-0 epAWpq fzYpjk yle__article__paragraph\">\u2013 On ihan varmasti uusia kartonki- ja sellutuotteita, uusia tuotteita sellutehtaiden sivuvirroista, akkumateriaaleja, uusia kuitutuotteita, biokemikaaleja.<\/p>\n<p class=\"aw__sc-1qwuw0s-0 aw__sc-ngllmo-0 epAWpq fzYpjk yle__article__paragraph\">Stora Enso valmistaa listamme ulkopuolella koetehtaassa Ruotsissa esimerkiksi pakkausvaahtoa. Se jalostetaan sellusta ja korvaa esimerkiksi fossiilista styroksia.<\/p>\n<p class=\"aw__sc-1qwuw0s-0 aw__sc-ngllmo-0 epAWpq fzYpjk yle__article__paragraph\">Mets\u00e4 Group taas suunnittelee esimerkiksi ottavansa talteen hiilidioksidia muun teollisuuden raaka-aineeksi.<\/p>\n<p class=\"aw__sc-1qwuw0s-0 aw__sc-ngllmo-0 epAWpq fzYpjk yle__article__paragraph\">Yrityst\u00e4 riitt\u00e4\u00e4 ja lista onnistuneista ja ep\u00e4onnistuneista tuotteista kasvaa.<\/p>\n","protected":false},"excerpt":{"rendered":"Uusien tuotteiden on odotettu nostavan mets\u00e4teollisuus kukoistukseen. Tuloksia on syntynyt kuitenkin v\u00e4h\u00e4n. Uusien tuotteiden merkitys alan liikevaihtoon on&hellip;\n","protected":false},"author":2,"featured_media":341752,"comment_status":"","ping_status":"","sticky":false,"template":"","format":"standard","meta":{"footnotes":"","_share_on_mastodon":"0"},"categories":[76],"tags":[2733,79,77,33,31,30,71,2256,25404,32,78,1053],"class_list":["post-341751","post","type-post","status-publish","format-standard","has-post-thumbnail","category-talous","tag-biopolttoaineet","tag-business","tag-economy","tag-fi","tag-finland","tag-finnish","tag-kotimaa","tag-metsa-ja-paperiteollisuus","tag-selluloosa","tag-suomi","tag-talous","tag-teollisuus"],"share_on_mastodon":{"url":"https:\/\/pubeurope.com\/@fi\/117215819192422333","error":""},"_links":{"self":[{"href":"https:\/\/www.europesays.com\/fi\/wp-json\/wp\/v2\/posts\/341751","targetHints":{"allow":["GET"]}}],"collection":[{"href":"https:\/\/www.europesays.com\/fi\/wp-json\/wp\/v2\/posts"}],"about":[{"href":"https:\/\/www.europesays.com\/fi\/wp-json\/wp\/v2\/types\/post"}],"author":[{"embeddable":true,"href":"https:\/\/www.europesays.com\/fi\/wp-json\/wp\/v2\/users\/2"}],"replies":[{"embeddable":true,"href":"https:\/\/www.europesays.com\/fi\/wp-json\/wp\/v2\/comments?post=341751"}],"version-history":[{"count":0,"href":"https:\/\/www.europesays.com\/fi\/wp-json\/wp\/v2\/posts\/341751\/revisions"}],"wp:featuredmedia":[{"embeddable":true,"href":"https:\/\/www.europesays.com\/fi\/wp-json\/wp\/v2\/media\/341752"}],"wp:attachment":[{"href":"https:\/\/www.europesays.com\/fi\/wp-json\/wp\/v2\/media?parent=341751"}],"wp:term":[{"taxonomy":"category","embeddable":true,"href":"https:\/\/www.europesays.com\/fi\/wp-json\/wp\/v2\/categories?post=341751"},{"taxonomy":"post_tag","embeddable":true,"href":"https:\/\/www.europesays.com\/fi\/wp-json\/wp\/v2\/tags?post=341751"}],"curies":[{"name":"wp","href":"https:\/\/api.w.org\/{rel}","templated":true}]}}