{"id":341753,"date":"2026-09-05T01:23:11","date_gmt":"2026-09-05T01:23:11","guid":{"rendered":"https:\/\/www.europesays.com\/fi\/341753\/"},"modified":"2026-09-05T01:23:11","modified_gmt":"2026-09-05T01:23:11","slug":"tanska-haluaa-lahettaa-ensimmaiset-ihmiset-eun-ulkopuoliseen-palautuskeskukseen-ensi-vuonna","status":"publish","type":"post","link":"https:\/\/www.europesays.com\/fi\/341753\/","title":{"rendered":"Tanska haluaa l\u00e4hett\u00e4\u00e4 ensimm\u00e4iset ihmiset EU:n ulkopuoliseen palautuskeskukseen ensi vuonna"},"content":{"rendered":"<p class=\"article-body mb-(--paragraph-margin-b) px-nof-16\">Bryssel<\/p>\n<p class=\"article-body mb-(--paragraph-margin-b) px-nof-16\">Tanska aikoo l\u00e4hett\u00e4\u00e4 ensimm\u00e4iset turvapaikanhakijat EU:n ulkopuoliseen palautuskeskukseen viel\u00e4 ensi vuoden aikana, kertoo maan maahanmuuttoministeri <a class=\"font-bold underline-offset-[0.12em] [text-decoration:var(--person-link-text-decoration)] [text-decoration-color:var(--person-link-text-decoration-color)]!\" href=\"https:\/\/www.hs.fi\/haku\/?query=Morten%20B%C3%B8dskov\" rel=\"nofollow noopener\" target=\"_blank\">Morten B\u00f8dskov<\/a>.<\/p>\n<p class=\"article-body mb-(--paragraph-margin-b) px-nof-16\">Tanska valmistelee palautuskeskuksen perustamista yhdess\u00e4 Saksan, It\u00e4vallan, Hollannin ja Kreikan kanssa ja is\u00e4nn\u00f6i perjantaina K\u00f6\u00f6penhaminassa asiaa k\u00e4sitellytt\u00e4 ministerikokousta.<\/p>\n<p class=\"article-body mb-(--paragraph-margin-b) px-nof-16\">Kokouksessa ei viel\u00e4 paljastettu, mihin maahan keskus voitaisiin perustaa. Ministereiden mukaan neuvotteluita k\u00e4yd\u00e4\u00e4n useiden maiden kanssa.<\/p>\n<p class=\"article-body mb-(--paragraph-margin-b) px-nof-16\">Ruandan ulkoministeri vahvisti hiljattain uutistoimisto AFP:lle, ett\u00e4 EU-maiden virkamiesdelegaatio oli hiljattain k\u00e4ynyt maassa neuvottelemassa palautuskeskuksen perustamisesta. Hollanti on puolestaan aiemmin k\u00e4ynyt neuvotteluita palautuskeskuksen perustamisesta Ugandan kanssa.<\/p>\n<p class=\"article-body mb-(--paragraph-margin-b) px-nof-16\">\u201dToivottavasti seuraavassa tapaamisessamme voimme jo julkistaa sijoitusmaan\u201d, Kreikan maahanmuuttoministeri <a class=\"font-bold underline-offset-[0.12em] [text-decoration:var(--person-link-text-decoration)] [text-decoration-color:var(--person-link-text-decoration-color)]!\" href=\"https:\/\/www.hs.fi\/haku\/?query=Thanos%20Plevris\" rel=\"nofollow noopener\" target=\"_blank\">Thanos Plevris<\/a> sanoo.<\/p>\n<p><img decoding=\"async\" src=\"https:\/\/www.europesays.com\/fi\/wp-content\/uploads\/2026\/09\/1788571390_333_468.jpg\" alt=\"Tanskan maahanmuuttoministeri Morten B\u00f8dskov.\" class=\"_Img_1rerz_1\" style=\"aspect-ratio:1920\/1440\" loading=\"eager\"\/><\/p>\n<p class=\"font-(family-name:--picture-caption-font-family) text-(length:--picture-caption-font-size) leading-(--picture-caption-leading) font-(--picture-caption-font-weight) text-(color:--picture-caption-color) picture-with-caption__caption picture-with-caption__caption--default-full\">Tanskan maahanmuuttoministeri Morten B\u00f8dskov. Kuva:\u00a0Luka Kolanovic \/ Imago<\/p>\n<p class=\"article-body mb-(--paragraph-margin-b) px-nof-16\">Palautuskeskukset ovat keskeinen osa EU:n uutta palautusasetusta, jonka sis\u00e4ll\u00f6st\u00e4 EU-maat ja Euroopan parlamentti <a class=\"underline underline-offset-[0.12em] [text-decoration-thickness:var(--generic-link-underline-thickness)] [text-decoration-color:var(--generic-link-underline-color)] [text-decoration-skip-ink:var(--generic-link-underline-skip-ink)] break-words\" href=\"https:\/\/www.hs.fi\/politiikka\/art-2000012050979.html\" rel=\"nofollow noopener\" target=\"_blank\">p\u00e4\u00e4siv\u00e4t sopuun t\u00e4n\u00e4 kes\u00e4n\u00e4<\/a>. Asetus antaa j\u00e4senmaille mahdollisuuden l\u00e4hett\u00e4\u00e4 kielteisen turvapaikkap\u00e4\u00e4t\u00f6ksen saaneita ihmisi\u00e4 EU:n ulkopuolisiin laitoksiin.<\/p>\n<p class=\"article-body mb-(--paragraph-margin-b) px-nof-16\">Perjantain kokouksessa ministerit hahmottelivat, milt\u00e4 palautuskeskus konkreettisesti voisi n\u00e4ytt\u00e4\u00e4. B\u00f8dskovin mukaan julkisuudessa on virheellisesti syntynyt k\u00e4sitys siit\u00e4, ett\u00e4 keskus tarkoittaisi suljettua laitosta.<\/p>\n<p class=\"article-body mb-(--paragraph-margin-b) px-nof-16\">\u201dEi ole kyse mist\u00e4\u00e4n leireist\u00e4\u201d, B\u00f8dskov sanoo.<\/p>\n<p class=\"article-body mb-(--paragraph-margin-b) px-nof-16\">H\u00e4nen mukaansa palautuskeskuksen tarkoitus on tarjota el\u00e4misen ja ty\u00f6skentelyn mahdollisuus henkil\u00f6lle, joka ei ole oikeutettu turvapaikkaan EU:ssa ja jota ei voida palauttaa kotimaahansa.<\/p>\n<p class=\"article-body mb-(--paragraph-margin-b) px-nof-16\">T\u00e4ss\u00e4 Tanskan johtaman maajoukon malli poikkeaisi selv\u00e4sti Italian hallituksen valmistelemasta Albania-mallista, jossa Italiaan meriteitse pyrkivi\u00e4 siirtolaisia ohjattaisiin Albaniassa sijaitsevaan keskukseen odottamaan turvapaikkak\u00e4sittely\u00e4. Kyseess\u00e4 on nimenomaan suljettu laitos.<\/p>\n<p class=\"article-body mb-(--paragraph-margin-b) px-nof-16\">Malli on t\u00f6rm\u00e4nnyt Italiassa juridisiin ongelmiin, eik\u00e4 laitos ole toistaiseksi k\u00e4yt\u00f6ss\u00e4.<\/p>\n<p><img decoding=\"async\" src=\"https:\/\/www.europesays.com\/fi\/wp-content\/uploads\/2026\/09\/1788571391_781_468.jpg\" alt=\"\" class=\"_Img_1rerz_1\" style=\"aspect-ratio:1920\/1280\" loading=\"eager\"\/><\/p>\n<p class=\"font-(family-name:--picture-caption-font-family) text-(length:--picture-caption-font-size) leading-(--picture-caption-leading) font-(--picture-caption-font-weight) text-(color:--picture-caption-color) picture-with-caption__caption picture-with-caption__caption--default-full\">Kuva:\u00a0Florion Goga<\/p>\n<p class=\"article-body mb-(--paragraph-margin-b) px-nof-16\">Kriitikot pelk\u00e4\u00e4v\u00e4t, ett\u00e4 EU:n ulkopuolisiin keskuksiin l\u00e4hetett\u00e4v\u00e4t ihmiset joutuvat ihmisoikeusloukkauksien kohteeksi. Riskej\u00e4 ovat nostaneet esiin niin ihmisoikeusj\u00e4rjest\u00f6t kuin EU:n oma perusoikeusvirastokin (FRA).<\/p>\n<p class=\"article-body mb-(--paragraph-margin-b) px-nof-16\">FRA:n johtaja <a class=\"font-bold underline-offset-[0.12em] [text-decoration:var(--person-link-text-decoration)] [text-decoration-color:var(--person-link-text-decoration-color)]!\" href=\"https:\/\/www.hs.fi\/haku\/?query=Sirpa%20Rautio\" rel=\"nofollow noopener\" target=\"_blank\">Sirpa Rautio<\/a> muistuttaa, ett\u00e4 EU-maat ovat vastuussa my\u00f6s EU:n ulkopuolella sijaitsevaan palautuskeskukseen l\u00e4hetett\u00e4v\u00e4n henkil\u00f6n ihmisoikeuksista.<\/p>\n<p class=\"article-body mb-(--paragraph-margin-b) px-nof-16\">\u201dIhmisi\u00e4 ei voi l\u00e4hett\u00e4\u00e4 mustaan aukkoon\u201d, h\u00e4n sanoo HS:lle.<\/p>\n<p class=\"article-body mb-(--paragraph-margin-b) px-nof-16\">Rautio sanoo, ett\u00e4 palautuskeskuksen operointi ihmis- ja perusoikeudet turvaavalla tavalla on kuitenkin mahdollista.<\/p>\n<p class=\"article-body mb-(--paragraph-margin-b) px-nof-16\">\u201dMutta helppoa se ei ole.\u201d<\/p>\n<p><img decoding=\"async\" src=\"https:\/\/www.europesays.com\/fi\/wp-content\/uploads\/2026\/09\/1788571391_113_320.jpg\" alt=\"EU:n perusoikeusviraston FRA:n johtaja Sirpa Rautio.\" class=\"_Img_1rerz_1\" style=\"aspect-ratio:1919\/1920\" loading=\"eager\"\/><\/p>\n<p class=\"font-(family-name:--picture-caption-font-family) text-(length:--picture-caption-font-size) leading-(--picture-caption-leading) font-(--picture-caption-font-weight) text-(color:--picture-caption-color) picture-with-caption__caption-right__small picture-with-caption__caption picture-with-caption__caption--default-half\">EU:n perusoikeusviraston FRA:n johtaja Sirpa Rautio. Kuva:\u00a0FRA<\/p>\n<p class=\"article-body mb-(--paragraph-margin-b) px-nof-16\">FRA katsoo esimerkiksi, ettei EU:n ulkopuolisiin palautuskeskuksiin koskaan pit\u00e4isi l\u00e4hett\u00e4\u00e4 lapsia. J\u00e4senmaat ja Euroopan parlamentti p\u00e4\u00e4tyiv\u00e4t kuitenkin neuvotteluissa siihen, ett\u00e4 keskuksiin voi l\u00e4hett\u00e4\u00e4 alaik\u00e4isi\u00e4, mik\u00e4li he matkustavat vanhempiensa kanssa.<\/p>\n<p class=\"article-body mb-(--paragraph-margin-b) px-nof-16\">Rautio korostaa my\u00f6s jatkuvan valvonnan t\u00e4rkeytt\u00e4. Valvonnasta pit\u00e4isi sopia FRA:n mielest\u00e4 juridisesti sitovalla sopimuksella l\u00e4hett\u00e4v\u00e4n ja vastaanottavan maan kesken. EU-asetus ei kuitenkaan vaadi t\u00e4llaista sopimusj\u00e4rjestely\u00e4, vaan l\u00f6yhemmin m\u00e4\u00e4ritelty\u00e4 \u201dj\u00e4rjestely\u00e4\u201d.<\/p>\n<p class=\"article-body mb-(--paragraph-margin-b) px-nof-16\">Lehdist\u00f6tilaisuudessa ministerit vakuuttivat suhtautuvansa vakavasti ihmisoikeuksien turvaamiseen.<\/p>\n<p class=\"article-body mb-(--paragraph-margin-b) px-nof-16\">\u201dTeemme t\u00e4m\u00e4n eurooppalaiseen tapaan niin, ett\u00e4 turvaamme ihmisoikeudet\u201d, vakuuttaa Hollannin maahanmuuttoministeri <a class=\"font-bold underline-offset-[0.12em] [text-decoration:var(--person-link-text-decoration)] [text-decoration-color:var(--person-link-text-decoration-color)]!\" href=\"https:\/\/www.hs.fi\/haku\/?query=Bart%20van%20den%20Brink\" rel=\"nofollow noopener\" target=\"_blank\">Bart van den Brink<\/a>.<\/p>\n<p class=\"article-body mb-(--paragraph-margin-b) px-nof-16\">B\u00f8dskovin mukaan YK:n pakolaisj\u00e4rjest\u00f6 UNHCR ja siirtolaisj\u00e4rjest\u00f6 IOM ovat alusta saakka mukana valmistelussa.<\/p>\n<p class=\"article-body mb-(--paragraph-margin-b) px-nof-16\">J\u00e4rjest\u00f6t ovat esitt\u00e4neet huolensa siit\u00e4, ett\u00e4 palautuskeskuksiin p\u00e4\u00e4tyy ihmisi\u00e4, joita k\u00e4yt\u00e4nn\u00f6ss\u00e4 ei voida palauttaa. Ihmisell\u00e4 ei n\u00e4in ole v\u00e4ltt\u00e4m\u00e4tt\u00e4 mit\u00e4\u00e4n tietoa siit\u00e4, kuinka pitk\u00e4\u00e4n h\u00e4net pidet\u00e4\u00e4n keskuksessa.<\/p>\n<p class=\"article-body mb-(--paragraph-margin-b) px-nof-16\">Rautio jakaa huolen.<\/p>\n<p class=\"article-body mb-(--paragraph-margin-b) px-nof-16\">\u201dSe [palautuskeskus] ei voi olla mik\u00e4\u00e4n pysyv\u00e4 ratkaisu\u201d, Rautio sanoo.<\/p>\n<p class=\"article-body mb-(--paragraph-margin-b) px-nof-16\">Perjantain kokouksen perusteella valmisteilla on kuitenkin nimenomaan pitk\u00e4aikaiseen oleskeluun t\u00e4ht\u00e4\u00e4v\u00e4 j\u00e4rjestely.<\/p>\n<p class=\"article-body mb-(--paragraph-margin-b) px-nof-16\">\u201dT\u00e4m\u00e4 tarjoaa uuden mahdollisuuden rakentaa el\u00e4m\u00e4 kumppanimaassa\u201d, B\u00f8dskov kuvaa.<\/p>\n<p class=\"article-body mb-(--paragraph-margin-b) px-nof-16\">Palautuskeskusten toimivuutta on ep\u00e4ilty my\u00f6s siksi, ettei niihin todenn\u00e4k\u00f6isesti mahdu kuin h\u00e4vi\u00e4v\u00e4n pieni osa kotimaahansa palautettavista ihmisist\u00e4. EU:ssa on esimerkiksi kymmeni\u00e4 tuhansia Afganistanin kansalaisia, joita ei nykyisell\u00e4\u00e4n voida palauttaa kotimaahansa.<\/p>\n<p class=\"article-body mb-(--paragraph-margin-b) px-nof-16\">Osin palautuskeskusten toivotaankin toimivan pelotteena siirtolaisille.<\/p>\n<p class=\"article-body mb-(--paragraph-margin-b) px-nof-16\">\u201dPalautuskeskukset l\u00e4hett\u00e4v\u00e4t vahvan viestin, ett\u00e4 Eurooppaan matkustaminen ei kannata\u201d, B\u00f8dskov sanoo.<\/p>\n","protected":false},"excerpt":{"rendered":"Bryssel Tanska aikoo l\u00e4hett\u00e4\u00e4 ensimm\u00e4iset turvapaikanhakijat EU:n ulkopuoliseen palautuskeskukseen viel\u00e4 ensi vuoden aikana, kertoo maan maahanmuuttoministeri Morten B\u00f8dskov.&hellip;\n","protected":false},"author":2,"featured_media":341754,"comment_status":"","ping_status":"","sticky":false,"template":"","format":"standard","meta":{"footnotes":"","_share_on_mastodon":"0"},"categories":[14],"tags":[22,23,26,27,33,31,30,17,46,24,25,28,29,15,18,21,32,19,20,56,16,59,60,61],"class_list":["post-341753","post","type-post","status-publish","format-standard","has-post-thumbnail","category-ulkomaat","tag-breaking-news","tag-breakingnews","tag-featured-news","tag-featurednews","tag-fi","tag-finland","tag-finnish","tag-headlines","tag-helsingin-sanomat","tag-latest-news","tag-latestnews","tag-main-news","tag-mainnews","tag-news","tag-otsikot","tag-paauutiset","tag-suomi","tag-top-stories","tag-topstories","tag-ulkomaat","tag-uutiset","tag-world","tag-world-news","tag-worldnews"],"share_on_mastodon":{"url":"https:\/\/pubeurope.com\/@fi\/117215822668761296","error":""},"_links":{"self":[{"href":"https:\/\/www.europesays.com\/fi\/wp-json\/wp\/v2\/posts\/341753","targetHints":{"allow":["GET"]}}],"collection":[{"href":"https:\/\/www.europesays.com\/fi\/wp-json\/wp\/v2\/posts"}],"about":[{"href":"https:\/\/www.europesays.com\/fi\/wp-json\/wp\/v2\/types\/post"}],"author":[{"embeddable":true,"href":"https:\/\/www.europesays.com\/fi\/wp-json\/wp\/v2\/users\/2"}],"replies":[{"embeddable":true,"href":"https:\/\/www.europesays.com\/fi\/wp-json\/wp\/v2\/comments?post=341753"}],"version-history":[{"count":0,"href":"https:\/\/www.europesays.com\/fi\/wp-json\/wp\/v2\/posts\/341753\/revisions"}],"wp:featuredmedia":[{"embeddable":true,"href":"https:\/\/www.europesays.com\/fi\/wp-json\/wp\/v2\/media\/341754"}],"wp:attachment":[{"href":"https:\/\/www.europesays.com\/fi\/wp-json\/wp\/v2\/media?parent=341753"}],"wp:term":[{"taxonomy":"category","embeddable":true,"href":"https:\/\/www.europesays.com\/fi\/wp-json\/wp\/v2\/categories?post=341753"},{"taxonomy":"post_tag","embeddable":true,"href":"https:\/\/www.europesays.com\/fi\/wp-json\/wp\/v2\/tags?post=341753"}],"curies":[{"name":"wp","href":"https:\/\/api.w.org\/{rel}","templated":true}]}}