{"id":341757,"date":"2026-09-05T01:25:10","date_gmt":"2026-09-05T01:25:10","guid":{"rendered":"https:\/\/www.europesays.com\/fi\/341757\/"},"modified":"2026-09-05T01:25:10","modified_gmt":"2026-09-05T01:25:10","slug":"venajalta-valtava-eskalaatio-iltalehti","status":"publish","type":"post","link":"https:\/\/www.europesays.com\/fi\/341757\/","title":{"rendered":"Ven\u00e4j\u00e4lt\u00e4 \u201dvaltava eskalaatio\u201d &#8211; Iltalehti"},"content":{"rendered":"<ol>\n<li><a href=\"https:\/\/news.google.com\/rss\/articles\/CBMifEFVX3lxTFBFR2pqWVRYWnpOY3BGUHB4N1daRVF1Yk1GX21WeHBqeVVxOEZfazlCS3VnZTZjSmFYSEdoOWxCUnlTSXJySmpJNnA5SldNNEFHSkJNdkdmdGx0cmsxWnViMzRzb2F5Y1ZaTjRTc0F2ZnZza0VjVGxBU0lVakw?oc=5\" target=\"_blank\" rel=\"nofollow noopener\">Ven\u00e4j\u00e4lt\u00e4 \u201dvaltava eskalaatio\u201d<\/a>&nbsp;&nbsp;Iltalehti<\/li>\n<li><a href=\"https:\/\/news.google.com\/rss\/articles\/CBMiXEFVX3lxTE9TWkd5Q2k2eVpDMnlVcFdKR1U0Q21fTmdhcUVyMWJrZGxHY2hVR0dFaE1FREdsNllaVVBhbFhmbnBST2QxNHo5UGoxQzNxQW1kdkJZNy1ZZUd4MUV0?oc=5\" target=\"_blank\" rel=\"nofollow noopener\">\u201dT\u00e4n\u00e4k\u00e4\u00e4n y\u00f6n\u00e4 min\u00e4 en ollut se, joka kuoli\u201d \u2013 Ven\u00e4j\u00e4n ohjukset tulevat yh\u00e4 useammin l\u00e4pi<\/a>&nbsp;&nbsp;hs.fi<\/li>\n<li><a href=\"https:\/\/news.google.com\/rss\/articles\/CBMisAFBVV95cUxNeE1yLUdRcTJ4eTlSd1JmYS16WlRoSjl3UHdCX1dteFNuSk12SmFNY0RhcHVHcHZoclZpV3hDNjNpTEVrNUp5RmQ4NG1CTS1peGFPeDBOOG1MNmZ5VjRSVTlpQ3FiT3FOQTFMMlBIaU91dUc4cE1ydHMtdHR1S3dING51b3JUbkRjckVhVHc4WHRiQWstZmt3SHNOTVd3RE1JOE1ydmVDeWNYb1FSajFBXw?oc=5\" target=\"_blank\" rel=\"nofollow noopener\">Ukraina iski rajusti ilmasta ja merelt\u00e4, alus ja \u00f6ljyvarikko roihuavat Sotshissa<\/a>&nbsp;&nbsp;Verkkouutiset<\/li>\n<li><a href=\"https:\/\/news.google.com\/rss\/articles\/CBMiQEFVX3lxTE5kZ2pMdlRtZHlYc25ERmFwRThqMU51ZGwwMWY5bmRicWQxZzV0aUpwTERwb085TzBhMTBWbUZnOTk?oc=5\" target=\"_blank\" rel=\"nofollow noopener\">Ven\u00e4l\u00e4isdrooni osui Ukrainan turvallisuuspalvelun p\u00e4\u00e4majaan<\/a>&nbsp;&nbsp;ts.fi<\/li>\n<li><a href=\"https:\/\/news.google.com\/rss\/articles\/CBMipgFBVV95cUxPSWQ4b3NDMEpkSk9Zd1NYQ1IzU1ZJVXFOeXZWTmZTaEVpc1dWdkNfbzJyalhQTGRvYTM0Q2xwSnJxeFVvRVZmSGw4Y0hYLUgySEhmejUydXhDYkE0UzlUcDFidDJqTFZUTGE5WU1DSzBaNGRPcEJhZnEyWWg2ZzRTZmkyZ1g4bDV4eDRWWDZySExsRGs1aUUzVnFRRkxIVWEyNVNjdzBR?oc=5\" target=\"_blank\" rel=\"nofollow noopener\">Zelenskyi: Ven\u00e4l\u00e4isdrooni osui Ukrainan turvallisuuspalvelun p\u00e4\u00e4majaan<\/a>&nbsp;&nbsp;Suomenmaa.fi<\/li>\n<\/ol>\n","protected":false},"excerpt":{"rendered":"Ven\u00e4j\u00e4lt\u00e4 \u201dvaltava eskalaatio\u201d&nbsp;&nbsp;Iltalehti \u201dT\u00e4n\u00e4k\u00e4\u00e4n y\u00f6n\u00e4 min\u00e4 en ollut se, joka kuoli\u201d \u2013 Ven\u00e4j\u00e4n ohjukset tulevat yh\u00e4 useammin l\u00e4pi&nbsp;&nbsp;hs.fi&hellip;\n","protected":false},"author":2,"featured_media":341758,"comment_status":"","ping_status":"","sticky":false,"template":"","format":"standard","meta":{"footnotes":"","_share_on_mastodon":"0"},"categories":[5],"tags":[35,22,23,26,27,33,31,30,17,24,25,803,28,29,15,18,21,142,637,144,32,19,20,16,638],"class_list":["post-341757","post","type-post","status-publish","format-standard","has-post-thumbnail","category-otsikot","tag-24h","tag-breaking-news","tag-breakingnews","tag-featured-news","tag-featurednews","tag-fi","tag-finland","tag-finnish","tag-headlines","tag-latest-news","tag-latestnews","tag-levottomuudet-ja-sodat","tag-main-news","tag-mainnews","tag-news","tag-otsikot","tag-paauutiset","tag-poliitikot","tag-politiikka","tag-presidentti","tag-suomi","tag-top-stories","tag-topstories","tag-uutiset","tag-valtiovalta"],"share_on_mastodon":{"url":"","error":""},"_links":{"self":[{"href":"https:\/\/www.europesays.com\/fi\/wp-json\/wp\/v2\/posts\/341757","targetHints":{"allow":["GET"]}}],"collection":[{"href":"https:\/\/www.europesays.com\/fi\/wp-json\/wp\/v2\/posts"}],"about":[{"href":"https:\/\/www.europesays.com\/fi\/wp-json\/wp\/v2\/types\/post"}],"author":[{"embeddable":true,"href":"https:\/\/www.europesays.com\/fi\/wp-json\/wp\/v2\/users\/2"}],"replies":[{"embeddable":true,"href":"https:\/\/www.europesays.com\/fi\/wp-json\/wp\/v2\/comments?post=341757"}],"version-history":[{"count":0,"href":"https:\/\/www.europesays.com\/fi\/wp-json\/wp\/v2\/posts\/341757\/revisions"}],"wp:featuredmedia":[{"embeddable":true,"href":"https:\/\/www.europesays.com\/fi\/wp-json\/wp\/v2\/media\/341758"}],"wp:attachment":[{"href":"https:\/\/www.europesays.com\/fi\/wp-json\/wp\/v2\/media?parent=341757"}],"wp:term":[{"taxonomy":"category","embeddable":true,"href":"https:\/\/www.europesays.com\/fi\/wp-json\/wp\/v2\/categories?post=341757"},{"taxonomy":"post_tag","embeddable":true,"href":"https:\/\/www.europesays.com\/fi\/wp-json\/wp\/v2\/tags?post=341757"}],"curies":[{"name":"wp","href":"https:\/\/api.w.org\/{rel}","templated":true}]}}