{"id":341759,"date":"2026-09-05T01:44:16","date_gmt":"2026-09-05T01:44:16","guid":{"rendered":"https:\/\/www.europesays.com\/fi\/341759\/"},"modified":"2026-09-05T01:44:16","modified_gmt":"2026-09-05T01:44:16","slug":"keihaskarju-topi-parviainen-juoksi-cooperin-testin","status":"publish","type":"post","link":"https:\/\/www.europesays.com\/fi\/341759\/","title":{"rendered":"Keih\u00e4skarju Topi Parviainen juoksi Cooperin testin"},"content":{"rendered":"<p>Topi Parviainen p\u00e4\u00e4si tavoitteeseensa Cooperin testiss\u00e4.<\/p>\n<p><img decoding=\"async\" src=\"https:\/\/www.europesays.com\/fi\/wp-content\/uploads\/2026\/09\/1788572656_823_468.jpg\" alt=\"Topi Parviainen kuvattuna yleisurheilun maaottelussa.\" class=\"_Img_1rerz_1\" style=\"aspect-ratio:1920\/1080\" loading=\"eager\"\/><\/p>\n<p class=\"font-(family-name:--picture-caption-font-family) text-(length:--picture-caption-font-size) leading-(--picture-caption-leading) font-(--picture-caption-font-weight) text-(color:--picture-caption-color)\">Topi Parviainen kuvattuna yleisurheilun maaottelussa. Kuva:\u00a0Jussi Eskola<\/p>\n<p>4.9. 20:51<\/p>\n<p class=\"article-body mb-(--paragraph-margin-b) px-nof-16\">Keih\u00e4\u00e4nheitt\u00e4j\u00e4 <a class=\"font-bold underline-offset-[0.12em] [text-decoration:var(--person-link-text-decoration)] [text-decoration-color:var(--person-link-text-decoration-color)]!\" href=\"https:\/\/www.is.fi\/haku\/?query=Topi%20Parviainen\" rel=\"nofollow noopener\" target=\"_blank\">Topi Parviainen<\/a> kertoo Instagramissa juosseensa Cooperin testin.<\/p>\n<p class=\"article-body mb-(--paragraph-margin-b) px-nof-16\">Parviainen kertoo ennen suoritusta, ett\u00e4 h\u00e4nen tavoitteenaan on juosta testiss\u00e4 v\u00e4hint\u00e4\u00e4n 3\u202f000 metri\u00e4 syyskuun lopussa. H\u00e4n my\u00f6s paljastaa, ettei ole koskaan saanut 3\u202f000 metri\u00e4 t\u00e4yteen Cooperin testiss\u00e4.<\/p>\n<p class=\"article-body mb-(--paragraph-margin-b) px-nof-16\">Instagramiin kuvatussa suorituksessa Parviaisen tavoitteena oli juosta 2\u202f700 metri\u00e4.<\/p>\n<p class=\"article-body mb-(--paragraph-margin-b) px-nof-16\">H\u00e4n p\u00e4\u00e4si tavoitteeseensa. Parviainen kertoo videolla juosseensa 2\u202f760 metri\u00e4 perinteisess\u00e4 12 minuutin testiss\u00e4.<\/p>\n<p class=\"article-body mb-(--paragraph-margin-b) px-nof-16\">\u2013 Oli kyll\u00e4 aikamoista l\u00f6nkytyst\u00e4, mutta pysyttiin tavoitteessa ja hieman yli. Ei tuossa ollut mink\u00e4\u00e4nlaista loppukiri\u00e4. Viel\u00e4 ehdin juosta pari Cooperia ennen finaalia, Parviainen sanoo.<\/p>\n<p class=\"article-body mb-(--paragraph-margin-b) px-nof-16\">Parviainen, 19, sijoittui Birminghamin EM-kisoissa miesten keih\u00e4\u00e4nheitossa kahdeksanneksi tuloksella 77,82.<\/p>\n<p class=\"article-body mb-(--paragraph-margin-b) px-nof-16\">H\u00e4n oli ainoa suomalaismies keih\u00e4\u00e4nheiton EM-finaalissa.<\/p>\n<p class=\"article-body mb-(--paragraph-margin-b) px-nof-16\">Parviaisen veli <a class=\"font-bold underline-offset-[0.12em] [text-decoration:var(--person-link-text-decoration)] [text-decoration-color:var(--person-link-text-decoration-color)]!\" href=\"https:\/\/www.is.fi\/haku\/?query=Aku%20Parviainen\" rel=\"nofollow noopener\" target=\"_blank\">Aku Parviainen<\/a> voitti SM-hopeaa Kalevan kisoissa hein\u00e4kuussa tuloksella 81,24.<\/p>\n<p class=\"nof-ui-body-medium break-words mb-(--paragraph-margin-b) px-nof-16\">Oikaisu 4.9.2026 klo 21.26: SM-hopeaa Kalevan kisoissa voitti Aku Parviainen, eik\u00e4 Topi Parviainen.<\/p>\n","protected":false},"excerpt":{"rendered":"Topi Parviainen p\u00e4\u00e4si tavoitteeseensa Cooperin testiss\u00e4. Topi Parviainen kuvattuna yleisurheilun maaottelussa. Kuva:\u00a0Jussi Eskola 4.9. 20:51 Keih\u00e4\u00e4nheitt\u00e4j\u00e4 Topi Parviainen&hellip;\n","protected":false},"author":2,"featured_media":341760,"comment_status":"","ping_status":"","sticky":false,"template":"","format":"standard","meta":{"footnotes":"","_share_on_mastodon":"0"},"categories":[158],"tags":[33,31,30,34,159,32,160],"class_list":["post-341759","post","type-post","status-publish","format-standard","has-post-thumbnail","category-urheilu","tag-fi","tag-finland","tag-finnish","tag-ilta-sanomat","tag-sports","tag-suomi","tag-urheilu"],"share_on_mastodon":{"url":"https:\/\/pubeurope.com\/@fi\/117215905196623387","error":""},"_links":{"self":[{"href":"https:\/\/www.europesays.com\/fi\/wp-json\/wp\/v2\/posts\/341759","targetHints":{"allow":["GET"]}}],"collection":[{"href":"https:\/\/www.europesays.com\/fi\/wp-json\/wp\/v2\/posts"}],"about":[{"href":"https:\/\/www.europesays.com\/fi\/wp-json\/wp\/v2\/types\/post"}],"author":[{"embeddable":true,"href":"https:\/\/www.europesays.com\/fi\/wp-json\/wp\/v2\/users\/2"}],"replies":[{"embeddable":true,"href":"https:\/\/www.europesays.com\/fi\/wp-json\/wp\/v2\/comments?post=341759"}],"version-history":[{"count":0,"href":"https:\/\/www.europesays.com\/fi\/wp-json\/wp\/v2\/posts\/341759\/revisions"}],"wp:featuredmedia":[{"embeddable":true,"href":"https:\/\/www.europesays.com\/fi\/wp-json\/wp\/v2\/media\/341760"}],"wp:attachment":[{"href":"https:\/\/www.europesays.com\/fi\/wp-json\/wp\/v2\/media?parent=341759"}],"wp:term":[{"taxonomy":"category","embeddable":true,"href":"https:\/\/www.europesays.com\/fi\/wp-json\/wp\/v2\/categories?post=341759"},{"taxonomy":"post_tag","embeddable":true,"href":"https:\/\/www.europesays.com\/fi\/wp-json\/wp\/v2\/tags?post=341759"}],"curies":[{"name":"wp","href":"https:\/\/api.w.org\/{rel}","templated":true}]}}