{"id":341761,"date":"2026-09-05T01:45:22","date_gmt":"2026-09-05T01:45:22","guid":{"rendered":"https:\/\/www.europesays.com\/fi\/341761\/"},"modified":"2026-09-05T01:45:22","modified_gmt":"2026-09-05T01:45:22","slug":"johanna-tukiainen-ja-veijo-lalli-syyte-pahoinpitelysta","status":"publish","type":"post","link":"https:\/\/www.europesays.com\/fi\/341761\/","title":{"rendered":"Johanna Tukiainen ja Veijo Lalli: Syyte pahoinpitelyst\u00e4"},"content":{"rendered":"<p>            <img decoding=\"async\" src=\"https:\/\/www.europesays.com\/fi\/wp-content\/uploads\/2026\/09\/2232419.webp\" width=\"620\" height=\"348\" alt=\"Johanna Tukiaista ja Veijo Lallia syytet\u00e4\u00e4n toistensa pahoinpitelyst\u00e4\"  fetchpriority=\"high\"\/>        <\/p>\n<p>\n            20230613 HELSINKI. HELSINGIN K\u00c4R\u00c4J\u00c4OIKEUS. Johanna Tukiainen ja Veijo Lalli. KUVA: ATTE KAJOVA<br \/>\n            ATTE KAJOVA\n        <\/p>\n<p class=\"subtitle \">Johanna Tukiaista ja Veijo Lallia vastaan on tullut vireille pahoinpitelysyytteet Helsingin k\u00e4r\u00e4j\u00e4oikeudessa.<\/p>\n<p class=\"article-content article-content-width !bg-background\">Mediapersoona <a alt=\"Haku\" class=\"text-primary-red font-extrabold\" href=\"https:\/\/www.seiska.fi\/haku?q=Johanna Tukiaista\" rel=\"nofollow noopener\" target=\"_blank\">Johanna Tukiaista<\/a> ja h\u00e4nen puolisoaan <a alt=\"Haku\" class=\"text-primary-red font-extrabold\" href=\"https:\/\/www.seiska.fi\/haku?q=Veijo Lallia\" rel=\"nofollow noopener\" target=\"_blank\">Veijo Lallia<\/a> vastaan on nostettu syytteet pahoinpitelyst\u00e4. Helsingin k\u00e4r\u00e4j\u00e4oikeudesta vahvistettiin Seiskalle, ett\u00e4 molemmat osapuolet ovat asiassa sek\u00e4 vastaajan ett\u00e4 asianosaisen asemassa.<\/p>\n<p class=\"article-content article-content-width !bg-background\"><a alt=\"Haku\" class=\"text-primary-red font-extrabold\" href=\"https:\/\/www.seiska.fi\/haku?q=\u00a0Arkistovideo: Johanna Tukiainen bongattiin Stockmannilla\" rel=\"nofollow noopener\" target=\"_blank\">\u00a0Arkistovideo: Johanna Tukiainen bongattiin Stockmannilla<\/a><\/p>\n<p class=\"article-content article-content-width !bg-background\">Heit\u00e4 kohdellaan siis sek\u00e4 pahoinpitelyst\u00e4 syytettyn\u00e4 ett\u00e4 uhrina.<\/p>\n<p class=\"article-content article-content-width !bg-background\">K\u00e4r\u00e4j\u00e4oikeudesta kerrotaan Seiskalle, ett\u00e4 syytteess\u00e4 kuvatut teot ajoittuvat viime vuoden aprillip\u00e4iv\u00e4\u00e4n \u2013 tekoajaksi on siis merkitty 1.4.2025.\u00a0 Tekopaikkana on puolestaan Helsinki.<\/p>\n<p class=\"article-content article-content-width !bg-background\">Molempia syytet\u00e4\u00e4n sek\u00e4 pahoinpitelyst\u00e4 ett\u00e4 liev\u00e4st\u00e4 pahoinpitelyst\u00e4.<\/p>\n<p class=\"article-content article-content-width !bg-background\">Seiska tavoitti Veijon, mutta h\u00e4n ei halunnut kommentoida asiaa.<\/p>\n<p>Ovat taas yhdess\u00e4<\/p>\n<p class=\"article-content article-content-width !bg-background\">Seiska kertoi elokuun puoliv\u00e4liss\u00e4, ett\u00e4 Veijo ja Johanna ovat palanneet j\u00e4lleen yhteen.<\/p>\n<p class=\"article-content article-content-width !bg-background\">Pitk\u00e4\u00e4n yht\u00e4 pit\u00e4nyt pariskunta on tuntenut toisensa yli 10 vuoden ajan, mutta heid\u00e4n suhteensa ei ole ollut pelkk\u00e4\u00e4 auvoa. Pari erosi viime kev\u00e4\u00e4n\u00e4, ja pian sen j\u00e4lkeen Johanna paljasti l\u00f6yt\u00e4neens\u00e4 uuden rakkaan.<\/p>\n<p>                <img decoding=\"async\" src=\"https:\/\/www.europesays.com\/fi\/wp-content\/uploads\/2026\/09\/2232321.webp\" width=\"576\" height=\"639\" title=\"Johanna Tukiainen kertoi Seiskalle elokuun puoliv\u00e4liss\u00e4 palanneensa Veijon kanssa yhteen. Kuva elokuulta 2026.\" alt=\"Johanna Tukiainen\" loading=\"lazy\" \/>            <\/p>\n<p>\n            Johanna Tukiainen kertoi Seiskalle elokuun puoliv\u00e4liss\u00e4 palanneensa Veijon kanssa yhteen. Kuva elokuulta 2026.<br \/>\n            Eetu Ampuja\n        <\/p>\n<p class=\"article-content article-content-width !bg-background\">Yhteiselo <a alt=\"Haku\" class=\"text-primary-red font-extrabold\" href=\"https:\/\/www.seiska.fi\/haku?q=Joonas M\u00e4k\u00e4r\u00e4isen\" rel=\"nofollow noopener\" target=\"_blank\">Joonas M\u00e4k\u00e4r\u00e4isen<\/a> kanssa oli monivivahteista, ja useampaan kertaan eronnut ja sitten kihlautunut pariskunta kertoikin hein\u00e4kuussa eronneensa lopullisesti.<\/p>\n<p class=\"article-content article-content-width !bg-background\">Viimeinen niitti oli se, kun Joonas petti Johannaa parin kihlajaisjuhlissa nykyisen kihlattunsa kanssa.<\/p>\n","protected":false},"excerpt":{"rendered":"20230613 HELSINKI. HELSINGIN K\u00c4R\u00c4J\u00c4OIKEUS. Johanna Tukiainen ja Veijo Lalli. KUVA: ATTE KAJOVA ATTE KAJOVA Johanna Tukiaista ja Veijo&hellip;\n","protected":false},"author":2,"featured_media":341762,"comment_status":"","ping_status":"","sticky":false,"template":"","format":"standard","meta":{"footnotes":"","_share_on_mastodon":"0"},"categories":[130],"tags":[137,33,31,30,5990,5865,9103,2944,38,32,7957,109],"class_list":["post-341761","post","type-post","status-publish","format-standard","has-post-thumbnail","category-viihde","tag-entertainment","tag-fi","tag-finland","tag-finnish","tag-helsingin-karajaoikeus","tag-johanna-tukiainen","tag-joonas-makarainen","tag-pahoinpitely","tag-rikos","tag-suomi","tag-veijo-lalli","tag-viihde"],"share_on_mastodon":{"url":"https:\/\/pubeurope.com\/@fi\/117215909187552316","error":""},"_links":{"self":[{"href":"https:\/\/www.europesays.com\/fi\/wp-json\/wp\/v2\/posts\/341761","targetHints":{"allow":["GET"]}}],"collection":[{"href":"https:\/\/www.europesays.com\/fi\/wp-json\/wp\/v2\/posts"}],"about":[{"href":"https:\/\/www.europesays.com\/fi\/wp-json\/wp\/v2\/types\/post"}],"author":[{"embeddable":true,"href":"https:\/\/www.europesays.com\/fi\/wp-json\/wp\/v2\/users\/2"}],"replies":[{"embeddable":true,"href":"https:\/\/www.europesays.com\/fi\/wp-json\/wp\/v2\/comments?post=341761"}],"version-history":[{"count":0,"href":"https:\/\/www.europesays.com\/fi\/wp-json\/wp\/v2\/posts\/341761\/revisions"}],"wp:featuredmedia":[{"embeddable":true,"href":"https:\/\/www.europesays.com\/fi\/wp-json\/wp\/v2\/media\/341762"}],"wp:attachment":[{"href":"https:\/\/www.europesays.com\/fi\/wp-json\/wp\/v2\/media?parent=341761"}],"wp:term":[{"taxonomy":"category","embeddable":true,"href":"https:\/\/www.europesays.com\/fi\/wp-json\/wp\/v2\/categories?post=341761"},{"taxonomy":"post_tag","embeddable":true,"href":"https:\/\/www.europesays.com\/fi\/wp-json\/wp\/v2\/tags?post=341761"}],"curies":[{"name":"wp","href":"https:\/\/api.w.org\/{rel}","templated":true}]}}