{"id":341767,"date":"2026-09-05T01:50:25","date_gmt":"2026-09-05T01:50:25","guid":{"rendered":"https:\/\/www.europesays.com\/fi\/341767\/"},"modified":"2026-09-05T01:50:25","modified_gmt":"2026-09-05T01:50:25","slug":"hammennys-leviaa-kokoomuspomon-juutalaiskirjoittelusta-onko-todella-ok","status":"publish","type":"post","link":"https:\/\/www.europesays.com\/fi\/341767\/","title":{"rendered":"H\u00e4mmennys levi\u00e4\u00e4 kokoomuspomon juutalais\u00adkirjoittelusta \u2013 \u201dOnko todella ok?\u201d"},"content":{"rendered":"<p>Kansanedustaja Pia Kauma (kok) pohti sosiaalisessa mediassa juutalaisten kokemaa v\u00e4kivaltaa ja antisemitismi\u00e4. Perussuomalaiset ja kristillisdemokraatit \u00e4rsyyntyiv\u00e4t heti. <\/p>\n<p><img decoding=\"async\" class=\"image image-show image-preview\" src=\"https:\/\/www.europesays.com\/fi\/wp-content\/uploads\/2026\/09\/d5654b14c45793dbffcb8cb017ceaba3cb1d21d75cafd786455ad0ea31e8e10d.jpg\" alt=\"\"\/><img decoding=\"async\" class=\"image image-show\" src=\"https:\/\/www.europesays.com\/fi\/wp-content\/uploads\/2026\/09\/1788573025_721_d5654b14c45793dbffcb8cb017ceaba3cb1d21d75cafd786455ad0ea31e8e10d.jpg\" alt=\"\"\/><\/p>\n<p>Pia Kauma pahoittelee sit\u00e4, ett\u00e4 h\u00e4nen viestins\u00e4 on ymm\u00e4rretty v\u00e4\u00e4rin.  Petteri Paalasmaa \/ US<\/p>\n<p class=\"paragraph\">Kokoomuksen kansanedustajan, eduskuntaryhm\u00e4ns\u00e4 1. varapuheenjohtajan <a href=\"https:\/\/www.iltalehti.fi\/henkilot\/Pia Kauma\" class=\"article-link-person-page\" rel=\"nofollow noopener\" target=\"_blank\">Pia Kauman<\/a> kirjoittelut juutalaisista <a href=\"https:\/\/x.com\/PiaKauma\/status\/2095390110342644106\" rel=\"noopener nofollow\">viestipalvelu X:ss\u00e4<\/a> ovat her\u00e4tt\u00e4neet \u00e4rsytyst\u00e4 muissa hallituspuolueissa.<\/p>\n<p class=\"paragraph\">Kauma jakoi palvelussa <a href=\"https:\/\/www.hs.fi\/kirjeenvaihtajat\/art-2000012129385.html\" rel=\"noopener nofollow\" target=\"_blank\">Helsingin Sanomien<\/a> uutista, jossa juutalaiset nuoret kertovat kokemastaan antisemitismist\u00e4 ja jopa v\u00e4kivallasta.<\/p>\n<p class=\"paragraph\">\u2013 Antisemitismi on vastenmielist\u00e4 ja tuomittavaa. Se meid\u00e4n pit\u00e4isi historiasta muistaa. Kun moni seuraa p\u00e4ivitt\u00e4isi\u00e4 uutiskuvia k\u00e4rsivist\u00e4 Gazan lapsista Israelin pommitusten j\u00e4ljilt\u00e4, niin t\u00e4m\u00e4 varmasti heijastuu siihen, miten juutalaisiin suhtaudutaan, Kauma kirjoitti.<\/p>\n<p class=\"paragraph\">Kauma jatkoi uskovansa, ettei pilkkaamisissa tai p\u00e4\u00e4llek\u00e4ymisiss\u00e4 ole kyse juutalaisvihasta, vaan siit\u00e4, mit\u00e4 ihmiset n\u00e4kev\u00e4t uutiskuvista Israelin toiminnasta Gazassa ja L\u00e4nsirannalla.<\/p>\n<p class=\"paragraph\">My\u00f6hemmin Kauma t\u00e4ydensi viesti\u00e4\u00e4n kirjoittamalla, etteiv\u00e4t suomalaiset juutalaiset tai heid\u00e4n lapsensa ole vastuussa Israelin politiikasta.<\/p>\n<p>KD-pomo kyseenalaistaa<\/p>\n<p class=\"paragraph\">Kristillisdemokraattien eduskuntaryhm\u00e4n puheenjohtaja <a href=\"https:\/\/www.iltalehti.fi\/henkilot\/Peter \u00d6stman\" class=\"article-link-person-page\" rel=\"nofollow noopener\" target=\"_blank\">Peter \u00d6stman<\/a> h\u00e4mm\u00e4stelee Kauman johtop\u00e4\u00e4t\u00f6st\u00e4.<\/p>\n<p class=\"paragraph\">\u2013 H\u00e4n ik\u00e4\u00e4n kuin osoitti ymm\u00e4rryst\u00e4 sit\u00e4 kohtaan, ett\u00e4 n\u00e4it\u00e4 juutalaislapsia kiusataan t\u00e4\u00e4ll\u00e4 Suomessa siit\u00e4 syyst\u00e4, ett\u00e4 L\u00e4hi-id\u00e4ss\u00e4 k\u00e4yd\u00e4\u00e4n sotaa, joka on ollut k\u00e4ynniss\u00e4 vuosikymmeni\u00e4, \u00d6stman sanoo Iltalehdelle.<\/p>\n<p class=\"paragraph\">\u2013 En nyt saanut oikein kiinni siit\u00e4 Pian ajattelusta. Kyll\u00e4 se haisee t\u00e4llaiselta kaksoisstandardilta, ett\u00e4 aina kun kyse on juutalaisista, niin sitten ihmiset katsovat, ett\u00e4 heill\u00e4 on oikeus ajatella t\u00e4ll\u00e4 tavoin kuin Pia nyt ajatteli, h\u00e4n jatkaa.<\/p>\n<p class=\"paragraph\">Eduskunnan Israel-yst\u00e4vyysryhm\u00e4n puheenjohtaja \u00d6stman sanoo, ettei halua l\u00e4hte\u00e4 tapauksessa tuomariksi.<\/p>\n<p>Kristillisdemokraattien ryhm\u00e4njohtaja \u00d6stman puhuu kaksoisstandardeista.  MIKKO HUISKO<\/p>\n<p class=\"paragraph\">\u2013 Kyseenalaistan ja ihmettelen, ett\u00e4 hallituspuolueen edustaja kaikkien n\u00e4iden rasismikeskustelujen j\u00e4lkeen esitt\u00e4\u00e4 tuollaisia pohdintoja kuin h\u00e4n teki.<\/p>\n<p class=\"paragraph\">\u00d6stman kertoo laittaneensa asiasta tekstiviestitse huomautuksen muiden hallituspuolueiden ryhm\u00e4njohtajille.<\/p>\n<p class=\"paragraph\">\u2013 Ett\u00e4 onko todella ok ajatella n\u00e4in, ett\u00e4 ik\u00e4\u00e4n kuin juutalaisviha Suomessa asuvia juutalaisia kohtaan on ymm\u00e4rrett\u00e4v\u00e4\u00e4 ja hyv\u00e4ksytt\u00e4v\u00e4\u00e4?<\/p>\n<p class=\"paragraph\">Laajempaa asiaa \u00d6stman ei Kauman kirjoitteluista halua tehd\u00e4.<\/p>\n<p class=\"paragraph\">\u2013 T\u00e4m\u00e4 on kyll\u00e4 sellainen asia, mist\u00e4 me varmaan voimme keskustella my\u00f6skin kahden kesken.<\/p>\n<p>M\u00e4kel\u00e4lt\u00e4 suorat sanat<\/p>\n<p class=\"paragraph\">Kauman kirjoittelua ihmettelee my\u00f6s perussuomalaisten eduskuntaryhm\u00e4n puheenjohtaja <a href=\"https:\/\/www.iltalehti.fi\/henkilot\/Jani M\u00e4kel\u00e4\" class=\"article-link-person-page\" rel=\"nofollow noopener\" target=\"_blank\">Jani M\u00e4kel\u00e4<\/a>, jonka mukaan asia on her\u00e4tt\u00e4nyt keskustelua hallituspuolueissa.<\/p>\n<p class=\"paragraph\">\u2013 Kyll\u00e4 se on her\u00e4tt\u00e4nyt keskustelua siit\u00e4 syyst\u00e4, ett\u00e4 p\u00e4ivityksen voi tulkita puolustavan tai ainakin ymm\u00e4rt\u00e4v\u00e4n juutalaisvihamielisyytt\u00e4 sill\u00e4 perusteella, mit\u00e4 Israel tekee, M\u00e4kel\u00e4 sanoo.<\/p>\n<p class=\"paragraph\">\u2013 Se on sellainen n\u00e4kemys, mit\u00e4 ei toivoisi kyll\u00e4 esitett\u00e4v\u00e4n. Ei sellaisella voi sit\u00e4 perustella, h\u00e4n jatkaa.<\/p>\n<p>M\u00e4kel\u00e4 ihmettelee Kauman kirjoituksia, mutta sanoo loukkaantumista \u201dvasemmiston hommaksi\u201d.  Jenni G\u00e4stgivar<\/p>\n<p class=\"paragraph\">M\u00e4kel\u00e4n mukaan aiheesta on k\u00e4yty v\u00e4hint\u00e4\u00e4n ep\u00e4virallista keskustelua ryhm\u00e4njohtajien v\u00e4lill\u00e4.<\/p>\n<p class=\"paragraph\">\u2013 En tied\u00e4 virallisemmasta keskustelusta, mutta on siit\u00e4 muutama ajatus varmasti vaihdettu.<\/p>\n<p class=\"paragraph\">Asiaan liittyen on tullut M\u00e4kel\u00e4n mukaan kommentteja erilaisilta edustajilta. M\u00e4kel\u00e4 sanoo, ettei itse osaa suuttua asiasta.<\/p>\n<p class=\"paragraph\">\u2013 Se on enemm\u00e4n vasemmiston hommia tuo loukkaantuminen ja suuttuminen, mutta en pid\u00e4 kuitenkaan harkittuna sit\u00e4 kommenttia.<\/p>\n<p>Kauma pahoittelee<\/p>\n<p class=\"paragraph\">Iltalehti tavoitti my\u00f6s Kauman, joka sanoo todenneensa jo alkuper\u00e4isess\u00e4 viestiss\u00e4\u00e4n, kuinka tuomittavaa on kaikenlainen juutalaisten vainoaminen.<\/p>\n<p class=\"paragraph\">\u2013 Ja tietenkin tuomittavaa on my\u00f6skin t\u00e4m\u00e4 toiminta n\u00e4it\u00e4 nuoria vastaan, mit\u00e4 siell\u00e4 juutalaisessa koulussa on tapahtunut.<\/p>\n<p class=\"paragraph\">Kauma sanoo olettaneensa, ett\u00e4 ajatus tulisi \u201dp\u00e4iv\u00e4nselv\u00e4ksi\u201d jo alkuper\u00e4isest\u00e4 viestist\u00e4, mutta osa tulkitsikin viesti\u00e4 huonolla tavalla.<\/p>\n<p class=\"paragraph\">\u2013 Olen tosi pahoillani siit\u00e4, ett\u00e4 viestist\u00e4ni on voinut saada v\u00e4\u00e4r\u00e4n kuvan, Kauma sanoo.<\/p>\n<p class=\"paragraph\">\u2013 Tviitit ovat aina lyhyit\u00e4 viestej\u00e4, ja sen takia joskus tulee n\u00e4it\u00e4 v\u00e4\u00e4rink\u00e4sityksi\u00e4.<\/p>\n<p class=\"paragraph\">Kauman mukaan h\u00e4n ei ole k\u00e4ynyt asiasta keskustelua kokoomuksen eduskuntaryhm\u00e4n puheenjohtajan <a href=\"https:\/\/www.iltalehti.fi\/henkilot\/Jukka Kopra\" class=\"article-link-person-page\" rel=\"nofollow noopener\" target=\"_blank\">Jukka Kopran<\/a> tai muiden hallituspuolueiden ryhm\u00e4njohtajien kanssa.<\/p>\n<p class=\"paragraph\">Kopra kielt\u00e4ytyi kommentoimasta asiaa Iltalehdelle.<\/p>\n","protected":false},"excerpt":{"rendered":"Kansanedustaja Pia Kauma (kok) pohti sosiaalisessa mediassa juutalaisten kokemaa v\u00e4kivaltaa ja antisemitismi\u00e4. Perussuomalaiset ja kristillisdemokraatit \u00e4rsyyntyiv\u00e4t heti. Pia&hellip;\n","protected":false},"author":2,"featured_media":341768,"comment_status":"","ping_status":"","sticky":false,"template":"","format":"standard","meta":{"footnotes":"","_share_on_mastodon":"0"},"categories":[12],"tags":[35,22,23,26,27,33,31,30,17,24,25,28,29,15,18,21,637,886,888,885,887,32,19,20,16],"class_list":["post-341767","post","type-post","status-publish","format-standard","has-post-thumbnail","category-suomi","tag-24h","tag-breaking-news","tag-breakingnews","tag-featured-news","tag-featurednews","tag-fi","tag-finland","tag-finnish","tag-headlines","tag-latest-news","tag-latestnews","tag-main-news","tag-mainnews","tag-news","tag-otsikot","tag-paauutiset","tag-politiikka","tag-puolueet","tag-suomalaiset-poliitikot","tag-suomen-poliittiset-puolueet","tag-suomen-politiikka","tag-suomi","tag-top-stories","tag-topstories","tag-uutiset"],"share_on_mastodon":{"url":"https:\/\/pubeurope.com\/@fi\/117215929098439416","error":""},"_links":{"self":[{"href":"https:\/\/www.europesays.com\/fi\/wp-json\/wp\/v2\/posts\/341767","targetHints":{"allow":["GET"]}}],"collection":[{"href":"https:\/\/www.europesays.com\/fi\/wp-json\/wp\/v2\/posts"}],"about":[{"href":"https:\/\/www.europesays.com\/fi\/wp-json\/wp\/v2\/types\/post"}],"author":[{"embeddable":true,"href":"https:\/\/www.europesays.com\/fi\/wp-json\/wp\/v2\/users\/2"}],"replies":[{"embeddable":true,"href":"https:\/\/www.europesays.com\/fi\/wp-json\/wp\/v2\/comments?post=341767"}],"version-history":[{"count":0,"href":"https:\/\/www.europesays.com\/fi\/wp-json\/wp\/v2\/posts\/341767\/revisions"}],"wp:featuredmedia":[{"embeddable":true,"href":"https:\/\/www.europesays.com\/fi\/wp-json\/wp\/v2\/media\/341768"}],"wp:attachment":[{"href":"https:\/\/www.europesays.com\/fi\/wp-json\/wp\/v2\/media?parent=341767"}],"wp:term":[{"taxonomy":"category","embeddable":true,"href":"https:\/\/www.europesays.com\/fi\/wp-json\/wp\/v2\/categories?post=341767"},{"taxonomy":"post_tag","embeddable":true,"href":"https:\/\/www.europesays.com\/fi\/wp-json\/wp\/v2\/tags?post=341767"}],"curies":[{"name":"wp","href":"https:\/\/api.w.org\/{rel}","templated":true}]}}