{"id":341771,"date":"2026-09-05T02:10:18","date_gmt":"2026-09-05T02:10:18","guid":{"rendered":"https:\/\/www.europesays.com\/fi\/341771\/"},"modified":"2026-09-05T02:10:18","modified_gmt":"2026-09-05T02:10:18","slug":"assien-petteri-riihinen-ja-sportin-lari-heikkinen-ylsivat-viime-kauden-maalimaaraansa-jo-syyskuun-neljantena-paivana-urheilu","status":"publish","type":"post","link":"https:\/\/www.europesays.com\/fi\/341771\/","title":{"rendered":"\u00c4ssien Petteri Riihinen ja Sportin Lari Heikkinen ylsiv\u00e4t viime kauden maalim\u00e4\u00e4r\u00e4\u00e4ns\u00e4 jo syyskuun nelj\u00e4nten\u00e4 p\u00e4iv\u00e4n\u00e4 | Urheilu"},"content":{"rendered":"<p>Porin \u00c4ss\u00e4t hurjistui j\u00e4\u00e4kiekkoliigan kotiavauksessaan maali-ilotteluun ja jyr\u00e4si Tampereen Ilveksen per\u00e4ti 5\u20131.<\/p>\n<p>Lopputulos oli varsin yll\u00e4tt\u00e4v\u00e4, sill\u00e4 Ilves oli nollannut tiistain avausottelussaan Lukon 2\u20130, kun taas \u00c4ss\u00e4t taipui K\u00e4rpille 1\u20133. Perjantaina \u00c4ss\u00e4t tarjosi kuitenkin herkkua porilaisyleis\u00f6lle heti avauser\u00e4st\u00e4 alkaen.<\/p>\n<p>Viime kev\u00e4\u00e4n sensaationimi Sakari Kostilainen avasi patapaitojen maalitilin, mutta seuraava maalintekij\u00e4 yll\u00e4tti todella. Puolustaja Petteri Riihinen teki 2\u20130-maalin alivoimalla ja lis\u00e4si toisessa er\u00e4ss\u00e4 \u00c4ssien johdon jo 3\u20130:aan.<\/p>\n<p>M\u00e4nts\u00e4l\u00e4n J\u00e4\u00e4-Tiikerien kasvatti Riihinen, 25, nousi sivuamaan tuttua maalim\u00e4\u00e4r\u00e4\u00e4ns\u00e4 jo kauden toisessa peliss\u00e4. Pelicansin kautta Poriin saapuneen puolustajan maalisaldo oli kaksi my\u00f6s my\u00f6s kausina 2022\u20132023, 2023\u20132024, 2024\u20132025 ja 2025\u20132026.<\/p>\n<p>\u00c4ssien kanadalaisvahvistus Alexandre Doucet teki Ilvest\u00e4 vastaan tehot 1+2. Ilveksen Luke Henman pilasi loppuhetkill\u00e4 \u00c4ssien torjujan Jan Bednarin nollapelitoiveen.<\/p>\n<p>My\u00f6s Vaasan Sportin tehomies yll\u00e4tti perjantaina. Sportin nelosketjun laituri Lari Heikkinen teki joukkueelleen kaksi maalia, mutta ne eiv\u00e4t tuoneet joukkueelle pisteit\u00e4 Lahden Pelicansin vieraana.<\/p>\n<p>Heikkinen teki viime kaudella Jukureissa kaksi maalia.<\/p>\n<p>Pelicans otti kauden avauspeliss\u00e4\u00e4n t\u00e4ydet pisteet. Joukkue karkasi avauser\u00e4ss\u00e4 4\u20130-johtoon ja sinet\u00f6i viimeisell\u00e4 minuutilla 6\u20133-voittonsa, kun maaleista kaksi syntyi tyhj\u00e4\u00e4n Sport-rys\u00e4\u00e4n.<\/p>\n<p>\t\t\t\tHIFK:n kotikiri puri<\/p>\n<p>Heikkisen entisen seuran Jukurien kauden aloitus on ollut murheellinen. Jukurit h\u00e4visi avausottelunsa HPK:lle 1\u20134, ja perjantaina KalPa tylytti mikkelil\u00e4isjoukkuetta 4\u20130.<\/p>\n<p>KalPalle voitto oli kauden ensimm\u00e4inen. Konsta Kapanen iski kuopiolaisis\u00e4nnille kaksi maalia.<\/p>\n<p>Jukurien maalivahti Jesper Myrenberg torjui vain 12 laukausta, joten h\u00e4nen torjuntaprosenttinsa oli 75. KalPan nollapelivahdille Stefanos Lekkasille torjuntoja kertyi 17.<\/p>\n<p>Helsingin IFK avasi kautensa my\u00f6h\u00e4isottelussa 5\u20133-kotivoitolla HPK:sta. HPK johti ottelua viel\u00e4 kahdeksan minuuttia ennen loppua 3\u20132, mutta Daniel M\u00e4kiahon tasoitus ja Eetu Liukkaan kaksi osumaa k\u00e4\u00e4nsiv\u00e4t pelin HIFK:lle.<\/p>\n<p>HPK:n Sami P\u00e4iv\u00e4rinta (1+1) vankisti paikkaansa pistep\u00f6rssin k\u00e4rjess\u00e4. Sentteri on tehnyt kahteen otteluun komeat yhteispisteet 4+2.<\/p>\n<p>Liiga jatkuu lauantaina viidell\u00e4 ottelulla. JYP avaa sarjan viimeisen\u00e4 joukkueena kautensa kohtaamalla K\u00e4rp\u00e4t.<\/p>\n","protected":false},"excerpt":{"rendered":"Porin \u00c4ss\u00e4t hurjistui j\u00e4\u00e4kiekkoliigan kotiavauksessaan maali-ilotteluun ja jyr\u00e4si Tampereen Ilveksen per\u00e4ti 5\u20131. Lopputulos oli varsin yll\u00e4tt\u00e4v\u00e4, sill\u00e4 Ilves&hellip;\n","protected":false},"author":2,"featured_media":341772,"comment_status":"","ping_status":"","sticky":false,"template":"","format":"standard","meta":{"footnotes":"","_share_on_mastodon":"0"},"categories":[158],"tags":[33,31,30,9060,1143,2935,41,1146,8750,159,32,1145,160],"class_list":["post-341771","post","type-post","status-publish","format-standard","has-post-thumbnail","category-urheilu","tag-fi","tag-finland","tag-finnish","tag-hpk","tag-jaakiekko","tag-kalpa","tag-liikunta-ja-urheilu","tag-miesten-jaakiekko","tag-pelicans","tag-sports","tag-suomi","tag-talviurheilu","tag-urheilu"],"share_on_mastodon":{"url":"https:\/\/pubeurope.com\/@fi\/117216007158670161","error":""},"_links":{"self":[{"href":"https:\/\/www.europesays.com\/fi\/wp-json\/wp\/v2\/posts\/341771","targetHints":{"allow":["GET"]}}],"collection":[{"href":"https:\/\/www.europesays.com\/fi\/wp-json\/wp\/v2\/posts"}],"about":[{"href":"https:\/\/www.europesays.com\/fi\/wp-json\/wp\/v2\/types\/post"}],"author":[{"embeddable":true,"href":"https:\/\/www.europesays.com\/fi\/wp-json\/wp\/v2\/users\/2"}],"replies":[{"embeddable":true,"href":"https:\/\/www.europesays.com\/fi\/wp-json\/wp\/v2\/comments?post=341771"}],"version-history":[{"count":0,"href":"https:\/\/www.europesays.com\/fi\/wp-json\/wp\/v2\/posts\/341771\/revisions"}],"wp:featuredmedia":[{"embeddable":true,"href":"https:\/\/www.europesays.com\/fi\/wp-json\/wp\/v2\/media\/341772"}],"wp:attachment":[{"href":"https:\/\/www.europesays.com\/fi\/wp-json\/wp\/v2\/media?parent=341771"}],"wp:term":[{"taxonomy":"category","embeddable":true,"href":"https:\/\/www.europesays.com\/fi\/wp-json\/wp\/v2\/categories?post=341771"},{"taxonomy":"post_tag","embeddable":true,"href":"https:\/\/www.europesays.com\/fi\/wp-json\/wp\/v2\/tags?post=341771"}],"curies":[{"name":"wp","href":"https:\/\/api.w.org\/{rel}","templated":true}]}}