{"id":341773,"date":"2026-09-05T02:11:15","date_gmt":"2026-09-05T02:11:15","guid":{"rendered":"https:\/\/www.europesays.com\/fi\/341773\/"},"modified":"2026-09-05T02:11:15","modified_gmt":"2026-09-05T02:11:15","slug":"carla-jeffery-on-kuollut","status":"publish","type":"post","link":"https:\/\/www.europesays.com\/fi\/341773\/","title":{"rendered":"Carla Jeffery on kuollut"},"content":{"rendered":"<p>Carla Jeffery aloitti n\u00e4yttelemisen 12-vuotiaana.<\/p>\n<p><img decoding=\"async\" class=\"image image-show image-preview\" src=\"https:\/\/www.europesays.com\/fi\/wp-content\/uploads\/2026\/09\/986519e9ef34d6a44969b0eaade6e4fe214c5f014ef4bc79c1f5858fd9fe3258.jpg\" alt=\"\"\/><img decoding=\"async\" class=\"image image-show\" src=\"https:\/\/www.europesays.com\/fi\/wp-content\/uploads\/2026\/09\/1788574275_768_986519e9ef34d6a44969b0eaade6e4fe214c5f014ef4bc79c1f5858fd9fe3258.jpg\" alt=\"\"\/><\/p>\n<p>Carla Jeffery on kuollut. AOP<\/p>\n<p class=\"paragraph\">Entinen Disneylt\u00e4 tuttu lapsit\u00e4hti <strong>Carla Jeffery<\/strong> on kuollut 33-vuotiaana, kertovat ulkomaiset uutismediat. Yhdysvaltalaisen n\u00e4yttelij\u00e4n edustaja kertoi h\u00e4nen kuolleen tiistaina ja julkisti asian <a href=\"https:\/\/www.instagram.com\/p\/DczAdUAkjol\/\" rel=\"noopener nofollow\" target=\"_blank\">Instagram-julkaisun<\/a> kautta.<\/p>\n<p class=\"paragraph\">\u2013 Syd\u00e4memme s\u00e4rkyy, kun suremme Carla Jefferyn kuolemaa. N\u00e4imme h\u00e4nen kasvavan lahjakkaasta nuoresta tyt\u00f6st\u00e4 kauniiksi el\u00e4v\u00e4iseksi naiseksi ja n\u00e4yttelij\u00e4ksi, edustaja kirjoittaa.<\/p>\n<p class=\"paragraph\">Kuolinsyyt\u00e4 ei ole kerrottu julkisuuteen, kertoo <a href=\"https:\/\/pagesix.com\/2026\/09\/02\/celebrity-news\/former-disney-star-carla-jeffery-dead-at-33\/\" rel=\"noopener nofollow\" target=\"_blank\">Page Six<\/a>.<\/p>\n<p class=\"paragraph\">Vuonna 1993 syntynyt Carla Jeffery tunnetaan erityisesti roolistaan Disney Channelin Zombies-elokuvissa. H\u00e4n n\u00e4ytteli elokuvissa Bree-nimist\u00e4 cheerleaderia. H\u00e4n aloitti lapsin\u00e4yttelij\u00e4n\u00e4 12-vuotiaana Phat Girlz -elokuvassa (2006)ja jatkoi uraansa kuolemaansa asti. H\u00e4n on n\u00e4ytellyt muun muassa tv-sarjoissa American Vandal ja my\u00f6s tehnyt \u00e4\u00e4nin\u00e4yttelemist\u00e4.<\/p>\n<p class=\"paragraph\">My\u00f6s Carla Jefferyn kaksoisveli <strong>Carlon<\/strong> p\u00e4\u00e4tyi n\u00e4yttelij\u00e4ksi Disney Channelille.<\/p>\n<p><script async src=\"\/\/www.instagram.com\/embed.js\"><\/script><\/p>\n","protected":false},"excerpt":{"rendered":"Carla Jeffery aloitti n\u00e4yttelemisen 12-vuotiaana. Carla Jeffery on kuollut. AOP Entinen Disneylt\u00e4 tuttu lapsit\u00e4hti Carla Jeffery on kuollut&hellip;\n","protected":false},"author":2,"featured_media":341774,"comment_status":"","ping_status":"","sticky":false,"template":"","format":"standard","meta":{"footnotes":"","_share_on_mastodon":"0"},"categories":[130],"tags":[35,153,155,137,33,31,30,1616,718,154,32,140,156,109],"class_list":["post-341773","post","type-post","status-publish","format-standard","has-post-thumbnail","category-viihde","tag-24h","tag-audiovisuaalinen-media","tag-elokuvat","tag-entertainment","tag-fi","tag-finland","tag-finnish","tag-media-viestinta","tag-nayttamotaide","tag-nayttelijat-teatteri","tag-suomi","tag-tv-ja-elokuvat","tag-tv","tag-viihde"],"share_on_mastodon":{"url":"https:\/\/pubeurope.com\/@fi\/117216011276408530","error":""},"_links":{"self":[{"href":"https:\/\/www.europesays.com\/fi\/wp-json\/wp\/v2\/posts\/341773","targetHints":{"allow":["GET"]}}],"collection":[{"href":"https:\/\/www.europesays.com\/fi\/wp-json\/wp\/v2\/posts"}],"about":[{"href":"https:\/\/www.europesays.com\/fi\/wp-json\/wp\/v2\/types\/post"}],"author":[{"embeddable":true,"href":"https:\/\/www.europesays.com\/fi\/wp-json\/wp\/v2\/users\/2"}],"replies":[{"embeddable":true,"href":"https:\/\/www.europesays.com\/fi\/wp-json\/wp\/v2\/comments?post=341773"}],"version-history":[{"count":0,"href":"https:\/\/www.europesays.com\/fi\/wp-json\/wp\/v2\/posts\/341773\/revisions"}],"wp:featuredmedia":[{"embeddable":true,"href":"https:\/\/www.europesays.com\/fi\/wp-json\/wp\/v2\/media\/341774"}],"wp:attachment":[{"href":"https:\/\/www.europesays.com\/fi\/wp-json\/wp\/v2\/media?parent=341773"}],"wp:term":[{"taxonomy":"category","embeddable":true,"href":"https:\/\/www.europesays.com\/fi\/wp-json\/wp\/v2\/categories?post=341773"},{"taxonomy":"post_tag","embeddable":true,"href":"https:\/\/www.europesays.com\/fi\/wp-json\/wp\/v2\/tags?post=341773"}],"curies":[{"name":"wp","href":"https:\/\/api.w.org\/{rel}","templated":true}]}}