{"id":341779,"date":"2026-09-05T02:15:09","date_gmt":"2026-09-05T02:15:09","guid":{"rendered":"https:\/\/www.europesays.com\/fi\/341779\/"},"modified":"2026-09-05T02:15:09","modified_gmt":"2026-09-05T02:15:09","slug":"trump-vaittaa-pelastaneensa-britannian-ydiniskulta","status":"publish","type":"post","link":"https:\/\/www.europesays.com\/fi\/341779\/","title":{"rendered":"Trump v\u00e4itt\u00e4\u00e4 pelastaneensa Britannian ydiniskulta"},"content":{"rendered":"<p>Yhdysvaltain presidentti Donald Trump antoi haastattelun brittil\u00e4iselle GB Newsille.<\/p>\n<p><img decoding=\"async\" class=\"image image-show image-preview\" src=\"https:\/\/www.europesays.com\/fi\/wp-content\/uploads\/2026\/09\/7d257bac790b54f01a38ec07bd837657c227c158853acaed27338041f4d38f1c.jpg\" alt=\"\"\/><img decoding=\"async\" class=\"image image-show\" src=\"https:\/\/www.europesays.com\/fi\/wp-content\/uploads\/2026\/09\/1788574509_967_7d257bac790b54f01a38ec07bd837657c227c158853acaed27338041f4d38f1c.jpg\" alt=\"\"\/><\/p>\n<p>Yhdysvaltain presidentti Donald Trump moittii j\u00e4lleen Britanniaa. ZumaWire \/ MVPHOTOS<\/p>\n<p class=\"paragraph\">Yhdysvaltain presidentti <a href=\"https:\/\/www.iltalehti.fi\/henkilot\/Donald Trump\" class=\"article-link-person-page\" rel=\"nofollow noopener\" target=\"_blank\">Donald Trump<\/a> v\u00e4itt\u00e4\u00e4, ett\u00e4 h\u00e4n \u201dpelasti\u201d Britannian ydiniskulta.<\/p>\n<p class=\"paragraph\">N\u00e4in Trump v\u00e4itt\u00e4\u00e4 tehneens\u00e4 hy\u00f6kk\u00e4\u00e4m\u00e4ll\u00e4 Iraniin. Asiasta kertovat muun muassa <a href=\"https:\/\/www.dailymail.com\/news\/article-16103563\/Donald-Trump-saved-UK-nuclear-attack-war-Iran.html\" target=\"_blank\" rel=\"noopener nofollow\">The Daily Mail<\/a> ja <a href=\"https:\/\/www.independent.co.uk\/news\/uk\/politics\/trump-saving-uk-nuclear-attack-iran-war-b3044685.html\" target=\"_blank\" rel=\"noopener nofollow\">The Independent<\/a>.<\/p>\n<p class=\"paragraph\">\u2013 Jos Iranilla olisi ydinase, he k\u00e4ytt\u00e4isiv\u00e4t sit\u00e4 todenn\u00e4k\u00f6isemmin Euroopassa, Trump sanoo brittil\u00e4isen GB Newsin haastattelussa.<\/p>\n<p class=\"paragraph\">\u2013 Pelastan my\u00f6s teid\u00e4n maanne t\u00e4lt\u00e4 uhalta, koska he k\u00e4ytt\u00e4isiv\u00e4t sit\u00e4.<\/p>\n<p class=\"paragraph\">Trump on perustellut Yhdysvaltojen hy\u00f6kk\u00e4yst\u00e4 Iraniin muun muassa sill\u00e4, ett\u00e4 h\u00e4n haluaa est\u00e4\u00e4 Irania hankkimasta ydinasetta.<\/p>\n<p class=\"paragraph\">Jotkut asiantuntijat arvioivat, ett\u00e4 sodan vuoksi Iran tahtoo kehitt\u00e4\u00e4 ydinaseen entist\u00e4 p\u00e4\u00e4tt\u00e4v\u00e4isemmin.<\/p>\n<p class=\"paragraph\">Yhdysvallat on k\u00e4ynnist\u00e4nyt kaksi merkitt\u00e4v\u00e4\u00e4 sotilasoperaatiota Irania vastaan kesken neuvottelujen presidentti Trumpin toisella kaudella: kes\u00e4ll\u00e4 <a href=\"https:\/\/www.iltalehti.fi\/ulkomaat\/cd50ff39-10b6-4ea4-993d-5fcf0d475e6e\" rel=\"nofollow noopener\" target=\"_blank\">2025<\/a> ja kev\u00e4\u00e4ll\u00e4 <a href=\"https:\/\/www.iltalehti.fi\/ulkomaat\/0cbb64ab-9626-4496-a676-d464f5c8d091\" rel=\"nofollow noopener\" target=\"_blank\">2026<\/a>.<\/p>\n<p class=\"paragraph\">Joidenkin asiantuntijoiden mukaan Iranin johto arvioi nyt, ett\u00e4 vain ydinpelote voisi suojella sit\u00e4 uusilta hy\u00f6kk\u00e4yksilt\u00e4.<\/p>\n<p class=\"paragraph\">Virallisesti Iran kiist\u00e4\u00e4, ett\u00e4 se yritt\u00e4isi kehitt\u00e4\u00e4 ydinasetta.<\/p>\n<p class=\"paragraph\">Haastattelussa Trump moittii Britanniaa j\u00e4lleen siit\u00e4, ett\u00e4 se ei rient\u00e4nyt osallistumaan hy\u00f6kk\u00e4ykseen. Britannia on l\u00e4hett\u00e4nyt L\u00e4hi-it\u00e4\u00e4n joukkoja ja kalustoa, mutta ne keskittyv\u00e4t liittolaismaiden puolustamiseen eiv\u00e4tk\u00e4 tee iskuja Irania vastaan.<\/p>\n","protected":false},"excerpt":{"rendered":"Yhdysvaltain presidentti Donald Trump antoi haastattelun brittil\u00e4iselle GB Newsille. Yhdysvaltain presidentti Donald Trump moittii j\u00e4lleen Britanniaa. ZumaWire \/&hellip;\n","protected":false},"author":2,"featured_media":341780,"comment_status":"","ping_status":"","sticky":false,"template":"","format":"standard","meta":{"footnotes":"","_share_on_mastodon":"0"},"categories":[14],"tags":[35,22,23,26,27,33,31,30,17,24,25,28,29,15,18,21,142,637,144,32,19,20,56,16,638,59,60,61,143],"class_list":["post-341779","post","type-post","status-publish","format-standard","has-post-thumbnail","category-ulkomaat","tag-24h","tag-breaking-news","tag-breakingnews","tag-featured-news","tag-featurednews","tag-fi","tag-finland","tag-finnish","tag-headlines","tag-latest-news","tag-latestnews","tag-main-news","tag-mainnews","tag-news","tag-otsikot","tag-paauutiset","tag-poliitikot","tag-politiikka","tag-presidentti","tag-suomi","tag-top-stories","tag-topstories","tag-ulkomaat","tag-uutiset","tag-valtiovalta","tag-world","tag-world-news","tag-worldnews","tag-yhdysvaltain-politiikka"],"share_on_mastodon":{"url":"","error":""},"_links":{"self":[{"href":"https:\/\/www.europesays.com\/fi\/wp-json\/wp\/v2\/posts\/341779","targetHints":{"allow":["GET"]}}],"collection":[{"href":"https:\/\/www.europesays.com\/fi\/wp-json\/wp\/v2\/posts"}],"about":[{"href":"https:\/\/www.europesays.com\/fi\/wp-json\/wp\/v2\/types\/post"}],"author":[{"embeddable":true,"href":"https:\/\/www.europesays.com\/fi\/wp-json\/wp\/v2\/users\/2"}],"replies":[{"embeddable":true,"href":"https:\/\/www.europesays.com\/fi\/wp-json\/wp\/v2\/comments?post=341779"}],"version-history":[{"count":0,"href":"https:\/\/www.europesays.com\/fi\/wp-json\/wp\/v2\/posts\/341779\/revisions"}],"wp:featuredmedia":[{"embeddable":true,"href":"https:\/\/www.europesays.com\/fi\/wp-json\/wp\/v2\/media\/341780"}],"wp:attachment":[{"href":"https:\/\/www.europesays.com\/fi\/wp-json\/wp\/v2\/media?parent=341779"}],"wp:term":[{"taxonomy":"category","embeddable":true,"href":"https:\/\/www.europesays.com\/fi\/wp-json\/wp\/v2\/categories?post=341779"},{"taxonomy":"post_tag","embeddable":true,"href":"https:\/\/www.europesays.com\/fi\/wp-json\/wp\/v2\/tags?post=341779"}],"curies":[{"name":"wp","href":"https:\/\/api.w.org\/{rel}","templated":true}]}}