{"id":341781,"date":"2026-09-05T02:16:14","date_gmt":"2026-09-05T02:16:14","guid":{"rendered":"https:\/\/www.europesays.com\/fi\/341781\/"},"modified":"2026-09-05T02:16:14","modified_gmt":"2026-09-05T02:16:14","slug":"helsinkilaisessa-koulussa-rajaytettiin-pullopommi","status":"publish","type":"post","link":"https:\/\/www.europesays.com\/fi\/341781\/","title":{"rendered":"Helsinkil\u00e4isess\u00e4 koulussa r\u00e4j\u00e4ytettiin pullopommi"},"content":{"rendered":"<p>R\u00e4j\u00e4hdys ei aiheuttanut henkil\u00f6vahinkoja. <\/p>\n<p><img decoding=\"async\" class=\"image image-show image-preview\" src=\"https:\/\/www.europesays.com\/fi\/wp-content\/uploads\/2026\/09\/25b4cfbe3124f733c1a73dc1b92985fa3f6868f8454d9af46c284c1ccec0e510.jpg\" alt=\"\"\/><img decoding=\"async\" class=\"image image-show\" src=\"https:\/\/www.europesays.com\/fi\/wp-content\/uploads\/2026\/09\/1788574574_506_25b4cfbe3124f733c1a73dc1b92985fa3f6868f8454d9af46c284c1ccec0e510.jpg\" alt=\"\"\/><\/p>\n<p>Poliisi evakuoi perjantaina koulurakennuksen Roihuvuoressa. Inka Soveri<\/p>\n<p class=\"paragraph\">Helsingin Roihuvuoressa sijaitsevassa Porolahden peruskoulussa r\u00e4j\u00e4ytettiin perjantaina pullopommi.<\/p>\n<p class=\"paragraph\">Poliisi sai asiasta h\u00e4t\u00e4keskuksen kautta ilmoituksen aamuyhdeks\u00e4n j\u00e4lkeen.<\/p>\n<p class=\"paragraph\">Paikan p\u00e4\u00e4ll\u00e4 k\u00e4vi ilmi, ett\u00e4 koulun sis\u00e4tiloissa porrastasanteella oli r\u00e4j\u00e4ytetty yksi puolen litran muovipullo. Poliisi evakuoi oppilaat ulos rakennuksesta poliisin ty\u00f6skentelyn ajaksi.<\/p>\n<p class=\"paragraph\">R\u00e4j\u00e4hdyksest\u00e4 ei aiheutunut henkil\u00f6vahinkoja, ja koulup\u00e4iv\u00e4 jatkui normaalisti.<\/p>\n<p class=\"paragraph\">Tapauksesta on kirjattu rikosilmoitus vaaran aiheuttamisen ja toisen vakavaan vahingoittamiseen soveltuvan esineen tai aineen hallussapidon nimikkeill\u00e4.<\/p>\n<p class=\"paragraph\">Poliisi jatkaa asian selvitt\u00e4mist\u00e4.<\/p>\n","protected":false},"excerpt":{"rendered":"R\u00e4j\u00e4hdys ei aiheuttanut henkil\u00f6vahinkoja. Poliisi evakuoi perjantaina koulurakennuksen Roihuvuoressa. Inka Soveri Helsingin Roihuvuoressa sijaitsevassa Porolahden peruskoulussa r\u00e4j\u00e4ytettiin perjantaina&hellip;\n","protected":false},"author":2,"featured_media":341782,"comment_status":"","ping_status":"","sticky":false,"template":"","format":"standard","meta":{"footnotes":"","_share_on_mastodon":"0"},"categories":[12],"tags":[35,22,23,26,27,33,31,30,17,24,25,28,29,15,18,21,122,54,52,103,32,19,20,546,16],"class_list":["post-341781","post","type-post","status-publish","format-standard","has-post-thumbnail","category-suomi","tag-24h","tag-breaking-news","tag-breakingnews","tag-featured-news","tag-featurednews","tag-fi","tag-finland","tag-finnish","tag-headlines","tag-latest-news","tag-latestnews","tag-main-news","tag-mainnews","tag-news","tag-otsikot","tag-paauutiset","tag-pelastaminen","tag-pelastuspalvelut","tag-poliisi","tag-sosiaalikysymykset","tag-suomi","tag-top-stories","tag-topstories","tag-turvallisuus","tag-uutiset"],"share_on_mastodon":{"url":"https:\/\/pubeurope.com\/@fi\/117216031137471521","error":""},"_links":{"self":[{"href":"https:\/\/www.europesays.com\/fi\/wp-json\/wp\/v2\/posts\/341781","targetHints":{"allow":["GET"]}}],"collection":[{"href":"https:\/\/www.europesays.com\/fi\/wp-json\/wp\/v2\/posts"}],"about":[{"href":"https:\/\/www.europesays.com\/fi\/wp-json\/wp\/v2\/types\/post"}],"author":[{"embeddable":true,"href":"https:\/\/www.europesays.com\/fi\/wp-json\/wp\/v2\/users\/2"}],"replies":[{"embeddable":true,"href":"https:\/\/www.europesays.com\/fi\/wp-json\/wp\/v2\/comments?post=341781"}],"version-history":[{"count":0,"href":"https:\/\/www.europesays.com\/fi\/wp-json\/wp\/v2\/posts\/341781\/revisions"}],"wp:featuredmedia":[{"embeddable":true,"href":"https:\/\/www.europesays.com\/fi\/wp-json\/wp\/v2\/media\/341782"}],"wp:attachment":[{"href":"https:\/\/www.europesays.com\/fi\/wp-json\/wp\/v2\/media?parent=341781"}],"wp:term":[{"taxonomy":"category","embeddable":true,"href":"https:\/\/www.europesays.com\/fi\/wp-json\/wp\/v2\/categories?post=341781"},{"taxonomy":"post_tag","embeddable":true,"href":"https:\/\/www.europesays.com\/fi\/wp-json\/wp\/v2\/tags?post=341781"}],"curies":[{"name":"wp","href":"https:\/\/api.w.org\/{rel}","templated":true}]}}